{"id":38512,"date":"2018-05-04T16:17:42","date_gmt":"2018-05-04T16:17:42","guid":{"rendered":"http:\/\/www.marianagurza.ro\/blog\/?p=38512"},"modified":"2018-05-29T12:16:47","modified_gmt":"2018-05-29T12:16:47","slug":"simina-paun-moise-poeme-4","status":"publish","type":"post","link":"https:\/\/www.marianagurza.ro\/blog\/2018\/05\/04\/simina-paun-moise-poeme-4\/","title":{"rendered":"Simina P\u0102UN-MOISE: Poeme"},"content":{"rendered":"<p style=\"text-align: center;\"><a href=\"http:\/\/www.marianagurza.ro\/blog\/wp-content\/uploads\/2018\/05\/simina.jpg\"><img loading=\"lazy\" decoding=\"async\" class=\"size-medium wp-image-38513\" title=\"simina\" src=\"http:\/\/www.marianagurza.ro\/blog\/wp-content\/uploads\/2018\/05\/simina-300x223.jpg\" alt=\"\" width=\"300\" height=\"223\" srcset=\"https:\/\/www.marianagurza.ro\/blog\/wp-content\/uploads\/2018\/05\/simina-300x223.jpg 300w, https:\/\/www.marianagurza.ro\/blog\/wp-content\/uploads\/2018\/05\/simina.jpg 800w\" sizes=\"auto, (max-width: 300px) 100vw, 300px\" \/><\/a><\/p>\n<p><strong>Te las, condei!<\/strong><\/p>\n<p><strong>\u00a0<\/strong><\/p>\n<p>Condeiul, de mine,<br \/>\nast\u0103zi se desparte.<br \/>\nAm s\u0103 \u00eel rog s\u0103 stea frumos \u00een cui,<br \/>\ns\u0103 stea m\u0103car o vreme mai departe,<br \/>\niar tu, te rog frumos,<br \/>\nnimic s\u0103 nu \u00eemi spui.<br \/>\nNu \u00eencerca s\u0103- mi spui<br \/>\nc\u0103 asta mi-este harul,<br \/>\n\u015fi nici m\u0103car c\u0103 m\u0103 stimezi!<br \/>\nDe vorbe seci \u00eentreg \u00eemi e paharul,<br \/>\na\u015f vrea pe foaia mea, s\u0103 nu mai treci!<br \/>\nCerneal\u0103, nu mai ai o iot\u0103,<br \/>\nnici pentr- o slov\u0103 nu mai pridide\u015fti,<br \/>\na\u015f vrea s\u0103 \u00een\u021belegi peni\u021b\u0103:<br \/>\ncu mine, nu te mai \u00eemprietene\u015fti!<\/p>\n<p>&nbsp;<\/p>\n<p>Iubitul meu condei, prieten,<br \/>\nce p\u00e2n\u0103 ieri pe coal-ai alergat&#8230;.<br \/>\nde astazi s\u0103 te dai \u00een l\u0103turi,<br \/>\nc\u0103ci st\u00e2nd at\u00e2t cu tine,<br \/>\nprietenii, pe to\u021bi i-am dep\u0103rtat!<\/p>\n<p>&nbsp;<\/p>\n<p>\u015ei nici m\u0103car nu-\u021bi cer recuno\u015ftin\u021b\u0103<br \/>\nc\u0103 te- am plimbat prin alte lumi!<br \/>\nDe ast\u0103zi de mi-e cu putin\u021b\u0103,<br \/>\nplec far\u0103 tine, la spitalul de nebuni.<\/p>\n<p>&nbsp;<\/p>\n<p>Iubitul meu condei,<br \/>\nte decupez din palm\u0103,<br \/>\nte- abandonez cu degete cu tot;<br \/>\ndar ce s\u0103 fac s\u0103 mi te scot din suflet,<br \/>\nc\u0103 acolo mi-e\u015fti \u00eenfipt<br \/>\n\u015fi nu \u015ftiu cum s\u0103 fac,<br \/>\ncum s\u0103 te scot.<\/p>\n<p>&nbsp;<\/p>\n<p>C\u0103ci de te scot pe tine,<br \/>\n\u00eemi scot \u015fi sufletul afar\u0103<br \/>\n\u015fi r\u0103m\u00e2n gol \u015fi pustiit.<br \/>\nCondeiule, r\u0103m\u00e2i cu mine!<br \/>\nNoi doi, at\u00e2te- am t\u0103inuit!<\/p>\n<p>&nbsp;<\/p>\n<p><!--more-->R\u0103m\u00e2i s\u0103-\u021bi fiu de ast\u0103zi slug\u0103!<br \/>\nR\u0103m\u00e2i,<br \/>\nc\u0103 te iubesc din ce \u00een ce mai mult!<br \/>\nR\u0103m\u00e2i, condeiul meu<br \/>\n\u00eenaripat din lun\u0103,<br \/>\neu dup\u0103 tine- n lun\u0103,<br \/>\nazi ma mut!<\/p>\n<p>&nbsp;<\/p>\n<p><strong>P\u0103cat ca se \u015fi moare!<\/strong><\/p>\n<p>&nbsp;<\/p>\n<p>Cu to\u021bii ne prefacem<br \/>\nc\u0103 ast\u0103zi ne e bine,<br \/>\ndar sufletele-n noi ,<br \/>\nnu sunt dec\u00e2t ruine.<br \/>\nViforni\u021bele sufletului pl\u00e2ng \u00een cer,<br \/>\nsuntem cuprin\u015fi de un ad\u00e2nc mister,<br \/>\nce ne inund\u0103 inimile,<br \/>\nni le arunc-afar\u0103;<br \/>\nni le c\u0103lc\u0103m ne\u00eencetat pe caldar\u00e2m,<br \/>\nne \u015ftergem pe ele pe picioare.<\/p>\n<p>&nbsp;<\/p>\n<p>Pe un nor, prins cu o s\u00e2rm\u0103,<br \/>\nde-o arip\u0103 de \u00eenger,<br \/>\nsufletele noastre triste ,<br \/>\n\u00eencearc\u0103 s\u0103 se- nc\u00e2nte.<br \/>\n\u00cencearc\u0103 s\u0103 citeasc\u0103,<br \/>\ndincolo de g\u00e2ndul<br \/>\nce le-at\u00e2rn\u0103 de picioare&#8230;<br \/>\nP\u0103cat c\u0103-n lumea asta,<br \/>\ntot ce-i frumos,<br \/>\neste pu\u021bin \u015fi moare!<\/p>\n<p>&nbsp;<\/p>\n<p>Nu \u015ftim de clip\u0103 s\u0103 ne bucur\u0103m!<br \/>\nNe \u00eentrist\u0103m, c\u00e2nd prin spitale,<br \/>\nbolnavi, pe coridoare alerg\u0103m;<br \/>\nc\u00e2nd din r\u0103runchi strig\u0103m:<br \/>\n&#8221; au, doctore ma doare!&#8221;&#8230;<br \/>\nP\u0103cat c\u0103- n lumea asta,<br \/>\ndin c\u00e2nd \u00een c\u00e2nd,<br \/>\nse mai \u015fi moare!<\/p>\n<p>&nbsp;<\/p>\n<p>Frumos se \u00eemplete\u015fte cu ur\u00e2t,<br \/>\ntot ce era pl\u0103cut,<br \/>\na devenit posomor\u00e2t,<br \/>\niubirea-ndoliat\u0103,<br \/>\ni\u015fi pune si ea scutul&#8230;.<br \/>\nCum s\u0103 iube\u015fti,<br \/>\ns\u0103 sim\u021bi c\u0103 mai tr\u0103ie\u015fti,<br \/>\nc\u00e2nd mor copii,<br \/>\nuit\u00e2ndu-se la tine lung<br \/>\n\u015fi a\u015ftept\u00e2nd tu,<br \/>\ns\u0103 le spui pove\u015fti?<br \/>\nCum s\u0103 \u00eei spui copilului<br \/>\nc\u00e2nd sufletul \u015fi-l d\u0103 afar\u0103<br \/>\nc\u0103 nu-l doare?!<br \/>\nP\u0103cat c\u0103-n lumea asta,<br \/>\ntot ce-i frumos,<br \/>\neste pu\u021bin \u015fi moare!<\/p>\n<p>&nbsp;<\/p>\n<p>Ni-s sufletele pribegite,<br \/>\nni-s zilele pu\u021bine<br \/>\n\u015fi alea-ncremenite!<br \/>\nNi- e neputin\u021ba tot mai mare&#8230;.<br \/>\nCe mai putem noi face&#8230;.<br \/>\nP\u0103cat c\u0103- n lumea asta,<br \/>\ndin c\u00e2nd \u00een c\u00e2nd,<br \/>\nse mai \u015fi moare!<\/p>\n<p>&nbsp;<\/p>\n<p>Ni-s sufletele drapele- ndoliate,<br \/>\nne- junghiem unii pe al\u021bii pe la spate.<br \/>\nNu ne vedem lumina din priviri,<br \/>\npe zi ce trece,<br \/>\nr\u0103m\u00e2nem doar umbre, amintiri.<br \/>\n\u015ei orice umbr\u0103,<br \/>\nur\u00e2t\u0103 amintire, doare&#8230;.<br \/>\nP\u0103cat c\u0103-n lumea asta,<br \/>\ndin c\u00e2nd \u00een c\u00e2nd,<br \/>\nse mai \u015fi moare!<\/p>\n<p>&nbsp;<\/p>\n<p>Nu mai \u015ftim m\u00e2na s\u0103 ne-o d\u0103m<br \/>\n\u015fi c\u00e2nd ne-o d\u0103m ne \u00eenjur\u0103m.<br \/>\nP\u0103rin\u021bii cu copiii se bat prin tribunale,<br \/>\nc\u00e2nd fiii pe p\u0103rin\u021bi,<br \/>\ndatori le sunt s\u0103 \u00eei trateze prin spitale.<\/p>\n<p>&nbsp;<\/p>\n<p>Dar legea firii,<br \/>\nne scoate tot mereu datori.<br \/>\nNici nu mai \u015ftim<br \/>\nde ne tr\u0103iesc copii, p\u0103rin\u021bi,<br \/>\nsau mor.<br \/>\nNici nu mai \u015ftim c\u00e2nd este umbr\u0103<br \/>\nsau e soare&#8230;..<br \/>\nP\u0103cat c\u0103- n via\u021ba asta,<br \/>\ntot ce- i frumos,<br \/>\neste pu\u021bin si moare!<\/p>\n<p>&#8212;&#8212;&#8212;&#8212;&#8212;&#8212;&#8212;&#8212;&#8212;&#8212;&#8212;<\/p>\n<p><strong>Simina P\u0102UN-MOISE<br \/>\n<\/strong><\/p>\n<p><strong>3 mai, 2018<\/strong><\/p>\n","protected":false},"excerpt":{"rendered":"<p>Te las, condei! \u00a0 Condeiul, de mine, ast\u0103zi se desparte. Am s\u0103 \u00eel rog s\u0103 stea frumos \u00een cui, s\u0103 [&#038;hellip<\/p>\n","protected":false},"author":1,"featured_media":0,"comment_status":"closed","ping_status":"closed","sticky":false,"template":"","format":"standard","meta":{"footnotes":""},"categories":[3],"tags":[],"class_list":["post-38512","post","type-post","status-publish","format-standard","hentry","category-articole"],"_links":{"self":[{"href":"https:\/\/www.marianagurza.ro\/blog\/wp-json\/wp\/v2\/posts\/38512","targetHints":{"allow":["GET"]}}],"collection":[{"href":"https:\/\/www.marianagurza.ro\/blog\/wp-json\/wp\/v2\/posts"}],"about":[{"href":"https:\/\/www.marianagurza.ro\/blog\/wp-json\/wp\/v2\/types\/post"}],"author":[{"embeddable":true,"href":"https:\/\/www.marianagurza.ro\/blog\/wp-json\/wp\/v2\/users\/1"}],"replies":[{"embeddable":true,"href":"https:\/\/www.marianagurza.ro\/blog\/wp-json\/wp\/v2\/comments?post=38512"}],"version-history":[{"count":3,"href":"https:\/\/www.marianagurza.ro\/blog\/wp-json\/wp\/v2\/posts\/38512\/revisions"}],"predecessor-version":[{"id":38515,"href":"https:\/\/www.marianagurza.ro\/blog\/wp-json\/wp\/v2\/posts\/38512\/revisions\/38515"}],"wp:attachment":[{"href":"https:\/\/www.marianagurza.ro\/blog\/wp-json\/wp\/v2\/media?parent=38512"}],"wp:term":[{"taxonomy":"category","embeddable":true,"href":"https:\/\/www.marianagurza.ro\/blog\/wp-json\/wp\/v2\/categories?post=38512"},{"taxonomy":"post_tag","embeddable":true,"href":"https:\/\/www.marianagurza.ro\/blog\/wp-json\/wp\/v2\/tags?post=38512"}],"curies":[{"name":"wp","href":"https:\/\/api.w.org\/{rel}","templated":true}]}}