{"id":39698,"date":"2018-06-28T16:54:10","date_gmt":"2018-06-28T16:54:10","guid":{"rendered":"http:\/\/www.marianagurza.ro\/blog\/?p=39698"},"modified":"2018-06-28T16:54:10","modified_gmt":"2018-06-28T16:54:10","slug":"anca-maria-david-ploi-de-vara","status":"publish","type":"post","link":"https:\/\/www.marianagurza.ro\/blog\/2018\/06\/28\/anca-maria-david-ploi-de-vara\/","title":{"rendered":"Anca-Maria DAVID: Ploi de var\u0103"},"content":{"rendered":"<p style=\"text-align: center;\"><a href=\"http:\/\/www.marianagurza.ro\/blog\/wp-content\/uploads\/2018\/06\/Anca-Maria-David.jpg\"><img loading=\"lazy\" decoding=\"async\" class=\"size-medium wp-image-39699\" title=\"anca-maria-david\" src=\"http:\/\/www.marianagurza.ro\/blog\/wp-content\/uploads\/2018\/06\/Anca-Maria-David-210x300.jpg\" alt=\"\" width=\"210\" height=\"300\" srcset=\"https:\/\/www.marianagurza.ro\/blog\/wp-content\/uploads\/2018\/06\/Anca-Maria-David-210x300.jpg 210w, https:\/\/www.marianagurza.ro\/blog\/wp-content\/uploads\/2018\/06\/Anca-Maria-David-717x1024.jpg 717w, https:\/\/www.marianagurza.ro\/blog\/wp-content\/uploads\/2018\/06\/Anca-Maria-David.jpg 897w\" sizes=\"auto, (max-width: 210px) 100vw, 210px\" \/><\/a><\/p>\n<p><strong>PLOI DE VAR\u0102\u00a0\u00a0\u00a0\u00a0\u00a0 <\/strong><\/p>\n<p>&nbsp;<\/p>\n<p>Cad \u00een ne\u015ftire<br \/>\nPloile de var\u0103,<br \/>\nSe adun\u0103-n mine<br \/>\nPic\u0103turi de cear\u0103.<\/p>\n<p>&nbsp;<\/p>\n<p>Stropi de ploaie curg,<br \/>\nInund\u00e2nd p\u0103m\u00e2ntul,<br \/>\nCu lacrimi ce se scurg,<br \/>\n\u00cemi tremur\u0103 g\u00e2ndul.<\/p>\n<p>&nbsp;<\/p>\n<p>Sunt lacrimi dulci, amare,<br \/>\nV\u0103rsate-n amintiri,<br \/>\nAg\u0103\u0163ate-n iubire,<br \/>\nLeg\u0103nate-n tr\u0103iri.<\/p>\n<p>&nbsp;<\/p>\n<p>Plou\u0103 peste amintiri,<br \/>\nAruncate-n ape,<br \/>\nIzbite de maluri,<br \/>\nLuate de valuri.<\/p>\n<p>&nbsp;<\/p>\n<p>Te a\u015ftept s\u0103 vii<br \/>\nCu ape senine,<br \/>\nS\u0103 curg\u0103 \u015firoaie<br \/>\nPloile \u00een mine.<\/p>\n<p>&#8212;&#8212;&#8212;&#8212;&#8212;&#8212;&#8212;&#8212;&#8212;&#8212;-<\/p>\n<p><strong>Anca-Maria DAVID<\/strong><\/p>\n<p><strong>28 iunie, 2018<\/strong><\/p>\n<p><strong>\u00a0<\/strong><\/p>\n","protected":false},"excerpt":{"rendered":"<p>PLOI DE VAR\u0102\u00a0\u00a0\u00a0\u00a0\u00a0 &nbsp; Cad \u00een ne\u015ftire Ploile de var\u0103, Se adun\u0103-n mine Pic\u0103turi de cear\u0103. &nbsp; Stropi de ploaie [&#038;hellip<\/p>\n","protected":false},"author":1,"featured_media":0,"comment_status":"closed","ping_status":"closed","sticky":false,"template":"","format":"standard","meta":{"footnotes":""},"categories":[3],"tags":[],"class_list":["post-39698","post","type-post","status-publish","format-standard","hentry","category-articole"],"_links":{"self":[{"href":"https:\/\/www.marianagurza.ro\/blog\/wp-json\/wp\/v2\/posts\/39698","targetHints":{"allow":["GET"]}}],"collection":[{"href":"https:\/\/www.marianagurza.ro\/blog\/wp-json\/wp\/v2\/posts"}],"about":[{"href":"https:\/\/www.marianagurza.ro\/blog\/wp-json\/wp\/v2\/types\/post"}],"author":[{"embeddable":true,"href":"https:\/\/www.marianagurza.ro\/blog\/wp-json\/wp\/v2\/users\/1"}],"replies":[{"embeddable":true,"href":"https:\/\/www.marianagurza.ro\/blog\/wp-json\/wp\/v2\/comments?post=39698"}],"version-history":[{"count":2,"href":"https:\/\/www.marianagurza.ro\/blog\/wp-json\/wp\/v2\/posts\/39698\/revisions"}],"predecessor-version":[{"id":39701,"href":"https:\/\/www.marianagurza.ro\/blog\/wp-json\/wp\/v2\/posts\/39698\/revisions\/39701"}],"wp:attachment":[{"href":"https:\/\/www.marianagurza.ro\/blog\/wp-json\/wp\/v2\/media?parent=39698"}],"wp:term":[{"taxonomy":"category","embeddable":true,"href":"https:\/\/www.marianagurza.ro\/blog\/wp-json\/wp\/v2\/categories?post=39698"},{"taxonomy":"post_tag","embeddable":true,"href":"https:\/\/www.marianagurza.ro\/blog\/wp-json\/wp\/v2\/tags?post=39698"}],"curies":[{"name":"wp","href":"https:\/\/api.w.org\/{rel}","templated":true}]}}