{"id":40520,"date":"2018-08-10T15:38:30","date_gmt":"2018-08-10T15:38:30","guid":{"rendered":"http:\/\/www.marianagurza.ro\/blog\/?p=40520"},"modified":"2018-08-10T15:55:44","modified_gmt":"2018-08-10T15:55:44","slug":"sa-ia-aminte-neamul-roman-dumnezeu-graieste-romanilor-din-pribegie-mangaindu-i","status":"publish","type":"post","link":"https:\/\/www.marianagurza.ro\/blog\/2018\/08\/10\/sa-ia-aminte-neamul-roman-dumnezeu-graieste-romanilor-din-pribegie-mangaindu-i\/","title":{"rendered":",,S\u0103 ia aminte Neamul Rom\u00e2nesc! Dumnezeu gr\u0103ie\u0219te rom\u00e2nilor din pribegie, m\u00e2ng\u00e2indu-i&#8221;"},"content":{"rendered":"<p style=\"text-align: justify;\"><a href=\"http:\/\/www.marianagurza.ro\/blog\/wp-content\/uploads\/2018\/08\/646x404.jpg\"><img loading=\"lazy\" decoding=\"async\" class=\"alignleft size-medium wp-image-40525\" title=\"646x404\" src=\"http:\/\/www.marianagurza.ro\/blog\/wp-content\/uploads\/2018\/08\/646x404-300x187.jpg\" alt=\"\" width=\"300\" height=\"187\" srcset=\"https:\/\/www.marianagurza.ro\/blog\/wp-content\/uploads\/2018\/08\/646x404-300x187.jpg 300w, https:\/\/www.marianagurza.ro\/blog\/wp-content\/uploads\/2018\/08\/646x404.jpg 646w\" sizes=\"auto, (max-width: 300px) 100vw, 300px\" \/><\/a>,,Eu sunt P\u0103stor, Eu sunt cuv\u00e2nt de dor. Eu sunt Dumnezeu Cuv\u00e2ntul, Eu sunt Cel ce c\u00e2rmuiesc cerul \u0219i p\u0103m\u00e2ntul de la margini la margini, \u0219i am de la Tat\u0103l Savaot s\u0103 lucrez tot ceea ce El \u00cemi d\u0103 s\u0103 fac.<\/p>\n<p style=\"text-align: justify;\">M-a trimis Tat\u0103l s\u0103 lucrez pe vatra neamului rom\u00e2n \u0219i s\u0103-Mi preg\u0103tesc din mijlocul acestui neam un popor primitor de Dumnezeu \u0219i de lucru din cer peste el pe p\u0103m\u00e2nt, c\u0103 a venit vremea s\u0103 vin iar\u0103\u0219i de la Tat\u0103l dup\u0103 om, \u0219i iat\u0103-M\u0103 cuv\u00e2nt de slav\u0103 deasupra p\u0103m\u00e2ntului rom\u00e2n, iar norii slavei Domnului M\u0103 poart\u0103 \u0219i-Mi t\u0103inuiesc slava \u0219i fa\u021ba, ca s\u0103 pot lucra taina facerii cerului cel nou \u0219i a p\u0103m\u00e2ntului cel nou, c\u0103ci noi le fac pe toate, precum este scris.<\/p>\n<p style=\"text-align: justify;\">O, pace vou\u0103, celor ce M\u0103 primi\u021bi \u0219i-Mi scrie\u021bi \u00een cartea sa cuv\u00e2ntul! Scrie\u021bi carte cu trimitere acum, c\u0103ci cuprind acum cu dor \u0219i cu \u00eembr\u0103\u021bi\u0219are fiii neamului rom\u00e2n \u00eentor\u0219i pe vatra lor o clip\u0103, cu g\u00e2nd de pace \u0219i de duh de fr\u0103\u021bie, c\u0103ci sunt pribegi de \u021bar\u0103 \u0219i de neam din pricina celor ce s-au a\u0219ezat mari peste \u021bar\u0103 de o bun\u0103 bucat\u0103 de vreme, \u0219i care n-au mil\u0103 de acest neam, c\u0103 sunt ame\u021bi\u021bi de duhul puterii peste norodul cel de sub ei.<\/p>\n<p style=\"text-align: justify;\">Vin fiii pribegi, vin \u00een \u021bar\u0103, \u00een \u021bara p\u0103rin\u021bilor lor \u0219i a lor, c\u0103ci \u00ee\u0219i v\u0103d robit neamul \u0219i obiceiurile str\u0103bune \u0219i taina lor frumoas\u0103 \u00een mijlocul popoarelor de pe p\u0103m\u00e2nt.<\/p>\n<p style=\"text-align: justify;\">O, pace vou\u0103, binecuv\u00e2ntare vou\u0103, copii pribegi de \u021bar\u0103! Iat\u0103 \u021bara sub lacrimi, iat-o sub robia celor ce stau tari deasupra ei, iar voi pl\u00e2nge\u021bi str\u0103ini, \u0219i v-au luat foc inimioarele \u00een voi de dorul \u0219i de mila patriei \u00een care v-a\u021bi n\u0103scut \u0219i a\u021bi crescut. Duhul minciunii \u0219i al l\u0103comiei de putere \u0219i de avere, ace\u0219ti du\u0219mani de \u021bar\u0103 st\u0103p\u00e2nesc inimile celor ce stau lipi\u021bi de scaunele de c\u00e2rmuire de mul\u021bi, mul\u021bi ani ai r\u0103bd\u0103rii neamului rom\u00e2n. M\u0103 aplec \u00eenaintea voastr\u0103 \u0219i v\u0103 s\u0103rut pa\u0219ii \u0219i urmele lor, c\u0103 iat\u0103, pune\u021bi piciorul \u00een \u021bar\u0103 venind r\u00e2nduri, r\u00e2nduri ca s\u0103 trezi\u021bi veghea fra\u021bilor rom\u00e2ni \u0219i s\u0103 v\u0103 uni\u021bi prin dor \u0219i prin n\u0103dejde ca s\u0103 face\u021bi lumin\u0103 \u0219i dreptate peste scaunele de sus ale \u021b\u0103rii \u0219i ca s\u0103 nu cad\u0103 \u021bara sub vr\u0103jma\u0219ii ei.<\/p>\n<p style=\"text-align: justify;\">Cobor cu cetele de sfin\u021bi \u0219i de \u00eengeri, Eu, Domnul, cobor la voi cu o\u0219tirile de sus \u0219i m\u00e2ng\u00e2i lunga voastr\u0103 desp\u0103r\u021bire de \u021bar\u0103, o, fii rom\u00e2ni, fii pribegi de \u021bar\u0103. O, fiilor, nimic nu este frumos pe p\u0103m\u00e2nt f\u0103r\u0103 Dumnezeu \u00een toate. O, cum s\u0103 facem s\u0103 fiu \u0219i Eu Cel iubit de om \u0219i urmat de om dup\u0103 voia Mea pentru fericirea omului? O, nu mai \u0219tie omul de F\u0103c\u0103torul cerului \u0219i al p\u0103m\u00e2ntului \u0219i al omului. Fiilor, fiilor, sunt \u0219i Eu ca \u0219i voi, sunt \u0219i Eu pribeag de cas\u0103 \u0219i de neam, c\u0103ci casa Mea ar fi s\u0103 fie biserica, iar neamul s\u0103-Mi fie cre\u0219tinii cei iubitori de Dumnezeu \u0219i de poruncile vie\u021bii, numai c\u0103 slujitorii bisericii Mele s-au amestecat de tot cu cele str\u0103ine de sfin\u021bi \u0219i de p\u0103rin\u021bi, iar neamul cre\u0219tinesc nu mai are iubire de Dumnezeu, \u0219i nici pov\u0103\u021buitor peste el pentru mersul lui cu Domnul. O, de s-ar a\u0219eza \u00een \u021bara rom\u00e2n\u0103 pacea \u00eentre Mine \u0219i neamul rom\u00e2n! \u021aara rom\u00e2n\u0103 e \u021bara Mea cea de azi, la care M-a trimis Tat\u0103l s\u0103-Mi fac cetate \u0219i s\u0103-Mi a\u0219ez pe vatra ei cartea cuv\u00e2ntului gurii Mele, toiagul de c\u00e2rmuire peste popoare \u0219i peste regi \u0219i peste limbi. O, frumoas\u0103 este \u00een cer scris\u0103 povestea acestui neam \u0219i a p\u0103m\u00e2ntului ei! Ea este taina lui Dumnezeu cea de la \u00eenceputul facerii lumii \u0219i cea de la sf\u00e2r\u0219it de timp, iar Tat\u0103l M-a trimis cuv\u00e2nt \u00een ea \u0219i m\u00e2ng\u00e2i mereu cu cuv\u00e2ntul glia ei, \u0219i pe cei ce cred venirii Mele de azi cuv\u00e2nt peste p\u0103m\u00e2nt, ba \u0219i peste cei ce nu cred \u00cemi cobor cuv\u00e2ntul m\u00e2ng\u00e2ierii.<\/p>\n<p style=\"text-align: justify;\">O, fi\u021bi biruitori pentru bine, fiilor, \u0219i mult a\u0219 vrea s\u0103 ajung\u0103 la inimile voastre gr\u0103irea Mea cu voi, pe care o a\u0219ez acum pe cale spre voi. Eu sunt aici cuv\u00e2nt pe vatra neamului rom\u00e2n, \u0219i am istorie scris\u0103 pe aceast\u0103 vatr\u0103 \u0219i este a\u0219ezat\u0103 pe cale cu nume de Nou Ierusalim, nume mare, pe care voiesc s\u0103-l a\u0219ez pe cre\u0219tetul ei \u0219i s\u0103 Mi-o fac mireas\u0103, s-o sfin\u021besc \u0219i s-o \u00eempodobesc cu podoabe de sus, c\u0103 m\u0103rea\u021b\u0103 este scris\u0103 la Mine soarta ei cea de m\u00e2ine, iar cei ce au ap\u0103sat peste ea prin vremi, se vor zdrobi cu duhul fa\u021b\u0103 \u00een fa\u021b\u0103 cu multa ei slav\u0103 de la Dumnezeu pentru r\u0103bdarea ei cea de sub cruce \u00een toat\u0103 vremea crucii ei.<\/p>\n<p style=\"text-align: justify;\">O, fiilor sosi\u021bi acas\u0103, \u00een \u021bara Mea \u0219i a voastr\u0103, v\u0103 \u00eent\u0103resc pa\u0219ii cu binecuv\u00e2ntarea Tat\u0103lui \u0219i a Fiului \u0219i a Sf\u00e2ntului Duh. V\u0103 dau duhul \u00een\u021belepciunii de sus, v\u0103 m\u00e2ng\u00e2i, fiilor pribegi, c\u0103 am suspin dup\u0103 voi, \u0219i iat\u0103, \u0219i voi ave\u021bi, \u0219i v\u0103 doare de \u021bar\u0103, fiilor. Eu, Domnul, voi \u00eemplini dorul vostru \u0219i dorul Meu, iar n\u0103dejdea s\u0103 v\u0103 fie tare, ca \u0219i credin\u021ba, c\u0103 mult\u0103 necredin\u021b\u0103 \u00eencearc\u0103 \u00eenc\u0103 mul\u021bi asupra statului Meu cuv\u00e2nt pe vatra neamului rom\u00e2n de at\u00e2ta vreme, dar am ie\u0219it cu vestea aceasta \u00een anul 2005, c\u00e2nd am a\u0219ezat pe masa acestui neam cartea Mea cea de azi, cuv\u00e2ntul Meu de p\u00e2n\u0103 atunci, \u0219i iar\u0103\u0219i alt\u0103 carte apoi, c\u0103ci Eu culeg \u00een carte glasul cuv\u00e2ntului Meu, c\u0103 am popor primitor \u0219i i-am dat lui urechi de auzit cu ele de la Dumnezeu, a\u0219a cum proorocul Moise \u00cemi culegea cuv\u00e2ntul cel pentru Israel, popor pe care Domnul \u00eel p\u0103storea.<\/p>\n<p style=\"text-align: justify;\">V\u0103 fac \u00eent\u00e2mpinare cu glas de tr\u00e2mbi\u021b\u0103, glasul cuv\u00e2ntului Meu. V\u0103 cuprind \u00een m\u00e2ng\u00e2ieri de sus, fiilor. O\u0219tirile de sfin\u021bi v\u0103 \u00eenso\u021besc \u0219i v\u0103 ajut\u0103 biruin\u021ba, ca s\u0103 fie de sus biruin\u021ba \u0219i s\u0103 fie cu Domnul. Pace vou\u0103, o, pace vou\u0103! Iubire \u0219i n\u0103dejde vou\u0103! Eu sunt Cel ce sunt, \u0219i am grij\u0103 de biruin\u021ba cea bun\u0103, o, fii rom\u00e2ni, iar voi fi\u021bi str\u00e2ns uni\u021bi, cei de acas\u0103 \u0219i cei pleca\u021bi departe, \u0219i care vin \u0219i ar veni acas\u0103 pentru o \u021bar\u0103 dulce \u0219i curat\u0103, cu fii harnici, iar Eu s\u0103 le fiu lor Dumnezeu. Amin.<\/p>\n<p style=\"text-align: justify;\">***<\/p>\n<p style=\"text-align: justify;\">Am gr\u0103it neamului rom\u00e2n ca s\u0103 fiu cu el pe cale \u00een zilele acestea fierbin\u021bi, c\u00e2nd pa\u0219ii celor pribegi de \u021bar\u0103 se \u00eentorc cu dor pe aceast\u0103 vatr\u0103, iar Eu, Domnul, le \u00eenso\u021besc pa\u0219ii \u0219i dorin\u021ba lor cea sf\u00e2nt\u0103, cea pentru dreptate peste \u021bar\u0103 \u0219i de cur\u0103\u021birea de peste ea a celor ce sunt du\u0219mani pe destinele ei \u0219i ale fiilor ei. Iat\u0103-i veni\u021bi r\u00e2nduri, r\u00e2nduri, plini de n\u0103dejde de bine \u0219i bucur\u00e2ndu-se \u00een dorul de acas\u0103 de sosirea la fra\u021bii lor, \u0219i m\u00e2n\u0103 \u00een m\u00e2n\u0103, inim\u0103 cu inim\u0103 uni\u021bi, ei prind n\u0103dejde, c\u0103ci Eu, Domnul, le d\u0103ruiesc lor duhul \u00eensufle\u021birii \u0219i rod de biruin\u021b\u0103 bun\u0103 pentru \u021bar\u0103 \u0219i pentru \u00eentoarcerea lor acas\u0103, \u0219i o dat\u0103 cu aceasta cre\u0219te dorul sfin\u021bilor Mei, mai ales a celor rom\u00e2ni din cer ca s\u0103 vad\u0103 ei \u021bara venirii Mele cuv\u00e2nt pe p\u0103m\u00e2nt plin\u0103 de ziua slavei Mele, o, fiilor, c\u0103ci este scris \u00een Scripturi s\u0103 fiu biruitor.<\/p>\n<p style=\"text-align: justify;\">O, Eu sunt Cel ce sunt, Eu sunt Cel ce nelini\u0219tesc inimile fiilor neamului rom\u00e2n \u0219i scol la veghe pentru \u021bar\u0103 duhul lor. Trag clopotele \u0219i, gata, se adun\u0103 cei trezi\u021bi la veghe \u0219i \u00eemplinesc ei cuv\u00e2ntul Meu cel rostit.<\/p>\n<p style=\"text-align: justify;\">O, fiilor veghetori \u00een calea Mea c\u00e2nd vin s\u0103 gr\u0103iesc p\u0103m\u00e2ntului, a fost s\u0103 gr\u0103iesc acum pentru ceea ce ochiul Meu vede \u0219i prive\u0219te cu nesa\u021b, cu dor \u0219i cu m\u00e2ng\u00e2iere peste clipele de \u00eent\u00e2lnire ale inimilor fiilor rom\u00e2ni pe vatra lor p\u0103rinteasc\u0103, cei de acas\u0103 cu cei pribegi departe \u0219i cu durere \u00een ei \u00een a\u0219teptarea \u00eennoirii \u0219i a cur\u0103\u021birii \u021b\u0103rii de nedreptate, de asuprire \u0219i de ap\u0103sare, fiilor. Acum Eu \u0219i sfin\u021bii Mei, Eu \u0219i voi, st\u0103m \u00een sprijinul acestei m\u0103re\u021be \u00eent\u00e2lniri \u0219i a sim\u021b\u0103mintelor fiilor acestui neam. Sunt zile mari, fiilor, zile de istorie sf\u00e2nt\u0103. Este nevoie de pace \u0219i de putere prin pace. A\u0219adar pun cuv\u00e2nt de temelie sf\u00e2nt\u0103 \u0219i spun:<\/p>\n<p style=\"text-align: justify;\">Pace vou\u0103, o, pace vou\u0103, fii rom\u00e2ni! Pace \u00eent\u00e2lnirii voastre acum, aici, pe vatra p\u0103rinteasc\u0103!<\/p>\n<p style=\"text-align: justify;\">\u0218i, pace vou\u0103, celor ce sta\u021bi pe scaunele de sus ale \u021b\u0103rii! Asculta\u021bi acum cuv\u00e2ntul Meu vou\u0103! V-am dat pova\u021b\u0103 sf\u00e2nt\u0103 s\u0103 da\u021bi prilej p\u0103cii \u00eentre fra\u021bii rom\u00e2ni. O, e p\u0103cat s\u0103 lupta\u021bi unii \u00eempotriva altora, voi, fra\u021bi ai aceluia\u0219i neam \u0219i p\u0103m\u00e2nt. Dorul de putere \u0219i de slav\u0103 v\u0103 face s\u0103 v\u0103 mu\u0219ca\u021bi \u00eentre voi. O, e p\u0103cat, e ur\u00e2t, \u0219i de aceea, pace vou\u0103! Da\u021bi loc p\u0103cii \u00eentre fra\u021bii rom\u00e2ni, c\u0103 nu e pace \u00eentre fra\u021bi, \u0219i v\u0103d popoarele \u0219i e ru\u0219ine.<\/p>\n<p style=\"text-align: justify;\">O, s\u0103 nu se mu\u0219te fra\u021bii \u00eentre ei, ci s\u0103 se sprijineasc\u0103 cu d\u0103ruire sf\u00e2nt\u0103, iar l\u0103comia \u0219i dorul de putere s\u0103 nu se pomeneasc\u0103 \u00eentre fra\u021bi, ci numai buna armonie, numai iubire \u0219i \u00een\u021belegere, numai pace \u0219i iar pace, o, fiilor.<\/p>\n<p style=\"text-align: justify;\">O, asculta\u021bi acest cuv\u00e2nt sf\u00e2nt, voi, cei ce v-a\u021bi a\u0219ezat pe scaunele de c\u00e2rmuire ale \u021b\u0103rii! O, \u00eemplini\u021bi cuv\u00e2ntul Meu, c\u0103 iat\u0103-l: Pace vou\u0103, pace vou\u0103, pace vou\u0103! L\u0103sa\u021bi pacea s\u0103 se a\u0219eze \u00eentre fra\u021bi!<\/p>\n<p style=\"text-align: justify;\">Eu, Domnul, veghez cu o\u0219tirile cere\u0219ti deasupra p\u0103m\u00e2ntului rom\u00e2n \u0219i suflu peste fiii acestui neam dulce m\u00e2ng\u00e2iere \u0219i duhul \u00een\u021belepciunii sfinte. Eu stau la c\u00e2rm\u0103 \u0219i port cu mare tain\u0103 prin valuri aceast\u0103 arc\u0103, \u021bara rom\u00e2n\u0103, \u021bara Mea de venire a doua oar\u0103 de la Tat\u0103l acum, la sf\u00e2r\u0219it de timp, \u0219i a\u0219tept, a\u0219tept schimbarea la fa\u021b\u0103 a neamului rom\u00e2n, pe vatra celei frumoas\u0103 \u0219i at\u00e2ta de frumoas\u0103 \u021bar\u0103, \u021bara voastr\u0103, \u021bara Mea cu voi, o, fiilor rom\u00e2ni. Amin, amin, amin.&#8221;<\/p>\n<p style=\"text-align: justify;\">27 iulie\/9 august 2018<\/p>\n<p style=\"text-align: justify;\">Cite\u015fte mai mult&#8230;<\/p>\n<p style=\"text-align: justify;\"><a href=\"http:\/\/www.noulierusalim.info\/the-sermons\/6615\/\" rel=\"noopener nofollow\" target=\"_blank\" data-lynx-mode=\"asynclazy\" data-lynx-uri=\"https:\/\/l.facebook.com\/l.php?u=http%3A%2F%2Fwww.noulierusalim.info%2Fthe-sermons%2F6615%2F&amp;h=AT1ahea7kgucMzVirtBtEBpyWVQzgrcSaq3uD97Qou-LBt3esS5xNPdw-5N8E1YuCY8_L8hkyLrsk35R2rku-_ziWHbnk741J4DzJOy96tzDPVRWYlnRWAg3_L0Qi23fn8h4Dg\">http:\/\/www.noulierusalim.info\/the-sermons\/6615\/<\/a><\/p>\n","protected":false},"excerpt":{"rendered":"<p>,,Eu sunt P\u0103stor, Eu sunt cuv\u00e2nt de dor. Eu sunt Dumnezeu Cuv\u00e2ntul, Eu sunt Cel ce c\u00e2rmuiesc cerul \u0219i p\u0103m\u00e2ntul [&#038;hellip<\/p>\n","protected":false},"author":1,"featured_media":0,"comment_status":"closed","ping_status":"closed","sticky":false,"template":"","format":"standard","meta":{"footnotes":""},"categories":[3],"tags":[],"class_list":["post-40520","post","type-post","status-publish","format-standard","hentry","category-articole"],"_links":{"self":[{"href":"https:\/\/www.marianagurza.ro\/blog\/wp-json\/wp\/v2\/posts\/40520","targetHints":{"allow":["GET"]}}],"collection":[{"href":"https:\/\/www.marianagurza.ro\/blog\/wp-json\/wp\/v2\/posts"}],"about":[{"href":"https:\/\/www.marianagurza.ro\/blog\/wp-json\/wp\/v2\/types\/post"}],"author":[{"embeddable":true,"href":"https:\/\/www.marianagurza.ro\/blog\/wp-json\/wp\/v2\/users\/1"}],"replies":[{"embeddable":true,"href":"https:\/\/www.marianagurza.ro\/blog\/wp-json\/wp\/v2\/comments?post=40520"}],"version-history":[{"count":4,"href":"https:\/\/www.marianagurza.ro\/blog\/wp-json\/wp\/v2\/posts\/40520\/revisions"}],"predecessor-version":[{"id":40526,"href":"https:\/\/www.marianagurza.ro\/blog\/wp-json\/wp\/v2\/posts\/40520\/revisions\/40526"}],"wp:attachment":[{"href":"https:\/\/www.marianagurza.ro\/blog\/wp-json\/wp\/v2\/media?parent=40520"}],"wp:term":[{"taxonomy":"category","embeddable":true,"href":"https:\/\/www.marianagurza.ro\/blog\/wp-json\/wp\/v2\/categories?post=40520"},{"taxonomy":"post_tag","embeddable":true,"href":"https:\/\/www.marianagurza.ro\/blog\/wp-json\/wp\/v2\/tags?post=40520"}],"curies":[{"name":"wp","href":"https:\/\/api.w.org\/{rel}","templated":true}]}}