{"id":40654,"date":"2018-08-19T14:20:35","date_gmt":"2018-08-19T14:20:35","guid":{"rendered":"http:\/\/www.marianagurza.ro\/blog\/?p=40654"},"modified":"2018-08-19T14:20:35","modified_gmt":"2018-08-19T14:20:35","slug":"florica-gheorghescu-la-multi-ani-magdalena-popa","status":"publish","type":"post","link":"https:\/\/www.marianagurza.ro\/blog\/2018\/08\/19\/florica-gheorghescu-la-multi-ani-magdalena-popa\/","title":{"rendered":"Florica GHEORGHESCU: La multi ani Magdalena Popa !"},"content":{"rendered":"<p style=\"text-align: justify;\"><strong><a href=\"http:\/\/www.marianagurza.ro\/blog\/wp-content\/uploads\/2018\/08\/9e99534c29c3c9888f7a612844175965-magdalena-years.jpg\"><img loading=\"lazy\" decoding=\"async\" class=\"alignleft size-full wp-image-40655\" title=\"9e99534c29c3c9888f7a612844175965-magdalena-years\" src=\"http:\/\/www.marianagurza.ro\/blog\/wp-content\/uploads\/2018\/08\/9e99534c29c3c9888f7a612844175965-magdalena-years.jpg\" alt=\"\" width=\"236\" height=\"300\" \/><\/a>Magdalena \u2013Victoria Popa<\/strong>, celebra noastr\u0103 balerin\u0103, a \u00eemplinit o frumoas\u0103 v\u00e2rst\u0103 \u0219i 36 de de ani de c\u00e2nd lucreaz\u0103, non stop, ca maestra coregraf la Compania Na\u021bionala de balet a Canadei .<\/p>\n<p style=\"text-align: justify;\">Cine este Magdalena Popa ?<\/p>\n<p style=\"text-align: justify;\">Prin mama ei este urma\u0219a a pa\u0219optistului Axente Sever, colaboratorul lui Nicolae B\u0103lcescu. Prin tat\u0103l ei este nepoata prof. \u0218erban Popa care a f\u0103cut parte din grupul celor care s-au ocupat de construirea Ateneului Rom\u00e2n \u0219i apoi de activit\u0103\u021bile artistice din cadrul acestei institu\u021bii. Mama ei a fost pianist\u0103 iar tat\u0103l doctor \u00een \u0219tiin\u021be fizico- chimice av\u00e2nd diploma la Universitatea din Bucure\u0219ti \u0219i apoi la Sorbona \u2013Paris.<\/p>\n<p style=\"text-align: justify;\">\nUluitoarele ei calit\u0103\u021bi artistice s-au manifestat din frageda copil\u0103rie atr\u0103g\u00e2nd aten\u021bia profesorilor coregrafi: Elena Penescu \u2013Liciu \u0219i apoi Anton Romanovski care o considerau \u201c un bulg\u0103re de aur \u201c.<\/p>\n<p style=\"text-align: justify;\">Despre performan\u021bele ei a \u00eenceput s\u0103 se scrie \u00een ziare \u00eenc\u0103 de c\u00e2nd avea 7 ani, mai ales \u00een \u201cUniversul\u201d. Datorit\u0103 insisten\u021belor balerinei [ venit\u0103 din St.Petersburg ] Olga Lepesinskaia care vizit\u00e2nd \u0219coala de balet, a r\u0103mas uluit\u0103 de talentul ei, a ajuns la Academia de dans Vaganova, una dintre cele mai faimoase \u0219coli de balet din lume.<br \/>\n\u00cen istoria acestei \u0219coli au fost consemnate dou\u0103 eleve care \u0219i-au f\u0103cut debutul pe scena teatrului Kirov \u00eenc\u0103 din timpul studiilor: Galina Ulanova \u0219i 5o de ani mai t\u00e2rziu rom\u00e2nca Magdalena Popa.<\/p>\n<p style=\"text-align: justify;\">\u00cencep\u00e2nd din 1959 a fost premiat\u0103 la Concursurile Interna\u021bionale de la Viena, apoi la Varna culmin\u00e2nd cu marele premiu \u201cSteaua de aur \u201c la al III-lea Festival \u0219i Concurs Interna\u021bional de la Paris \u00een 1965. Avea 22 de ani c\u00e2nd a \u00eenvins toate balerinele celor mai renumite trupe din Europa \u0219i America. La concurs au participat ansamblurile de balet din Paris, Londra, St. Petersburg, Moscova, New-York, Scala din Milano, Munchen, Copenhaga \u0219i Bucure\u0219ti. Atunci rom\u00e2nii au intrat ca ni\u0219te necunoscu\u021bi \u0219i au plecat \u00eenving\u0103tori datorit\u0103 Magdalenei Popa. Ca s\u0103 se \u00een\u021beleag\u0103 mai bine valoarea premiului trebuie s\u0103 \u0219ti\u021bi ca la concursul respectiv se acordau numai 6 premii:<br \/>\nCea mai bun\u0103 balerin\u0103, Cel mai bun balerin, Cel mai bun ansamblu, Scenografia [decor \u0219i costume ] Coregrafia si Muzica. Din juriu au f\u0103cut parte mari personalit\u0103\u021bi din lumea dansului: Andre Jolivet, Serge Lifar, Ivette Chauvire, Rene Claire, Marcel Achard \u0219i al\u021bii.<\/p>\n<p style=\"text-align: justify;\">\u00cencep\u00e2nd cu acel an [1965 ] numele ei s-a r\u0103sp\u00e2ndit \u00een toat\u0103 lumea .<br \/>\nCronicarii se \u00eentreceau \u00een a-i aduce elogii, iar publicul o a\u0219tepta cu emo\u021bie pe frumoasa \u0219i talentata rom\u00e2nc\u0103, socotit\u0103 cea mai buna Giselle a timpului sau&#8230;Natalia Makarova ob\u021bin\u00e2nd doar premiul criticilor \u0219i ziari\u0219tilor.<\/p>\n<p style=\"text-align: justify;\">Pentru Magdealena Popa dansul a fost o\u201d patim\u0103\u201d. Nu ambi\u021bia, ci talentul, a condus-o zi de zi \u0219i cu c\u00e2t avea mai mult succes cu at\u00e2t muncea mai mult. Era convins\u0103 c\u0103, dac\u0103 munce\u0219te cu pasiune, \u201ddansul devine un fluid al gra\u021biei, siguran\u021bei \u0219i poeziei.<br \/>\n&#8211; \u0218tiu ca am calit\u0103\u021bi deosebite,.. c\u0103 m-am n\u0103scut cu ele, spunea Magdalena, dar asta nu face dec\u00e2t s\u0103 ma oblige s\u0103 muncesc din ce \u00een ce mai mult. Sunt convins\u0103 ca atunci c\u00e2nd e\u0219ti interesat numai de succes, st\u0103rile psihice se altereaz\u0103 iar talentul dispare.<\/p>\n<p style=\"text-align: justify;\">Magdalena Popa a dansat pe toate marile scene ale lumii. A fost invitat\u0103 \u0219i a f\u0103cut parte din multe Jurii Interna\u021bionale din Japonia p\u00e2n\u0103 \u00een America.<\/p>\n<p style=\"text-align: justify;\">\nAl\u0103turi de so\u021bul ei Amatto Checiulescu a dezv\u0103luit lumii frumuse\u021bile artei dansului, dar niciodat\u0103 nu l-a confundat pe Amatto so\u021bul, cu partenerul balerin \u0219i coregraful Amatto Checiulescu.<br \/>\n\u00cen acest fel s-a p\u0103strat \u00eentre ei o armonie deplin\u0103&#8230;<br \/>\nNu gre\u0219esc dac\u0103 afirm c\u0103 ea a fost sclava profesiei sale pentru c\u0103 m\u0103 g\u00e2ndesc la exerci\u021biile sale zilnice.<\/p>\n<p style=\"text-align: justify;\">O superba caracterizare i-a f\u0103cut colega mea Marcela Popescu spun\u00e2nd: \u201dA fost minunea alb\u0103 imponderabil\u0103 care plutea de parca ar fi uri\u00e2t p\u0103m\u00e2ntul \u0219i se \u00een\u0103l\u021ba, se lungea, se mladia ca o z\u00e2na fermecat\u0103, dar c\u00e2nd rolul i-o cerea se transforma \u00eentr-o salbatec\u0103, era voluptoasa \u0219i tentant\u0103 ca \u00eens\u0103\u0219i via\u021ba \u201c.<\/p>\n<p style=\"text-align: justify;\">\nNici dupa ce a n\u0103scut-o pe Ama, fata lor, (acum mama a patru copii) nu a stat \u00een concediul maternal. A uluit pe toat\u0103 lumea c\u00e2nd a revenit pentru, a preg\u0103ti premiera baletului:\u201dEsmeralda \u201c( din l4 martie l976).<\/p>\n<p style=\"text-align: justify;\">\n<p style=\"text-align: justify;\">Gloria i-a luminat via\u021ba p\u00e2n\u0103 \u00een 1981 c\u00e2nd fratele lui Amatto plec\u00e2nd \u00eentr-o vacan\u021b\u0103 \u00een Germania ( in vremea aceea, de Vest ) a preferat s\u0103 nu se mai \u00eentoarc\u0103.<br \/>\nAtunci li s-a schimbat via\u021ba. Li s-au retras pa\u0219apoartele \u0219i li s-a interzis leg\u0103tura cu ansamblurile de balet din alte \u021b\u0103ri, cu care lucraser\u0103 at\u00e2\u021bia ani\u2026.<br \/>\n\u00cen fata unei asemenea situa\u021bii, ei care erau socoti\u021bi de c\u0103tre str\u0103ini \u201c ambasadori\u201d ai \u021b\u0103rii lor, nu puteau \u00eendura umilirea.<\/p>\n<p style=\"text-align: justify;\">\n<p style=\"text-align: justify;\">Dup\u0103 un an, datorit\u0103 talentului ei, membrii Juriului Interna\u021bional de la Jackson \u2013 Missisippi au insistat at\u00e2t de mult pe l\u00e2ng\u0103 oficialii din Rom\u00e2nia \u00eenc\u00e2t au fost nevoi\u021bi s-o lase sa plece \u00een America.<br \/>\nChiar dac\u0103 a primit un pa\u0219aport pe termen scurt, drumul spre libertate era deschis. Amatto \u0219i p\u0103rin\u021bii ei au luat hot\u0103r\u00e2rea ca Magdalena s\u0103 nu se mai \u00eentoarc\u0103 \u0219i s\u0103 r\u0103m\u00e2n\u0103 \u00een America. Soarta a hot\u0103r\u00e2t \u00eens\u0103 altfel pentru c\u0103 \u00eent\u00e2lnirea cu Betty Oliphant \u2013 directoarea \u0219colii na\u021bionale de balet a Canadei- \u0219i Alexander Grant \u2013directorul companiei na\u021bionale de balet au determinat-o s\u0103 accepte postul de maestr\u0103 de balet la compania na\u021bionala \u00een Toronto.<\/p>\n<p style=\"text-align: justify;\">\nG\u00e2ndul ca nu va mai dansa \u2013 de\u0219i avea v\u00e2rsta la care alte colege ale ei se retraseser\u0103 \u2013o intrista dar, nu putea s\u0103-\u0219i abandoneze ambi\u021bia de a face ceva pentru a-\u0219i salva familia.<br \/>\nDe teama ca ar putea s\u0103-\u0219i piard\u0103 so\u021bul, feti\u021ba \u0219i p\u0103rin\u021bii de care nu se desp\u0103r\u021bise niciodat\u0103, a comunicat \u00een \u021bar\u0103 c\u0103 s-a angajat temporar pl\u0103tindu-\u0219i taxele obligatorii c\u0103tre Agen\u021bia care se ocupa de arti\u0219ti.<\/p>\n<p style=\"text-align: justify;\">Datorit\u0103 interven\u021biei Guvernului Canadei familia i-a fost al\u0103turi dup\u0103 un an abandon\u00e2nd o casa \u00een care Magdalena \u0219i Amatto investiser\u0103 tot ce c\u00e2\u0219tigaser\u0103 \u00een turneele din str\u0103inatate timp de 2o de ani .<\/p>\n<p style=\"text-align: justify;\">Asa \u0219i-au \u00eenceput noua lor via\u021b\u0103 \u00een \u021bara numita Canada. \u0218ansa lor de \u201c a fi din nou \u201cacas\u0103\u201d s-a datorat pasiunii pentru munca. Magda, asa \u00eei spun de c\u00e2nd o cunosc, \u00eempline\u0219te 27 de ani de c\u00e2nd \u00eei perfec\u021bioneaz\u0103 pe tinerii balerini canadieni iar Amatto a predat la \u0219coala unde era directoare Betty Oliphant. Fata lor Ama a urmat facultatea de Politehnic\u0103, s-a c\u0103s\u0103torit \u0219i are 3 copii. P\u0103rin\u021bii Magdalenei au plecat la Dumnezeu \u00eens\u0103 au fost multumi\u021bi de reu\u0219itele fetei lor pe care o adorau&#8230;<\/p>\n<p style=\"text-align: justify;\">\nIn acest timp in tara au fost distruse filmele realizate cu ea fiind considerata \u201ctransfuga\u201d Ce revoltator !.. Cei ce au facut acest lucru nu s-au gandit ca valorile culturii trabuiesc pastrate.<br \/>\nOleg Danovski, coregraful, director al ansamblului de balet al Operei din Bucuresti, care a lucrat cele mai importante lucrari din repertoriul Institutiei respective cu Magdalena Popa ,spunea ..\u201d Din cauza ignorantei celor de la putere a fost pierduta o mare valoare si acest lucru se va simti multi ani, ea fiind greu de inlocuit \u201c\u2026<\/p>\n<p style=\"text-align: justify;\">De cand este in Canada cronicarii specializati in arta dansului au subliniat, chiar de la venirea ei, rolul deosebit pe care il va avea in solidificarea ansamblului de balet din Toronto, revenind cu elogioase aprecieri ori de cate ori se petrece un eveniment artistic. Puteti cerceta ziarele : Toronto Star si The Globe and Mail.<\/p>\n<p style=\"text-align: justify;\">Pe langa activitatea de maestra principala de balet a creat spectacole in Australia, Germania si impreuna cu Amatto \u2013sotul ei \u2013de doua ori in China.. Cu cativa ani in urma, aflandu-ma in Toronto, mi-am revazut \u201c idolul artistic\u201d si am tinut sa realizez un film,chiar daca ar fi fost mic,dar avea ca subiect marea vedeta de care ma ocupasem multi ani in Romania. Dupa 15 ani , ne-am vazut aproape zilnic acasa sau la Teatru,am stat de vorba ajutand-o sa-si descarce necazul,durerea,dorul de locurile unde s-a nascut&#8230;<\/p>\n<p style=\"text-align: justify;\">Am stat de vorba si cu cateva personalitati din Companie. Am inceput cu dl James Kudelka, regizorul \u2013 coregraf, director artistic in vremea aceia care mi-a marturisit: \u201c\u2026Cand Magdalena Popa lucreaza cu balerinii, nimic numai conteaza&#8230;nici efort, nici timp, totul fiind dus la limita maxima. Aceasta este de fapt ra\u021biunea dup\u0103 care tr\u0103ie\u0219te..<br \/>\nEa scoate la iveala \u00een tinerii pe care-i pregate\u0219te: muzicalitatea, spiritualitatea, emo\u021biile \u0219i inteligen\u021b\u0103, iar instinctual ei \u00een\u0103scut o conduce sa-i descopere pe cei dota\u021bi formandu-i pentru o carier\u0103 interna\u021bional\u0103. Sunt onorat s\u0103 lucrez al\u0103turi de ea \u201c\u2026.<\/p>\n<p style=\"text-align: justify;\">\n<p style=\"text-align: justify;\">Directoarea a Companiei Na\u021bionale de balet a Canadei doamna Karen Kain.<br \/>\nDomnia sa mi-a spus\u2026<br \/>\n\u201cO cuno\u0219team pe Magdalena Popa \u00eenainte ca ea sa vina \u00een Canada. \u00cemi vorbea despre ea partenerul meu de dans Sergiu Stefanski care dansase cu ea la Bucuresti. Am \u00eentalnit-o apoi c\u00e2nd era \u00een Juriile Concursurilor Interna\u021bionale de dans de la Moscova \u0219i apoi \u00een Japonia. Marele meu regret este ca n-am putut lucra cu ea mai devreme. Ea mi-a demonstrat cu delicateta teoriile ei las\u00e2ndu-mi timp s\u0103 le asimilez \u0219i s\u0103-mi corectez tehnica \u00een limitele la care puteam sa ajung. Acest lucru m-a ajutat sa-mi prelungesc cariera solistica \u0219i \u00eei mul\u021bumesc.<br \/>\nEste foarte important tot ceea ce a facut pentru baletul canadian. Noi am avut intotdeauna balerini minuna\u021bi dar n-am \u00een\u021beles bine tehnica clasica, iar Magdalena Popa a contribuit enorm \u00een acest sens\u201d\u2026<\/p>\n<p style=\"text-align: justify;\">\n<p style=\"text-align: justify;\">Prim balerina Chan Hon Goh, care s-a retras de curand, declara :\u2026\u201dAm lucrat cu Magdalena de cand am venit la Companie si au trecut multi ani\u2026Pentru mine Magdalena Popa reprezinta dansul la cel mai inalt nivel posibil. Are o maretie ce vine dinlauntrul sau.. E greu sa te ridici la asteptarile ei, dar ce mare satisfactie ai cand reusesti !..\u201d<\/p>\n<p style=\"text-align: justify;\">\n<p style=\"text-align: justify;\">Sa adaugam si cele spuse de prim balerina Greta Hodgkinson<br \/>\n..\u201d Cel mai important lucru pe care l-am deprins din lectiile cu Magdalena este totala schimbare a modului de lucru. Am reluat totul de la inceput, antrenandu-mi corpul prin tehnici deosebite de cele pe care le cunosteam.. Acum aplic tot ceea ce ea m-a invatat si toate spectacolele mele, fie ca sunt clasice sau modern-contemporane, au la baza invataturile pe care i le datorez..\u201d<\/p>\n<p style=\"text-align: justify;\">Dupa cum vede\u021bi, Magdalena Popa are aici o pozitie foarte solida, facand parte dintre vedetele artistice ale Canadei.<br \/>\nMergeti la\u201d Hammingsbird\u201d \u0219i ve\u021bi vedea placa pe care-i este \u00eenscris numele.<\/p>\n<p style=\"text-align: justify;\">La mul\u021bi ani Magdalena, din partea prietenilor t\u0103i de la Observatorul !<\/p>\n<p style=\"text-align: justify;\">&#8212;&#8212;&#8212;&#8212;&#8212;&#8212;&#8212;&#8212;&#8212;&#8212;&#8212;&#8212;&#8212;-<\/p>\n<p style=\"text-align: justify;\"><strong>Florica GHEORGHESCU<\/strong><\/p>\n<p style=\"text-align: justify;\"><strong>18 august, 2018<\/strong><\/p>\n<p style=\"text-align: justify;\">http:\/\/www.observatorul.com\/default.asp?action=articleviewdetail&#038;ID=18767<\/p>\n<p style=\"text-align: justify;\">\n","protected":false},"excerpt":{"rendered":"<p>Magdalena \u2013Victoria Popa, celebra noastr\u0103 balerin\u0103, a \u00eemplinit o frumoas\u0103 v\u00e2rst\u0103 \u0219i 36 de de ani de c\u00e2nd lucreaz\u0103, non [&#038;hellip<\/p>\n","protected":false},"author":1,"featured_media":0,"comment_status":"closed","ping_status":"closed","sticky":false,"template":"","format":"standard","meta":{"footnotes":""},"categories":[3],"tags":[],"class_list":["post-40654","post","type-post","status-publish","format-standard","hentry","category-articole"],"_links":{"self":[{"href":"https:\/\/www.marianagurza.ro\/blog\/wp-json\/wp\/v2\/posts\/40654","targetHints":{"allow":["GET"]}}],"collection":[{"href":"https:\/\/www.marianagurza.ro\/blog\/wp-json\/wp\/v2\/posts"}],"about":[{"href":"https:\/\/www.marianagurza.ro\/blog\/wp-json\/wp\/v2\/types\/post"}],"author":[{"embeddable":true,"href":"https:\/\/www.marianagurza.ro\/blog\/wp-json\/wp\/v2\/users\/1"}],"replies":[{"embeddable":true,"href":"https:\/\/www.marianagurza.ro\/blog\/wp-json\/wp\/v2\/comments?post=40654"}],"version-history":[{"count":1,"href":"https:\/\/www.marianagurza.ro\/blog\/wp-json\/wp\/v2\/posts\/40654\/revisions"}],"predecessor-version":[{"id":40656,"href":"https:\/\/www.marianagurza.ro\/blog\/wp-json\/wp\/v2\/posts\/40654\/revisions\/40656"}],"wp:attachment":[{"href":"https:\/\/www.marianagurza.ro\/blog\/wp-json\/wp\/v2\/media?parent=40654"}],"wp:term":[{"taxonomy":"category","embeddable":true,"href":"https:\/\/www.marianagurza.ro\/blog\/wp-json\/wp\/v2\/categories?post=40654"},{"taxonomy":"post_tag","embeddable":true,"href":"https:\/\/www.marianagurza.ro\/blog\/wp-json\/wp\/v2\/tags?post=40654"}],"curies":[{"name":"wp","href":"https:\/\/api.w.org\/{rel}","templated":true}]}}