{"id":40674,"date":"2018-08-19T17:55:54","date_gmt":"2018-08-19T17:55:54","guid":{"rendered":"http:\/\/www.marianagurza.ro\/blog\/?p=40674"},"modified":"2018-08-19T17:56:47","modified_gmt":"2018-08-19T17:56:47","slug":"dumitru-mnerie-vlad-cernea-jerca-%e2%80%93-a-plecat-spre-rai","status":"publish","type":"post","link":"https:\/\/www.marianagurza.ro\/blog\/2018\/08\/19\/dumitru-mnerie-vlad-cernea-jerca-%e2%80%93-a-plecat-spre-rai\/","title":{"rendered":"Dumitru MNERIE: Vlad Cernea Jerca \u2013 a plecat spre RAI"},"content":{"rendered":"<p style=\"text-align: justify;\"><a href=\"http:\/\/www.marianagurza.ro\/blog\/wp-content\/uploads\/2018\/08\/Vlad-Cernea-Jerca.jpg\"><img loading=\"lazy\" decoding=\"async\" class=\"alignleft size-full wp-image-40675\" title=\"vlad-cernea-jerca\" src=\"http:\/\/www.marianagurza.ro\/blog\/wp-content\/uploads\/2018\/08\/Vlad-Cernea-Jerca.jpg\" alt=\"\" width=\"199\" height=\"300\" \/><\/a>Vlad Cernea Jerca \u2013 a plecat spre RAI s\u0103-\u0219i petreac\u0103 de Praznicul Adormirii Maicii Domnului mai aproape de ingeri \u2026<\/p>\n<p style=\"text-align: justify;\">Dumnezeu s\u0103-l odihneasc\u0103-n pace !<\/p>\n<p style=\"text-align: justify;\">Originar din Godine\u015fti (jud. Gorj), stabilit \u00een Timi\u015foara, s-a remarcat ca un scriitor complex, care, prin diversitatea stilurilor literare abordate, talentul descriptiv \u00een scris \u015fi \u00een pictur\u0103, prezen\u0163a spiritual\u0103 \u00eel plaseaz\u0103 pe Vlad Cernea Jerca \u00een pleiada arti\u015ftilor des\u0103v\u00e2r\u015fi\u0163i.<\/p>\n<p style=\"text-align: justify;\">Spiritualitatea lui Vlad Cernea Jerca s-a dovedit, poate cel mai bine prin excep\u0163ionala versifica\u0163ie, cu p\u0103strarea sintetic\u0103 a mesajului \u00een poezii, dat mai ales \u00een multe epigrame devenite antologice. Spre exemplu:<\/p>\n<p style=\"text-align: justify;\">\u2013 Rom\u00e2nii \u015fi\u2026 restul lumii<br \/>\n\u201eC\u0103l\u0103torind prin \u0163\u0103ri str\u0103ine<br \/>\nConsta\u0163i, ca orice muritor:<br \/>\n\u00cen Vest \u2013 se moare de mai bine,<br \/>\nLa noi \u2013 de grija tuturor.\u201d (din ziarul \u201eVia\u0163a Buz\u0103ului\u201d \u2013 22 februarie 2006)<\/p>\n<p>\u2013 Dilem\u0103<br \/>\n\u201e\u00cen lumea asta, de ocar\u0103<br \/>\nM\u0103-ntreb acum de are rost<br \/>\nS\u0103 mori de\u015ftept \u00een alt\u0103 \u0163ar\u0103<br \/>\nOri luat \u00een \u0163ara ta de prost?\u201d<\/p>\n<p>&nbsp;<\/p>\n<p>\u2013 Meteahn\u0103 rom\u00e2neasc\u0103<br \/>\n\u201eSuntem o na\u0163ie n\u0103uc\u0103,<br \/>\nCu ifose \u00een loc de sfin\u0163i \u2013<br \/>\nGlobaliz\u0103m dorul de duc\u0103,<br \/>\nUit\u00e2nd de dorul de p\u0103rin\u0163i!\u201d<\/p>\n<p>&nbsp;<\/p>\n<div>\n<p style=\"text-align: justify;\">Apreciind \u00een mod deosebit nivelul artistic al operei lui Vlad Cernea Jerca, Editura Funda\u0163iei pentru Cultur\u0103 \u015fi \u00cenv\u0103\u0163\u0103m\u00e2nt IOAN SLAVICI a editat dou\u0103 volume de versuri, cuprinz\u00e2nd at\u00e2t poezie social\u0103, \u00een \u201eINSEMNE PE CUMPANA VREMII\u201d, c\u00e2t \u015fi poezie de dragoste, \u00een volumul \u201ePROSCRISUL ETERNULUI MIT\u201d.<\/p>\n<p style=\"text-align: justify;\">\n<p style=\"text-align: justify;\">S-a mai stins o lumin\u0103 de spirit rom\u00e2nesc, nepre\u021buit destul c\u00e2t a fost \u00een via\u021b\u0103, dar care a l\u0103sat o mo\u0219tenire excep\u021bional\u0103 de scrieri care nu merit\u0103 date uit\u0103rii. Adormit pe p\u0103m\u00e2nt \u0219i de\u0219teptat acum \u00een Rai. Dumnezeu s\u0103-l aib\u0103-n paz\u0103 ve\u0219nic\u0103!<\/p>\n<p><img loading=\"lazy\" decoding=\"async\" class=\"aligncenter\" src=\"http:\/\/www.logossiagape.ro\/wp-content\/uploads\/2018\/08\/1animated_candle_x160.gif\" alt=\"\" width=\"160\" height=\"224\" \/><\/p>\n<p>\u2014\u2014\u2014\u2014\u2014\u2014\u2014\u2014\u2014\u2014\u2014\u2014\u2014\u2014\u2013<\/p>\n<p><strong>Prof.univ.dr. Dumitru MNERIE<\/strong><\/p>\n<p><strong>Timi\u0219oara<\/strong><\/p>\n<p><strong>19 august, 2018<\/strong><\/p>\n<\/div>\n","protected":false},"excerpt":{"rendered":"<p>Vlad Cernea Jerca \u2013 a plecat spre RAI s\u0103-\u0219i petreac\u0103 de Praznicul Adormirii Maicii Domnului mai aproape de ingeri \u2026 [&#038;hellip<\/p>\n","protected":false},"author":1,"featured_media":0,"comment_status":"closed","ping_status":"closed","sticky":false,"template":"","format":"standard","meta":{"footnotes":""},"categories":[3],"tags":[],"class_list":["post-40674","post","type-post","status-publish","format-standard","hentry","category-articole"],"_links":{"self":[{"href":"https:\/\/www.marianagurza.ro\/blog\/wp-json\/wp\/v2\/posts\/40674","targetHints":{"allow":["GET"]}}],"collection":[{"href":"https:\/\/www.marianagurza.ro\/blog\/wp-json\/wp\/v2\/posts"}],"about":[{"href":"https:\/\/www.marianagurza.ro\/blog\/wp-json\/wp\/v2\/types\/post"}],"author":[{"embeddable":true,"href":"https:\/\/www.marianagurza.ro\/blog\/wp-json\/wp\/v2\/users\/1"}],"replies":[{"embeddable":true,"href":"https:\/\/www.marianagurza.ro\/blog\/wp-json\/wp\/v2\/comments?post=40674"}],"version-history":[{"count":2,"href":"https:\/\/www.marianagurza.ro\/blog\/wp-json\/wp\/v2\/posts\/40674\/revisions"}],"predecessor-version":[{"id":40677,"href":"https:\/\/www.marianagurza.ro\/blog\/wp-json\/wp\/v2\/posts\/40674\/revisions\/40677"}],"wp:attachment":[{"href":"https:\/\/www.marianagurza.ro\/blog\/wp-json\/wp\/v2\/media?parent=40674"}],"wp:term":[{"taxonomy":"category","embeddable":true,"href":"https:\/\/www.marianagurza.ro\/blog\/wp-json\/wp\/v2\/categories?post=40674"},{"taxonomy":"post_tag","embeddable":true,"href":"https:\/\/www.marianagurza.ro\/blog\/wp-json\/wp\/v2\/tags?post=40674"}],"curies":[{"name":"wp","href":"https:\/\/api.w.org\/{rel}","templated":true}]}}