{"id":41474,"date":"2018-10-15T09:41:46","date_gmt":"2018-10-15T09:41:46","guid":{"rendered":"http:\/\/www.marianagurza.ro\/blog\/?p=41474"},"modified":"2018-10-15T10:43:17","modified_gmt":"2018-10-15T10:43:17","slug":"41474","status":"publish","type":"post","link":"https:\/\/www.marianagurza.ro\/blog\/2018\/10\/15\/41474\/","title":{"rendered":"Valeriu DULGHERU: Kamikazii unioni\u0219ti"},"content":{"rendered":"<p style=\"text-align: justify;\"><em><a href=\"http:\/\/www.marianagurza.ro\/blog\/wp-content\/uploads\/2018\/10\/DULGHERU-Valeriu1-225x3001.jpg\"><img loading=\"lazy\" decoding=\"async\" class=\"alignleft size-full wp-image-41480\" title=\"dulgheru-valeriu1-225x300\" src=\"http:\/\/www.marianagurza.ro\/blog\/wp-content\/uploads\/2018\/10\/DULGHERU-Valeriu1-225x3001.jpg\" alt=\"\" width=\"225\" height=\"300\" \/><\/a>\u201eS\u0103 \u015fti\u0163i: de\u00a0nu ve\u0163i<\/em>\u00a0<em>ridica.\/ Din s\u00e2nul vostru un\u00a0proroc.\/ \u00cen voi via\u0163a va seca, Zadarnic soarta ve\u0163i<\/em>\u00a0<em>ruga.\/ C\u0103ci sco\u015fi\u00a0ve\u0163i\u00a0fi atunci din joc. \u015ei-\u0163i r\u0103m\u00e2nea\u00a0f\u0103r\u2019 de noroc.\u201d<\/em><\/p>\n<p style=\"text-align: right;\"><strong>(Alexe Mateevici. Basarabenilor)<\/strong><\/p>\n<p style=\"text-align: justify;\">Astfel \u00eei avertiza pe basarabeni la 1918 marele patriot \u0219i poet Alexe Mateevici. Ie\u0219i\u021bi din bra\u021bele ursului \u021barist, rusifica\u021bi p\u00e2n\u0103 la refuz, analfabe\u021bi, s\u0103raci basarabenii de atunci au fost \u00eens\u0103 mult mai treji la minte: au g\u0103sit mai mul\u021bi proroci \u2013 genera\u021bia de aur unionist\u0103, care a realizat \u00een condi\u021bii extrem de dificile visul de peste o sut\u0103 de ani de revenire acas\u0103.<\/p>\n<p style=\"text-align: justify;\">Ast\u0103zi, \u00een condi\u021bii mult mai bune, de aproape treizeci de ani suntem \u00een c\u0103utarea unui proroc. Pe parcurs ne-am pricopsit cu tot soiul de proroci fal\u0219i \u0219i acum am ajuns iar\u0103\u0219i de unde am plecat. \u00cen a. 2007, \u00een plin regim comunist, a ap\u0103rut t\u00e2n\u0103rul promi\u021b\u0103torul Dorin Chirtoac\u0103 care avea toate \u0219ansele s\u0103 devin\u0103 acel proroc, acel \u201e<em>salvator al Neamului\u201d<\/em>. \u00cen a. 2013 avea toate \u0219ansele s\u0103 salveze Partidul Liberal de la pieire, dac\u0103 ar fi acceptat propunerea grupului reformator Had\u00e2rc\u0103. \u00cen loc de lider incontestabil al dreptei a preferat s\u0103 r\u0103m\u00e2n\u0103 pur \u0219i simplu \u201e<em>nepotul lui M. Ghimpu\u201d.<\/em> Iar Partidul Liberal a continuat s\u0103 se pr\u0103bu\u0219easc\u0103 \u00een h\u0103u, fiind p\u0103r\u0103sit metodic de grupuri \u00eentregi (I. Had\u00e2rc\u0103 cu grupul reformator, A. Gu\u021bu, A. \u0218alaru \u0219.a.). Mult a\u0219teptata, dar prea t\u00e2rzie, rocad\u0103 la conducerea PL-ului, anun\u021bat\u0103 \u00een prim\u0103var\u0103 de M. Ghimpu pentru 16 septembrie, nu s-a mai \u00eent\u00e2mplat. \u0218eful a transferat Congresul pentru data de 1 decembrie, de Marea zi Centenar\u0103. El are nevoie de showuri nu de Reunire cu adev\u0103rat. De ce a f\u0103cut acest lucru c\u00e2nd p\u00e2n\u0103 la ziua alegerilor parlamentare vor mai r\u0103m\u00e2ne pu\u021bin mai mult de dou\u0103 luni? Aceast\u0103 perioad\u0103 este foarte mic\u0103 pentru a reu\u0219i o c\u00e2t de c\u00e2t coalizare a for\u021belor de dreapta. Constat\u0103m cu mare regret c\u0103 unchiul l-a \u00eengropat pe nepot f\u0103r\u0103 nicio \u0219ans\u0103 de a re\u00eenvia (s\u0103 ne aducem aminte cum \u00een mod similar a procedat \u0219i Ro\u0219ca cu magnificii s\u0103i \u0219i unde este ast\u0103zi cel mai puternic partid de dreapta de alt\u0103 dat\u0103?). Dar f\u0103r\u0103 PL aceast\u0103 coalizare pe dreapta nu va fi complet\u0103. Mesajul a fost mai mult dec\u00e2t clar: PL se va av\u00e2nta \u00een alegeri de unul singur. \u00cen situa\u021bia \u00een care se afl\u0103 acum partidul nu are nicio \u0219ans\u0103 de a trece pragul de 6%. \u0218i chiar dac\u0103 ar trece acest prag care va fi impactul unui grup din 6-7 deputa\u021bi \u00een parlament. Av\u00e2nd chiar 13 parlamentari (acum au r\u0103mas doar cu 9 (tot din cauza\u00a0 managementului prost al Partidului!)), ce impact a avut asupra politicii acestui stat e\u0219uat \u00een perioada 2014-2018?<\/p>\n<p style=\"text-align: justify;\">S\u0103 \u00eencerc\u0103m s\u0103 facem o analiz\u0103 a for\u021belor at\u00e2t de dispersate de pe dreapta. Deseori \u00eemi vine \u00eentrebarea \u201e<em>Doresc oare unioni\u0219tii Unirea?\u201d.<\/em> Nu m\u0103 refer la cei peste 30% (care se apropie de 40%) care doresc Unirea cu ardoare, cu patim\u0103, ci la lidera\u0219i! \u0218i nu g\u0103sesc un r\u0103spuns clar, univoc. Prin declara\u021bii fiecare din lidera\u0219i este cel mai mare unionist, dar \u00een fapte\u2026 Iar avantajele Reunirii sunt at\u00e2t de evidente \u00eenc\u00e2t \u00een mod natural \u00ee\u021bi pui \u00eentrebarea: de ce nu se reu\u0219e\u0219te de f\u0103cut pa\u0219i serio\u0219i \u00een aceast\u0103 direc\u021bie. M\u0103 prind la g\u00e2ndul c\u0103 \u201e<em>elita unionist\u0103\u201d<\/em> nu dore\u0219te. Nu dore\u0219te s\u0103 asculte de sfaturi, de chem\u0103rile multiple ale unionistului de r\u00e2nd (care nu dore\u0219te posturi, dore\u0219te doar Reunirea cu \u021aara mam\u0103!) devenite deja at\u00e2t de banale. O stimat\u0103 doamn\u0103 lidera\u0219 al \u201e<em>celui mai unionist partid care metodic ia sub 1% \u00een alegeri\u201d<\/em> m\u0103 \u00eenvinuia c\u0103 mereu scriu \u0219i le dau sfaturi, c\u0103 ei nu au nevoie de sfaturi. De ce-\u0219i permite aceasta stimat\u0103 doamn\u0103 (\u0219i nu numai ea!) astfel de declara\u021bii de parc\u0103 unionismul ar fi o afacere personal\u0103. Ei bine stimat\u0103 doamn\u0103, eu sunt aleg\u0103torul de r\u00e2nd care trebuie s\u0103 v\u0103 aleg \u00een alegerile din iarn\u0103. Cum m \u0103 convinge\u021bi prin fapte nu prin vorbe?<\/p>\n<p style=\"text-align: justify;\">S\u0103 vedem cine se mai afl\u0103 pe segmentul de dreapta. Ah da. Noul partid unionist \u2013 Partidul Unit\u0103\u021bii Na\u021bionale (PUN) ap\u0103rut pe ruinele PL-ului, din a\u0219chiile desprinse de la el, fondat cu concursul nemijlocit al ex-pre\u0219edintelui Rom\u00e2niei dl T. B\u0103sescu. At\u00e2tea speran\u021be se investiser\u0103 \u00een acest partid care trebuia s\u0103 vin\u0103 \u00een locul PL (a\u0219a cum PL a venit \u00een locul PPCD \u0219i PFD), dar se pare c\u0103 \u00een zadar. De o jum\u0103tate de an acest partid parc\u0103 nici nu exist\u0103 \u00een acest an crucial pentru destinul unionist al acestui col\u021b de \u021bar\u0103. Ultima declara\u021bie a lui A. \u0218alaru c\u0103 PUN-ul\u00a0 ar putea s\u0103 nu candideze la alegerile parlamentare din februarie 2019 a fost chiar una ie\u0219it\u0103 din comun. \u00cen loc s\u0103 se zbat\u0103, s\u0103 contribuie la unificarea for\u021belor pe acest segment, el bate \u00een special \u00een cei care ar putea s\u0103-i fie alia\u021bi, inclusiv \u00een problema Reunirii (e vorba de dna M. Sandu), iar acum bate \u00een retragere, l\u0103s\u00e2ndu-i c\u00e2mp de manevr\u0103 kremlinezului Dodon. Iar acest kremlinez Dodon, lu\u00e2nd \u00een alegeri majoritatea \u0219i prelu\u00e2nd \u00eempreun\u0103 cu PD \u00eentreaga putere \u00een stat, primul lucru pe care-l va face (a declarat acest lucru de at\u00e2tea ori!) va scoate \u00een afara legii toate partidele unioniste, inclusiv al dlui A. \u0218alaru. Nu a\u0219 vrea s\u0103-i dau dreptate marelui Voltaire care spunea ca politica \u00eenseamn\u0103 \u201e<em>dominarea celor lipsi<\/em><em>\u021b<\/em><em>i de scrupule asupra celor lipsi<\/em><em>\u021bi de memorie<\/em>\u201d. Un dezam\u0103git unionist (ca mul\u021bi al\u021bii!) comenteaz\u0103 pe re\u021belele de socializare declara\u021bia lui A. \u0218alaru: \u201e<em>Eu sunt unionist \u0219i voi vota doar pentru un partid care va sus\u021bine ideea unionist\u0103. A\u0219a am procedat de ani de zile. Ani de zile am votat doar cu partidele unioniste. La \u00eenceput, cu frontul, apoi cu liberalii, dar acum sunt \u00een cea\u021b\u0103, pentru c\u0103 nu mai \u0219tiu pentru cine s\u0103-mi dau votul\u2026Indecizia mea mi-a fost accentuat\u0103 \u0219i de anun\u021bul de azi al lui Anatol \u0218alaru, pentru c\u0103, trebuie s\u0103 recunosc sincer, simpatiile mele se \u00eenclinau spre acest partid, dar acum, dup\u0103 ce acesta a p\u0103r\u0103sit c\u00e2mpul de lupte electorale, chiar nu mai \u0219tiu pentru cine s\u0103 votez\u2026Teama mea cea mai mare e c\u0103\u00a0\u00eemi voi da votul pentru nu \u0219tiu ce partid unionist \u0219i acesta nu va trece pragul electoral \u0219i atunci votul meu se va pierde sau se va duce la sociali\u0219ti. Adic\u0103 vot\u00e2nd nu \u0219tiu ce partid unionist, eu voi vota, de fapt, sociali\u0219tii. Or, tocmai lucrul acesta nu mi-l doresc\u2026 Tot g\u00e2ndindu-m\u0103 care ar putea fi solu\u021bia, cred c\u0103 aceasta nu poate fi dec\u00e2t una singur\u0103. Ca partidele unioniste S\u0102 SE UNEASC\u0102. S\u0103 demonstreze c\u0103 sunt unioniste \u0219i s\u0103 se uneasc\u0103. Militeaz\u0103 pentru unire, dar lupt\u0103 \u00eentre ele. Oare nu e un paradox?\u201d.<\/em> Situa\u021bia pe dreapta e clar\u0103 c\u0103 la moment nu avem pentru cine vota. Nici unul din partidu\u021be nu are \u0219ansa de a trece separat barajul de 6%.<\/p>\n<p style=\"text-align: justify;\"><em>Ce avem pe centru-dreapta?<\/em> Am spus \u00een repetate r\u00e2nduri c\u0103 pe centru-dreapta a ap\u0103rut o oarecare construc\u021bie. Chiar dac\u0103 A. Nastase este vulnerabil criticii din partea binomului, fapt ce s-ar putea s\u0103 aduc\u0103 unele deservicii Alian\u021bei, totu\u0219i fenomenul de \u201e<em>unire a for\u021belor\u201d<\/em> \u00ee\u0219i va spune cuv\u00e2ntul \u00een aducerea voturilor. Aceast\u0103 Alian\u021b\u0103 trebuie sus\u021binut\u0103 \u00een pofida tuturor neajunsurilor \u0219i s\u0103 construim ceva pe dreapta nu s\u0103 batem cu \u00eend\u00e2rjire \u00een poten\u021bialii alia\u021bi \u00een parlament.<\/p>\n<p style=\"text-align: justify;\"><em>Ce avem pe st\u00e2nga. <\/em>Recunosc cu durere \u00een suflet, st\u00e2nga este cel mai organizat segment. Uita\u021bi-v\u0103 cum merg \u00een teritoriu \u0219i \u00ee\u0219i lanseaz\u0103 candida\u021bii pe circumscrip\u021bii (cu 5 luni \u00eenainte de alegeri!). Doar talimbul Voronin a reac\u021bionat la aceast\u0103 \u00eenc\u0103lcare a Legii privind alegerile, ceilal\u021bi au luat ap\u0103\u2019n gur\u0103 de parc\u0103 nu iar atinge. Ei bine, t\u0103cerea PDM este explicabil\u0103. Binomul \u0219i-a \u00eemp\u0103r\u021bit sferele de influen\u021b\u0103: tu Dodoane ia c\u00e2t po\u021bi pe circumscrip\u021bii, pe care \u021bi le-am croit \u201e<em>sub tine\u201d,<\/em> iar eu voi cump\u0103ra deputa\u021bi independen\u021bi c\u00e2t voi putea. Acest segment se umple de tot soiul de candida\u021bi certa\u021bi cu legea. \u0218or, locul c\u0103ruia e la dub\u0103 pentru miliardele furate, este sus\u021binut de guvernare pe toate c\u0103ile. Pentru a sc\u0103pa de justi\u021bie probabil va candida pe una din circumscrip\u021bii la Orhei, unde s\u0103 fim siguri, va c\u00e2\u0219tiga cu concursul orheenilor cump\u0103ra\u021bi cu \u201e<em>p\u00e2ine ieftin\u0103 \u0219i distrac\u021bii pe gratis\u201d.<\/em> C\u00e2t de ieftin se v\u00e2nd. Unde au disp\u0103rut acei orheeni care la 1918 au dat startul Unirii? Un alt penal certat cu legea, P. Corduneanu, anchetat dup\u0103 pentru crimele comise \u00eempotriva tinerilor \u00een evenimentele din 2009, candideaz\u0103 pe listele partidului sociali\u0219tilor la H\u00e2nce\u0219ti. Parlamentul devine un fel de \u201e<em>kr\u00eesha\u201d <\/em>pentru infractori.<\/p>\n<p style=\"text-align: justify;\">Privesc cu groaz\u0103 sear\u0103 de sear\u0103 pe ecranele televizoarelor la posturile lor (aveau 2, acum au vreo 51) cum sociali\u0219tii \u00ee\u0219i lanseaz\u0103 candida\u021bii \u00een circumscrip\u021bii. La \u00eenceput C\u0103u\u0219eni, \u0218tefan Vod\u0103, Soroca, Dondu\u0219eni, apoi Comrat, Cahul, H\u00e2nce\u0219ti \u0219.a. La Comrat tov. Z. Grecean\u00eei a declarat literalmente urm\u0103toarele: \u201e<em>G\u0103g\u0103uzia este garantul existen\u021bei Republicii Moldova\u201d.<\/em> Nici mai mult nici mai pu\u021bin. Cei care \u00eentotdeauna, de la 90 \u00eencoace, au luptat \u00eempreun\u0103 cu Tiraspolul pentru refacerea urss, pentru intrarea \u00een Rusia, acum ace\u0219ti kremlinezi sociali\u0219ti \u00eei consider\u0103 garan\u021bi ai statalit\u0103\u021bii! Doar \u00een acest col\u021b de \u021bar\u0103 cu fiin\u021be f\u0103r\u0103 coloan\u0103 vertebral\u0103, f\u0103r\u0103 un elementar sim\u021b na\u021bional, se pot \u00eent\u00e2mpla astfel de anacronisme. \u201e<em>Ru\u0219ii din Moldova au suferit ru\u0219inea de a fi numi\u021bi minoritate na\u021bional\u0103<\/em>\u201d, scria referindu-se la evenimentele din anii 1990-1991 Anatoli Cernyaev, consilierul de politic\u0103 extern\u0103 al lui M. Gorbaciov. Dar cum s\u0103-i nume\u0219ti altcumva dac\u0103 \u00een Basarabia au r\u0103mas doar 4.75%, \u00een celelalte state fost sovietice \u2013 cam tot at\u00e2\u021bia. Doar \u00een perioada sovietic\u0103 o minoritate rus\u0103 de vreo 12% de\u021binea peste 80% din toate posturile de conducere de diferit nivel, consider\u00e2ndu-se na\u021biunea conduc\u0103toare. \u00cen 1991, dup\u0103 destr\u0103marea urss, ru\u0219ii au sim\u021bit \u201e<em>ru\u0219inea\u201d<\/em> de a se retrage de la gurile Dun\u0103rii, spre care au \u00eenainta prin rapturi de teritorii timp de peste 300 de ani, la vreo 700 km spre est. Acum aceste lichele, ace\u0219ti tr\u0103d\u0103tori de neam, se st\u0103ruie s\u0103 le \u0219tearg\u0103 \u201e<em>ru\u0219inea de pe obraz\u201d<\/em> ru\u0219ilor \u0219i g\u0103g\u0103uzilor rusifica\u021bi care numai g\u0103g\u0103uzi nu se simt. Practic toate mult tr\u00e2mbi\u021batele investi\u021bii ruse\u0219ti (nu sunt prea mari dar pentru o popula\u021bie de apr. 140000 sunt sim\u021bitoare) sunt orientate spre Comrat, spre acest copil r\u0103sf\u0103\u021bat. Tot spre Comrat sunt orientate investi\u021bii \u0219i ajutoare din Turcia, Uniunea European\u0103, SUA, care integral pe Basarabia pe parcursul a 27 de ani au dep\u0103\u0219it suma de 5 mld de dolari \u00een form\u0103 de ajutoare nerambursabile.<\/p>\n<p style=\"text-align: justify;\">Sim\u021bindu-se puternici (de fapt nu Dodon care se afl\u0103 \u00een topul sondajelor este puternic ci ceilal\u021bi sunt slabi) kremlinezii sociali\u0219ti devin obraznici. \u00cen mare parte analfabe\u021bi dar g\u0103l\u0103gio\u0219i ei \u00eei bruiaz\u0103 pe ceilal\u021bi parteneri de pe platourile televiziunilor. Deun\u0103zi un mucos, cu pu\u021bin\u0103, foarte pu\u021bin\u0103 carte dar cu aere de mare lider al unei a\u0219a numitei \u201e<em>asocia\u021bii de tineret \u201eUrma\u0219ii lui \u0218tefan\u201d<\/em> (s\u0103 vad\u0103 marele \u0218tefan cum \u00eei este terfelit numele de ni\u0219te neispr\u0103vi\u021bi kremlinezi \u00een marea t\u0103cere a acelora care trebuie s\u0103-l apere, unde le stau picioarele le-ar sta capul) \u00eemi d\u0103dea de la scandalosul post NTV \u201e<em>lec\u021bii de istorie, de bun\u0103 purtare \u00eentr-o institu\u021bie de \u00eenv\u0103\u021b\u0103m\u00e2nt\u201d<\/em>, ajung\u00e2nd cu peti\u021bie p\u00e2n\u0103 la Ministerul Educa\u021biei<em>.<\/em> \u00cen interviul, pe care mi l-au cerut (\u00een leg\u0103tur\u0103 cu ni\u0219te standuri informative de pur\u0103 istorie a Neamului!), am spus c\u0103 tinerii de genul acestui fanfaron trebuie s\u0103 citeasc\u0103 mai mult, s\u0103 sape nu p\u00e2n\u0103 unde-i spune \u0219eful Dodon (p\u00e2n\u0103 \u00een sec. al XI, de parc\u0103 p\u00e2n\u0103 atunci str\u0103mo\u0219ii no\u0219tri cu o istorie multimilenar\u0103 pe care nu o au multe popoare cu apuc\u0103turi belicoase erau c\u0103\u021b\u0103ra\u021bi pe copaci \u00een timp ce \u00een est se construia o civiliza\u021bie cre\u0219tin\u0103 prosper\u0103!), ci p\u00e2n\u0103 la r\u0103d\u0103cinile ad\u00e2nci ale Neamului. C\u00e2t o s\u0103 mai r\u0103bd\u0103m b\u0103taia de joc din partea unor obraznici c\u0103rora nu le putem riposta c\u0103 suntem slabi, c\u0103 liderii no\u0219tri unioni\u0219ti sunt preocupa\u021bi doar de luptele fratricide \u0219i de lustruirea imaginii unioniste.<\/p>\n<p style=\"text-align: justify;\">\u00cen general, sunt un unionist optimist \u0219i \u00eencerc s\u0103 transmit acest optimism \u0219i altora \u00eens\u0103 simt tot mai mult c\u0103 din cauza g\u0103in\u0103riilor liderilor de partidu\u021be unioniste mi se n\u0103ruie fundamentul de beton (vorba lui Ghimpu) a acestui optimism. Nu dor loviturile lichelelor kremlineze, dor inac\u021biunile, g\u0103in\u0103riile politice ale acelora care \u0219i-au luat misiunea sacr\u0103 de a ne duce spre Reunire. \u201e\u2026<em>C\u00e2nd o\u00a0mul\u021bime de oameni se \u00eembog\u0103\u021besc prin luare de mit\u0103 \u015fi\u00a0influen\u021ba lor e mai eficace\u00a0dec\u00e2t munca lor, c\u00e2nd\u00a0\u00a0legile nu te protejeaz\u0103 contra lor, ci dimpotriv\u0103, ei\u00a0sunt cei care sunt\u00a0proteja\u0163i \u00eempotriva ta, c\u00e2nd vei descoperi c\u0103\u00a0este\u00a0r\u0103spl\u0103tit\u0103\u00a0corup\u021bia, iar onestitatea\u00a0devine un sacrificiu\u00a0\u00a0de sine, atunci vei putea\u00a0 spune, f\u0103r\u0103 teama de a\u00a0gre\u015fi, c\u0103 soarta\u00a0societ\u0103\u0163ii \u00een care tr\u0103ie\u015fti, este\u00a0\u00a0condamnat\u0103<\/em>\u201d scria la 1950\u00a0filozoafa american\u0103 Ayn Rand. Cu toate acestea nu consider (\u00eenc\u0103) c\u0103 soarta societ\u0103\u021bii basarabene este condamnat\u0103.<\/p>\n<p style=\"text-align: justify;\">\u00cen final termin cu ni\u0219te minunate versuri deosebit de semnificative pentru aceast\u0103 situa\u021bie \u00een care ne afl\u0103m, cu o chemare c\u0103tre marele \u0218tefan: \u201e<em>Timpul nu-l mai cru\u021b\u0103,\/ Nici soarta nu-l iart\u0103 \/ Bourul \u00ee\u0161i pl\u00e2nge \/ Stema-ns\u00e2ngerat\u0103!<\/em> (de statalistul Dodon-n.n.)\u2026<em>\u00cen fa\u021ba icoanei \/ Lumea s\u0103 se roage, \/\u0160tefan s\u0103 ne-aud\u0103 \/ \u0160i s\u0103 fac\u0103 pace! \/ Timpul nu ne cru\u021b\u0103,\/ Soarta nu ne iart\u0103 \/ Turma st\u0103 \u0161i-a\u0161teapt\u0103, Boii stau \u0161i cat\u0103\u2026\u201d<\/em> <strong>(Ion Cojocaru).<\/strong><\/p>\n<p style=\"text-align: justify;\">Turma st\u0103 \u0219i-a\u0219teapt\u0103!<\/p>\n<p style=\"text-align: justify;\">\u2014\u2014\u2014\u2014\u2014\u2014\u2014\u2014\u2014\u2014\u2014\u2014\u2013<\/p>\n<p style=\"text-align: justify;\"><strong>Valeriu DULGHERU<\/strong><\/p>\n<p style=\"text-align: justify;\"><strong>14 octombrie 2018<\/strong><\/p>\n<p style=\"text-align: justify;\"><strong>Chi\u0219in\u0103u-Basarabia<\/strong><\/p>\n","protected":false},"excerpt":{"rendered":"<p>\u201eS\u0103 \u015fti\u0163i: de\u00a0nu ve\u0163i\u00a0ridica.\/ Din s\u00e2nul vostru un\u00a0proroc.\/ \u00cen voi via\u0163a va seca, Zadarnic soarta ve\u0163i\u00a0ruga.\/ C\u0103ci sco\u015fi\u00a0ve\u0163i\u00a0fi atunci din [&#038;hellip<\/p>\n","protected":false},"author":1,"featured_media":0,"comment_status":"closed","ping_status":"closed","sticky":false,"template":"","format":"standard","meta":{"footnotes":""},"categories":[3],"tags":[],"class_list":["post-41474","post","type-post","status-publish","format-standard","hentry","category-articole"],"_links":{"self":[{"href":"https:\/\/www.marianagurza.ro\/blog\/wp-json\/wp\/v2\/posts\/41474","targetHints":{"allow":["GET"]}}],"collection":[{"href":"https:\/\/www.marianagurza.ro\/blog\/wp-json\/wp\/v2\/posts"}],"about":[{"href":"https:\/\/www.marianagurza.ro\/blog\/wp-json\/wp\/v2\/types\/post"}],"author":[{"embeddable":true,"href":"https:\/\/www.marianagurza.ro\/blog\/wp-json\/wp\/v2\/users\/1"}],"replies":[{"embeddable":true,"href":"https:\/\/www.marianagurza.ro\/blog\/wp-json\/wp\/v2\/comments?post=41474"}],"version-history":[{"count":5,"href":"https:\/\/www.marianagurza.ro\/blog\/wp-json\/wp\/v2\/posts\/41474\/revisions"}],"predecessor-version":[{"id":41482,"href":"https:\/\/www.marianagurza.ro\/blog\/wp-json\/wp\/v2\/posts\/41474\/revisions\/41482"}],"wp:attachment":[{"href":"https:\/\/www.marianagurza.ro\/blog\/wp-json\/wp\/v2\/media?parent=41474"}],"wp:term":[{"taxonomy":"category","embeddable":true,"href":"https:\/\/www.marianagurza.ro\/blog\/wp-json\/wp\/v2\/categories?post=41474"},{"taxonomy":"post_tag","embeddable":true,"href":"https:\/\/www.marianagurza.ro\/blog\/wp-json\/wp\/v2\/tags?post=41474"}],"curies":[{"name":"wp","href":"https:\/\/api.w.org\/{rel}","templated":true}]}}