{"id":41679,"date":"2018-10-25T09:24:36","date_gmt":"2018-10-25T09:24:36","guid":{"rendered":"http:\/\/www.marianagurza.ro\/blog\/?p=41679"},"modified":"2018-10-25T09:25:24","modified_gmt":"2018-10-25T09:25:24","slug":"vasilica-grigoras-%e2%80%9eurma-soarelui%e2%80%9d-in-lumina-anotimpurilor-anei-urma","status":"publish","type":"post","link":"https:\/\/www.marianagurza.ro\/blog\/2018\/10\/25\/vasilica-grigoras-%e2%80%9eurma-soarelui%e2%80%9d-in-lumina-anotimpurilor-anei-urma\/","title":{"rendered":"Vasilica GRIGORA\u0218: \u201eUrma soarelui\u201d \u00een lumina anotimpurilor Anei Urma"},"content":{"rendered":"<p style=\"text-align: center;\"><a href=\"http:\/\/www.marianagurza.ro\/blog\/wp-content\/uploads\/2018\/10\/coperta-urma.jpg\"><img loading=\"lazy\" decoding=\"async\" class=\"size-medium wp-image-41680\" title=\"coperta-urma\" src=\"http:\/\/www.marianagurza.ro\/blog\/wp-content\/uploads\/2018\/10\/coperta-urma-300x211.jpg\" alt=\"\" width=\"300\" height=\"211\" srcset=\"https:\/\/www.marianagurza.ro\/blog\/wp-content\/uploads\/2018\/10\/coperta-urma-300x211.jpg 300w, https:\/\/www.marianagurza.ro\/blog\/wp-content\/uploads\/2018\/10\/coperta-urma.jpg 960w\" sizes=\"auto, (max-width: 300px) 100vw, 300px\" \/><\/a><\/p>\n<p style=\"text-align: justify;\">Urma soarelui prins\u0103 \u00eentr-o carte. \u015ei nu \u00een orice carte, ci una special\u0103, cu mireasm\u0103 de \u201csakura\u201d (flori de cire\u015f japonez). Un volum de poeme de sorginte nipon\u0103 (haiku), premiat \u00een cadrul Proiectului \u201eFestivalul Interna\u0163ional de crea\u0163ie Literar\u0103 \u201eTitel Constantinescu\u201d, Edi\u0163ia a XI-a, R\u00e2mnicu S\u0103rat, Proiect apar\u0163in\u00e2nd Asocia\u0163iei \u201eRena\u015fterea R\u00e2mnicean\u0103\u201d, pre\u015fedinte Constantin Marafet. A ob\u0163inut Premiul \u201eVintil\u0103 Horia\u201d, \u00een anul 2018. Cartea a ap\u0103rut la Editura Rafet, R\u00e2mnicu S\u0103rat.<\/p>\n<p style=\"text-align: justify;\">Pentru cei care o cunosc pe poeta Ana Urma, c\u00e2\u015ftigarea acestui premiu nu este o surpriz\u0103. \u00cen lumea haijinilor s-a remarcat \u00een timp fiind apreciat\u0103 ca unul dintre cei mai buni autori de poeme nipone, excel\u00e2nd \u00een compunerea de haiku, meritul s\u0103u fiind recunoscut cu locuri frunta\u015fe la concursurile na\u0163ionale s\u0103pt\u0103m\u00e2nale \u015fi lunare. Poeta a ob\u0163inut mai multe premii \u015fi la concursurile de poezie.<\/p>\n<p style=\"text-align: justify;\">Cartea \u201eUrma soarelui\u201d, nu este singura din panoplia crea\u0163iei sale. \u00cen anul 2015, la Editura PIM din Ia\u015fi i-a ap\u0103rut primul volum de haiku \u201dPloaie de var\u0103\u201d, iar la Editura Art Book Bac\u0103u volumul de poezie \u201dIsadorable\u201d. \u00cen anul 2016 vede lumina tiparului volumul de poezie \u201dFile de jurnal\u201d, volum premiat la \u201dFestivalul de poezie religioas\u0103 &#8211; Credo\u201d 2017.<\/p>\n<p style=\"text-align: justify;\">A\u015fa cum m\u0103rturise\u015fte, Ana Urma a \u00eenceput s\u0103 scrie haiku din anul 2010, atunci c\u00e2nd a \u201edescoperit comunitatea interactiv\u0103 online a iubitorilor de haiku Romanian Kukai \u015fi pe oamenii minuna\u0163i, care f\u0103r\u0103 s\u0103 \u015ftie au r\u0103spuns unei nevoi l\u0103untrice de c\u0103utare \u015fi apropiere, de a m\u0103 ini\u0163ia \u015fi l\u0103muri pe mine \u00eens\u0103mi despre misterul descifr\u0103rii celei mai populare poezii de inspira\u0163ie nipon\u0103, haiku\u201d. A \u00eenceput s\u0103 scrie \u015fi s\u0103 trimit\u0103 la concursuri \u015fi frumoasele rezultate nu s-au l\u0103sat a\u015fteptate.<\/p>\n<p style=\"text-align: justify;\">Pentru to\u0163i autorii de haiku, Matsuo Bash\u014d este farul de la care primim lumin\u0103: \u201e&#8230;compunerea unui poem trebuie s\u0103 fie \u00eenf\u0103ptuit\u0103 \u00eentr-o clip\u0103, cum simte o cioc\u0103nitoare de departe un copac uria\u015f sau cum sare un spadasin la un du\u015fman periculos\u201d. \u00cen acest spirit, haijinul Ana Urma imortalizeaz\u0103 imaginea \u00eentr-un haiku, surprinde un istantaneu, un flash, nu descrie, ci printr-o singur\u0103 tu\u015f\u0103 creioaneaz\u0103, juxtapune, al\u0103tur\u0103 cele dou\u0103 planuri ale poemului.<\/p>\n<p style=\"text-align: justify;\">Organizarea intern\u0103 a volumului este cronologic\u0103, incluz\u00e2nd poeme scrise \u00eentre anii 2010-2017. Fiecare an este un capitol, c\u0103ruia autoarea i-a dedicat \u015fi un motto, ales, fire\u015fte din Matsuo Bash\u014d. Vie\u0163uind conform \u00een\u0163elepciunii din \u201e\u0163ara soarelui r\u0103sare\u201d, p\u0103rintele haiku-ului, ne sf\u0103tuie\u015fte : \u201eNu c\u0103uta s\u0103 calci pe urmele \u00eenainta\u015filor. Caut\u0103 ceea ce au c\u0103utat ei.\u201d \u015ei Ana Urma este un c\u0103ut\u0103tor iscusit \u00een poemele sale.<br \/>\n&#8220;soare la apus \u2013<br \/>\numbra mult mai \u00eenalt\u0103<br \/>\ndec\u00e2t bunica&#8221;<br \/>\n\u00cent\u00e2lnim aici o juxapunere a dou\u0103 imagini. Prima \u201esoare \u00een apus\u201d este o constatare, o observa\u0163ie, iar a doua \u201eumbra mult mai \u00eenalt\u0103\/ dec\u00e2t bunica\u201d, o contrapondere a versului doi \u015fi trei. Un tablou superb, unui cadru natural i se juxtapune o imagine, a b\u0103tr\u00e2nei. \u00cen primul vers, autoarea ne propune s\u0103 asist\u0103m la asfin\u0163itul soarelui, o imagine celest\u0103. Ziua este pe sf\u00e2r\u015fite, soarele alunec\u0103 u\u015for, dar sigur spre orizont, str\u0103lucirea se atenueaz\u0103 treptat, timpul \u00ee\u015fi deap\u0103n\u0103 firul. \u00cen planul al doilea, dup\u0103 kireji, poeta animeaz\u0103 imaginea prin prezen\u0163a bunicii, care se \u00eempu\u0163ineaz\u0103, parc\u0103 este mai mic\u0103 \u00een statur\u0103, doar umbra-i mai \u00eenalt\u0103 la apusul soarelei. \u00cent\u00e2lnim aici paradoxul, figur\u0103 de stil permis\u0103 \u015fi recomandat\u0103 \u00een compunerea haiku-ului \u015fi utilizat\u0103 cu dib\u0103cie de Ana Urma. \u015ei merg\u00e2nd cu ra\u0163ionamentul mai departe, a\u015f ad\u0103uga faptul c\u0103 fiecare dintre noi suntem o zi, r\u0103s\u0103rim \u015fi apunem, precum soarele. Ca \u015fi lumina soarelui \u015fi omul pe p\u0103m\u00e2nt este trec\u0103tor. Autoarea leag\u0103 cu abilitate lumea omului cu cea a cosmosului, umanul cu cerescul, ambele crea\u0163ii divine.<br \/>\n&#8220;cuiburi f\u0103r\u0103 pui \u2013<br \/>\nprivirea b\u0103tr\u00e2nului<br \/>\ntot mai des spre cer&#8221;<br \/>\nUn haiku reu\u015fit, o nota\u0163ie precis alc\u0103tuit\u0103 \u015fi cu profund con\u0163inut. Este lesne s\u0103 \u00een\u0163elegem c\u0103 primul vers \u201ecuibul f\u0103r\u0103 pui\u201d reprezint\u0103 casa f\u0103r\u0103 copii. Poate n-au fost niciodat\u0103 sau, poate au plecat din casa p\u0103rinteasc\u0103 din varii motive. \u015ei-ntr-un caz \u015fi-n altul, p\u0103rintele, de-acum b\u0103tr\u00e2n prive\u015fte \u201etot mai des spre cer\u201d, cu g\u00e2ndul la bunul Dumnezeu, fie a neputin\u0163\u0103, fie cu \u00een\u0163elepciunea accept\u0103rii situa\u0163iei \u00een care se afl\u0103. \u00cen\u0163elege c\u0103 se apropie timpul s\u0103 plece la Cer.<br \/>\n&#8220;v\u00e2nt peste ape \u2013<br \/>\n\u00een oglind\u0103 tremur\u00e2nd<br \/>\niar\u0103\u015fi luna&#8221;<br \/>\nUn instantaneu dintr-o noapte de toamn\u0103 senin\u0103, \u00een care protagoni\u015ftii sunt v\u00e2ntul, apa \u015fi luna. Oglindirea astrului nocturn pe suprafa\u0163a apei este o imagine vizual\u0103, lacustr\u0103, sugestiv\u0103. Ne punem firesc \u00eentrebarea, oare de ce tremur\u0103 luna? G\u0103sim explica\u0163ia \u00een primul vers: v\u00e2ntul este cel care mi\u015fc\u0103 luciul apei, iar luna \u201eemo\u0163ionat\u0103\u201d la \u00eent\u00e2lnirea acestuia, rezoneaz\u0103 \u00een vibra\u0163ie \u015fi tremur\u0103 \u00een ritm eolian. Prin folosirea cuv\u00e2ntului \u201eiar\u0103\u015fi\u201d, poeta ne spune c\u0103 fenomenul este repetitiv. \u015ei chiar o credem.<br \/>\n&#8220;lumina din geam \u2013<br \/>\n\u00een cana f\u0103r\u0103 toart\u0103<br \/>\nprimul ghiocel&#8221;&#8221;<br \/>\nNe afl\u0103m \u00een anotimpul de prim\u0103var\u0103, cu zile mai luminoase, \u00een care ne trezim bine dispu\u015fi \u015fi mai optimi\u015fti. \u00cen cas\u0103, pe mas\u0103 o \u201ecan\u0103 f\u0103r\u0103 toart\u0103\u201d; o avem mai de demult, dar nu renun\u0163\u0103m la ea pentru c\u0103 ne este drag\u0103, este p\u0103str\u0103toarea unor amintiri frumoase, poate am primit-o \u00een dar de la cineva drag\u2026 \u00centr-un strop de poem este reflectat\u0103 desprim\u0103varea naturii \u015fi a sufletului. Lumina soarelui ne intr\u0103 \u00een cas\u0103 \u015fi \u00een inim\u0103 prin prezen\u0163a primilor ghiocei. Ne \u00eensenineaz\u0103, ne d\u0103 speran\u0163\u0103 de mai bine.<br \/>\n&#8220;pian \u00een amurg \u2013<br \/>\ncu fiecare not\u0103<br \/>\nalte frunze cad&#8221;<br \/>\nNu este un concert, ci o voce singular\u0103, un \u201epian \u00een amurg\u201d c\u00e2nt\u0103 l\u00e2ng\u0103 noi, \u00eempreun\u0103 cu natura receptiv\u0103 la sunetul instrumentului deap\u0103n\u0103 frunzele timpului. Un tablou superb de toamn\u0103 spre sf\u00e2r\u015fit, un pian mai vechi care \u00ee\u015fi c\u00e2nt\u0103 ultimele arpegii spre bucuria tuturor. Toamna \u00ee\u015fi dezleag\u0103 frunzele, acestea slobozind pe tonuri roman\u0163\u0103 sau rapsodie, de ce nu? Pe final de vreme bun\u0103, savur\u0103m armonia sublim\u0103 a c\u00e2ntecului pianului \u015fi a naturii.<br \/>\n&#8220;un alt r\u0103s\u0103rit \u2013<br \/>\nalbi \u015fi pere\u0163ii s\u0103lii<br \/>\nde a\u015fteptare&#8221;<br \/>\nPrimul vers \u201eun alt r\u0103s\u0103rit\u201d este o tu\u015f\u0103 de penel din natur\u0103, este o sugestie limpede, care ne duce cu g\u00e2ndul la un nou \u00eenceput, o \u015fans\u0103 nou\u0103 \u00een\/la via\u0163\u0103. Fiecare dintre noi trecem \u015fi prin grele \u00eencerc\u0103ri, dar poeta nu explic\u0103 c\u00e2nd \u015fi cum se \u00eent\u00e2mpl\u0103, se desf\u0103\u015foar\u0103 acest lucru, \u00eens\u0103 ne sf\u0103tuie\u015fte s\u0103 avem speran\u0163\u0103 pentru c\u0103 asemenea r\u0103s\u0103ritului de soare, va veni \u015fi bucuria inimii. C\u00e2nd este vorba de noi \u00een\u015fine sau de o persoan\u0103 drag\u0103 aflat\u0103 pe patul de spital, s\u0103 n\u0103d\u0103jduim \u00eentr-o nou\u0103 raz\u0103 de lumin\u0103, pentru c\u0103 sunt \u201ealbi \u015fi pere\u0163ii s\u0103lii\/ de a\u015fteptare\u201d. Imaginea oglindit\u0103 \u00een partea a doua a poemului este frumos articulat\u0103 prin folosirea cuv\u00e2ntului \u201ea\u015fteptare\u201d, ceea ce presupune \u015fi mult\u0103 r\u0103bdare \u015fi credin\u0163\u0103.<br \/>\n&#8220;lan de lavand\u0103 \u2013<br \/>\ntoat\u0103 mireasma verii<br \/>\n\u00een perna cu flori&#8221;<br \/>\nCine nu a v\u0103zut un \u201elan de lavand\u0103\u201d \u015fi nu a r\u0103mas impresionat de culoarea \u015fi parfumul s\u0103u? Pe \u015fevaletul c\u00e2mpurilor o priveli\u015fte din plin\u0103 var\u0103, a c\u0103rei mireasm\u0103 a p\u0103truns \u015fi \u00een casa noastr\u0103 prin perna pe care mama, bunica au cusut aceste minunate flori. Bucuria se prelunge\u015fte dincolo de timp, vara trece, \u00eens\u0103 mireasma r\u0103m\u00e2ne \u00eempregant\u0103 \u00een perna pe care ne odihnim \u015fi, care ne odihne\u015fte.<br \/>\n&#8220;vremea dudelor \u2013<br \/>\npe um\u0103rul copilei<br \/>\nprimul tatuaj&#8221;<br \/>\nO nou\u0103 imagine estival\u0103. De data aceasta, un col\u0163 din gr\u0103dina de la \u0163ar\u0103, \u00een care autoarea surprinde \u201evremea dudelor\u201d. Dulcea\u0163a acestora \u00eembie oamenii, indiferent de v\u00e2rst\u0103, \u00eens\u0103 cu prioritate copiii s\u0103 se \u00eenfrupte cu poft\u0103. \u015ei cum altfel, dec\u00e2t scutur\u00e2nd dudul. F\u0103r\u0103 a spune expres culoarea dudelor, \u00een\u0163elegem c\u0103 sunt negre, iar acestea \u00ee\u015fi las\u0103 amprenta pe umerii, m\u00e2inile lor, asemenea unui veritabil tatuaj, pe care \u00eel poart\u0103 bucuro\u015fi mai mult timp, poate p\u00e2n\u0103 la terminarea dudelor coapte. Cu un efort de imagina\u0163ie, chipul copilei este un tablou minunat pe aureola verii. Prin prezen\u0163a dudului \u015fi a copilei, poemul este unul juc\u0103u\u015f, predispune la bucurie, invit\u00e2ndu-ne \u015fi pe noi s\u0103 culegem dud\u0103 cu dud\u0103, dac\u0103 se \u00eent\u00e2mpl\u0103 s\u0103 fim prin preajm\u0103.<br \/>\n&#8220;singur pe peron \u2013<br \/>\nscutur\u00e2ndu-se de floare<br \/>\ncire\u015ful amar&#8221;<br \/>\nLa prima lectur\u0103, din versurile din planul doi al poemului, credem c\u0103 e vorba de prim\u0103var\u0103, c\u00e2nd cire\u015ful \u00ee\u015fi scutur\u0103 florile. Ni se pare normal, \u00eens\u0103 ne \u00eentreb\u0103m: de ce poeta a precizat c\u0103 este vorba de un cire\u015f amar? \u00centorc\u00e2ndu-ne la primul vers \u201esingur pe peron\u201d, presupunem c\u0103 e vorba de o desp\u0103r\u0163ire, poate o dezam\u0103gire \u00een dragoste (de aceea o fi cire\u015ful amar!!). Putem crede c\u0103 este \u201etoamna\u201d unui cuplu, apusul unei iubiri. Un haiku excep\u0163ional, cu o remarcabil\u0103 for\u0163\u0103 de sugestie.<br \/>\nDar toamnele trec, iar noi a\u015ftept\u0103m s\u0103 petrecem alte bucurii ale timpului c\u00e2nd:<br \/>\n&#8220;urme \u00een om\u0103t \u2013<br \/>\nplin\u0103 de bastona\u015fe<br \/>\nprima dintre foi&#8221;<br \/>\n\u00cenceput de iarn\u0103, ici colo p\u00e2lcuri de z\u0103pad\u0103 a\u015fezate pe p\u0103m\u00e2ntul negru ori pe frunzele deja ruginite. Bucuria z\u0103pezii pentru to\u0163i ne scoate din cas\u0103, cei mari pentru treburile zilnice, cei mici ner\u0103bd\u0103tori s\u0103 se joace, l\u0103s\u00e2nd cu to\u0163ii \u201eurme \u00een om\u0103t\u201d. \u00cencerc\u00e2nd s\u0103 decript\u0103m partea a doua a poemului \u201eplin\u0103 de bastona\u015fe \/ prima dintre foi\u201d, con\u015ftientiz\u0103m c\u0103 de acum \u00eencepem s\u0103 adun\u0103m primele amintiri pe care le post\u0103m cu migal\u0103 pe prima dintre filele c\u0103r\u0163ii, reflectare a spectacolului, a jocului d\u0103ruit de Dumnezeu pe p\u0103m\u00e2nt, numit via\u0163\u0103.<\/p>\n<p style=\"text-align: justify;\">Poeta Ana Urma merge mai departe pe firul logicii \u015fi ne sugereaz\u0103 (poate chiar ne avertizeaz\u0103) c\u0103 se poate \u00eent\u00e2mpla ca atunci c\u00e2nd<br \/>\n&#8220;ninge cu fulgi mari \u2013<br \/>\n\u00eentre creion \u015fi h\u00e2rtie<br \/>\nnicio liter\u0103&#8221;.<br \/>\nUn autentic poem de sorginte japonez\u0103 \u00eencununeaz\u0103 crea\u0163iei poetei. Ne d\u0103ruie\u015fte o imagine superb\u0103 a naturii. Totul este alb, pur, t\u0103m\u0103duitor. R\u0103m\u00e2nem cu to\u0163ii \u00een cas\u0103, acas\u0103, cu noi \u00een\u015fine, cu eul nostru liric, doar medit\u0103m, ne rug\u0103m. Nimeni \u015fi nimic nu poate \u00eempieta aceast\u0103 stare, sper\u00e2nd c\u0103 va veni timpul \u00een care complet\u0103m jurnalul cu slove, versuri, imagini \u015fi tr\u0103iri de fine\u0163e \u015fi profunzime.<br \/>\nRevenind la Basho, care spunea c\u0103 \u201eDac\u0103 \u00een universul acesta r\u0103sar flori, eu am \u00eencredere \u00een el.\u201d \u015ei Ana Urma are \u00eencredere \u00een frumuse\u0163ea \u015fi generozitatea poemelor japoneze pentru sufletul \u015fi spiritul nostru. &#8220;salc\u00e2mi \u00een floare \u2013<br \/>\n\u00eencet desferecate<br \/>\ntoate por\u0163ile&#8221;<\/p>\n<p style=\"text-align: justify;\">Se spune c\u0103 o floare nu aduce prim\u0103vara, \u00eens\u0103 cu certitudine mireasma florilor de salc\u00e2m nu cunoa\u015fte margini, se propag\u0103 \u00een cele mai mici cotloane ale naturii \u015fi vie\u0163ii omului. S\u0103 ne deschidem sufletul la frumosul din natur\u0103, la parfumul inconfundabil al acestor flori, la albul lor str\u0103lucitor \u015fi s\u0103 ne reanim\u0103m sufletul, cumva pu\u0163in ofilit de iarna trec\u0103toare. Dar s\u0103 ne m\u00e2ng\u00e2iem inima \u015fi mintea \u015fi prin lectura unor minunate poeme, precum cele din acest volum.<\/p>\n<p style=\"text-align: justify;\">Felicit\u0103ri, Ana Urma pentru cartea \u201eUrma soarelui\u201d \u015fi pentru premiul ob\u0163inut la Festivalul de poezie de la R\u00e2mnicu S\u0103rat!<\/p>\n<p style=\"text-align: justify;\">\u2014\u2014\u2014\u2014\u2014\u2014\u2014\u2014\u2014\u2014\u2014\u2014\u2014-<\/p>\n<p style=\"text-align: justify;\"><strong>Vasilica GRIGORA\u0218<\/strong><\/p>\n<p style=\"text-align: justify;\"><strong>Vaslui<\/strong><\/p>\n<p><strong>25 octombrie, 2018<\/strong><\/p>\n","protected":false},"excerpt":{"rendered":"<p>Urma soarelui prins\u0103 \u00eentr-o carte. \u015ei nu \u00een orice carte, ci una special\u0103, cu mireasm\u0103 de \u201csakura\u201d (flori de cire\u015f [&#038;hellip<\/p>\n","protected":false},"author":1,"featured_media":0,"comment_status":"closed","ping_status":"closed","sticky":false,"template":"","format":"standard","meta":{"footnotes":""},"categories":[3],"tags":[],"class_list":["post-41679","post","type-post","status-publish","format-standard","hentry","category-articole"],"_links":{"self":[{"href":"https:\/\/www.marianagurza.ro\/blog\/wp-json\/wp\/v2\/posts\/41679","targetHints":{"allow":["GET"]}}],"collection":[{"href":"https:\/\/www.marianagurza.ro\/blog\/wp-json\/wp\/v2\/posts"}],"about":[{"href":"https:\/\/www.marianagurza.ro\/blog\/wp-json\/wp\/v2\/types\/post"}],"author":[{"embeddable":true,"href":"https:\/\/www.marianagurza.ro\/blog\/wp-json\/wp\/v2\/users\/1"}],"replies":[{"embeddable":true,"href":"https:\/\/www.marianagurza.ro\/blog\/wp-json\/wp\/v2\/comments?post=41679"}],"version-history":[{"count":2,"href":"https:\/\/www.marianagurza.ro\/blog\/wp-json\/wp\/v2\/posts\/41679\/revisions"}],"predecessor-version":[{"id":41682,"href":"https:\/\/www.marianagurza.ro\/blog\/wp-json\/wp\/v2\/posts\/41679\/revisions\/41682"}],"wp:attachment":[{"href":"https:\/\/www.marianagurza.ro\/blog\/wp-json\/wp\/v2\/media?parent=41679"}],"wp:term":[{"taxonomy":"category","embeddable":true,"href":"https:\/\/www.marianagurza.ro\/blog\/wp-json\/wp\/v2\/categories?post=41679"},{"taxonomy":"post_tag","embeddable":true,"href":"https:\/\/www.marianagurza.ro\/blog\/wp-json\/wp\/v2\/tags?post=41679"}],"curies":[{"name":"wp","href":"https:\/\/api.w.org\/{rel}","templated":true}]}}