{"id":41683,"date":"2018-10-25T10:32:04","date_gmt":"2018-10-25T10:32:04","guid":{"rendered":"http:\/\/www.marianagurza.ro\/blog\/?p=41683"},"modified":"2018-10-25T10:32:47","modified_gmt":"2018-10-25T10:32:47","slug":"eleonora-schipor-steluta-hliboceana-%e2%80%93-2018","status":"publish","type":"post","link":"https:\/\/www.marianagurza.ro\/blog\/2018\/10\/25\/eleonora-schipor-steluta-hliboceana-%e2%80%93-2018\/","title":{"rendered":"Eleonora SCHIPOR: Stelu\u021ba hlibocean\u0103 \u2013 2018"},"content":{"rendered":"<p style=\"text-align: center;\"><a href=\"http:\/\/www.marianagurza.ro\/blog\/wp-content\/uploads\/2018\/10\/17.jpg\"><img loading=\"lazy\" decoding=\"async\" class=\"size-medium wp-image-41684\" title=\"1\" src=\"http:\/\/www.marianagurza.ro\/blog\/wp-content\/uploads\/2018\/10\/17-300x145.jpg\" alt=\"\" width=\"300\" height=\"145\" srcset=\"https:\/\/www.marianagurza.ro\/blog\/wp-content\/uploads\/2018\/10\/17-300x145.jpg 300w, https:\/\/www.marianagurza.ro\/blog\/wp-content\/uploads\/2018\/10\/17-1024x497.jpg 1024w, https:\/\/www.marianagurza.ro\/blog\/wp-content\/uploads\/2018\/10\/17.jpg 1384w\" sizes=\"auto, (max-width: 300px) 100vw, 300px\" \/><\/a><\/p>\n<p style=\"text-align: justify;\">Una dintre cele mai bune eleve de la CIE Cupca, pre\u0219edinta comitetului \u0219col\u0103resc Marta Belici, elev\u0103 \u00een clasa a X-a \u201eA\u201d, a participat \u0219i \u00een acest an la tradi\u021bionalul concurs \u201eStelu\u021ba hlibocean\u0103\u201d.<\/p>\n<p style=\"text-align: justify;\">Marta a participat la categoria mare (au fost trei categorii \u2013 mic\u0103, mijlocie \u0219i mare).<\/p>\n<p style=\"text-align: justify;\">Participan\u021bii au sus\u021binut trei probe: recital, vocal \u0219i dans. Ea a recitat o poezie \u00een limba ucrainean\u0103, a interpretat un c\u00e2ntec popular rom\u00e2nesc, iar la proba de dans de asemenea a dansat un dans rom\u00e2nesc, \u00eenso\u021bit\u0103 de grupul de dansatoare din clasele a X-a \u201eA\u201d \u0219i \u201eB\u201d.<\/p>\n<p style=\"text-align: justify;\">La toate trei probe a ob\u021binut rezultate bune, clas\u00e2ndu-se astfel pe locul II \u00een raion.<\/p>\n<p style=\"text-align: justify;\">A avut bine\u00een\u021beles \u0219i costuma\u021bia respectiv\u0103 la toate cele trei probe.<\/p>\n<p style=\"text-align: center;\"><a href=\"http:\/\/www.marianagurza.ro\/blog\/wp-content\/uploads\/2018\/10\/25.jpg\"><img loading=\"lazy\" decoding=\"async\" class=\"size-medium wp-image-41685\" title=\"2\" src=\"http:\/\/www.marianagurza.ro\/blog\/wp-content\/uploads\/2018\/10\/25-145x300.jpg\" alt=\"\" width=\"145\" height=\"300\" srcset=\"https:\/\/www.marianagurza.ro\/blog\/wp-content\/uploads\/2018\/10\/25-145x300.jpg 145w, https:\/\/www.marianagurza.ro\/blog\/wp-content\/uploads\/2018\/10\/25-497x1024.jpg 497w, https:\/\/www.marianagurza.ro\/blog\/wp-content\/uploads\/2018\/10\/25.jpg 672w\" sizes=\"auto, (max-width: 145px) 100vw, 145px\" \/><\/a><\/p>\n<p style=\"text-align: justify;\">Sincere mul\u021bumiri aducem p\u0103rin\u021bilor Maria \u0219i Vasile pentru grija, sus\u021binerea de care au dat dovad\u0103, prin procurarea costuma\u021biei respective etc.<\/p>\n<p style=\"text-align: center;\"><a href=\"http:\/\/www.marianagurza.ro\/blog\/wp-content\/uploads\/2018\/10\/36.jpg\"><img loading=\"lazy\" decoding=\"async\" class=\"size-medium wp-image-41686\" title=\"3\" src=\"http:\/\/www.marianagurza.ro\/blog\/wp-content\/uploads\/2018\/10\/36-300x145.jpg\" alt=\"\" width=\"300\" height=\"145\" srcset=\"https:\/\/www.marianagurza.ro\/blog\/wp-content\/uploads\/2018\/10\/36-300x145.jpg 300w, https:\/\/www.marianagurza.ro\/blog\/wp-content\/uploads\/2018\/10\/36-1024x497.jpg 1024w, https:\/\/www.marianagurza.ro\/blog\/wp-content\/uploads\/2018\/10\/36.jpg 1384w\" sizes=\"auto, (max-width: 300px) 100vw, 300px\" \/><\/a><\/p>\n<p style=\"text-align: justify;\">De asemenea aducem mul\u021bumiri profesorilor care au ajutat-o \u00een preg\u0103tirea pentru concurs. Profesoarei de limba \u0219i literatura ucrainean\u0103 Alina A. Tar\u00e2\u021ba, profesoarei de limba \u0219i literatura rom\u00e2n\u0103, dirigintei de clas\u0103 Lucica V. Du\u0219ceac, direc\u021biei CIE Cupca.<\/p>\n<p style=\"text-align: center;\"><a href=\"http:\/\/www.marianagurza.ro\/blog\/wp-content\/uploads\/2018\/10\/45.jpg\"><img loading=\"lazy\" decoding=\"async\" class=\"size-medium wp-image-41687\" title=\"4\" src=\"http:\/\/www.marianagurza.ro\/blog\/wp-content\/uploads\/2018\/10\/45-145x300.jpg\" alt=\"\" width=\"145\" height=\"300\" srcset=\"https:\/\/www.marianagurza.ro\/blog\/wp-content\/uploads\/2018\/10\/45-145x300.jpg 145w, https:\/\/www.marianagurza.ro\/blog\/wp-content\/uploads\/2018\/10\/45-497x1024.jpg 497w, https:\/\/www.marianagurza.ro\/blog\/wp-content\/uploads\/2018\/10\/45.jpg 672w\" sizes=\"auto, (max-width: 145px) 100vw, 145px\" \/><\/a><\/p>\n<p style=\"text-align: justify;\">Vom men\u021biona faptul c\u0103 Marta Belici, dar \u0219i colegele ei particip\u0103 adesea la felurite ceremonii festive: festivaluri, s\u0103rb\u0103tori tradi\u021bionale, \u00eent\u00e2lniri importante. Toamna aceasta a participat \u00eempreun\u0103 cu prietena \u0219i colega ei de clas\u0103 Elena Bicer la deschiderea Filialei ASCIOR-Cern\u0103u\u021bi, au interpretat dou\u0103 c\u00e2ntece \u00een frumoase costume na\u021binale rom\u00e2ne\u0219ti. Ambele au devenit \u0219i cele mai tinere membre ale noii filiale cre\u0219tine.<\/p>\n<p style=\"text-align: justify;\">\u00a0\u00a0\u00a0\u00a0\u00a0\u00a0\u00a0\u00a0\u00a0 Felicit\u0103ri, Marta! La mai mult \u0219i la mai mare! Mari succese pe viitor.<\/p>\n<p style=\"text-align: justify;\">&#8212;&#8212;&#8212;&#8212;&#8212;&#8212;&#8212;&#8212;&#8212;&#8212;&#8212;-<\/p>\n<p style=\"text-align: justify;\"><strong>Prof. Eleonora SCHIPOR,<\/strong><\/p>\n<p style=\"text-align: justify;\"><strong>Cupca, Bucovina de Nord\/Ucraina<br \/>\n<\/strong><\/p>\n<p style=\"text-align: justify;\"><strong>24 octombrie, 2018<\/strong><\/p>\n","protected":false},"excerpt":{"rendered":"<p>Una dintre cele mai bune eleve de la CIE Cupca, pre\u0219edinta comitetului \u0219col\u0103resc Marta Belici, elev\u0103 \u00een clasa a X-a [&#038;hellip<\/p>\n","protected":false},"author":1,"featured_media":0,"comment_status":"closed","ping_status":"closed","sticky":false,"template":"","format":"standard","meta":{"footnotes":""},"categories":[3],"tags":[],"class_list":["post-41683","post","type-post","status-publish","format-standard","hentry","category-articole"],"_links":{"self":[{"href":"https:\/\/www.marianagurza.ro\/blog\/wp-json\/wp\/v2\/posts\/41683","targetHints":{"allow":["GET"]}}],"collection":[{"href":"https:\/\/www.marianagurza.ro\/blog\/wp-json\/wp\/v2\/posts"}],"about":[{"href":"https:\/\/www.marianagurza.ro\/blog\/wp-json\/wp\/v2\/types\/post"}],"author":[{"embeddable":true,"href":"https:\/\/www.marianagurza.ro\/blog\/wp-json\/wp\/v2\/users\/1"}],"replies":[{"embeddable":true,"href":"https:\/\/www.marianagurza.ro\/blog\/wp-json\/wp\/v2\/comments?post=41683"}],"version-history":[{"count":2,"href":"https:\/\/www.marianagurza.ro\/blog\/wp-json\/wp\/v2\/posts\/41683\/revisions"}],"predecessor-version":[{"id":41689,"href":"https:\/\/www.marianagurza.ro\/blog\/wp-json\/wp\/v2\/posts\/41683\/revisions\/41689"}],"wp:attachment":[{"href":"https:\/\/www.marianagurza.ro\/blog\/wp-json\/wp\/v2\/media?parent=41683"}],"wp:term":[{"taxonomy":"category","embeddable":true,"href":"https:\/\/www.marianagurza.ro\/blog\/wp-json\/wp\/v2\/categories?post=41683"},{"taxonomy":"post_tag","embeddable":true,"href":"https:\/\/www.marianagurza.ro\/blog\/wp-json\/wp\/v2\/tags?post=41683"}],"curies":[{"name":"wp","href":"https:\/\/api.w.org\/{rel}","templated":true}]}}