{"id":41690,"date":"2018-10-25T12:02:55","date_gmt":"2018-10-25T12:02:55","guid":{"rendered":"http:\/\/www.marianagurza.ro\/blog\/?p=41690"},"modified":"2018-10-25T12:32:29","modified_gmt":"2018-10-25T12:32:29","slug":"41690","status":"publish","type":"post","link":"https:\/\/www.marianagurza.ro\/blog\/2018\/10\/25\/41690\/","title":{"rendered":"Camelia CRISTEA: \u0218i toamna torc poeme&#8230;"},"content":{"rendered":"<p style=\"text-align: center;\"><a href=\"http:\/\/www.marianagurza.ro\/blog\/wp-content\/uploads\/2018\/10\/van-gogh-peisaj-de-toamna-1885.jpg\"><img loading=\"lazy\" decoding=\"async\" class=\"size-medium wp-image-41694\" title=\"van-gogh-peisaj-de-toamna-1885\" src=\"http:\/\/www.marianagurza.ro\/blog\/wp-content\/uploads\/2018\/10\/van-gogh-peisaj-de-toamna-1885-300x231.jpg\" alt=\"\" width=\"300\" height=\"231\" srcset=\"https:\/\/www.marianagurza.ro\/blog\/wp-content\/uploads\/2018\/10\/van-gogh-peisaj-de-toamna-1885-300x231.jpg 300w, https:\/\/www.marianagurza.ro\/blog\/wp-content\/uploads\/2018\/10\/van-gogh-peisaj-de-toamna-1885.jpg 713w\" sizes=\"auto, (max-width: 300px) 100vw, 300px\" \/><\/a><\/p>\n<p>&nbsp;<\/p>\n<p><strong>Toamna<\/strong><\/p>\n<p>&nbsp;<\/p>\n<p>C\u00e2nd Toamna \u00ee\u0219i scutur\u0103 al ei patrafir,<br \/>\nCastana \u0219i frunza se scald\u0103 \u00een rou\u0103<br \/>\nPe creaste de munte m\u0103 \u00eenalt \u0219i m\u0103 mir<br \/>\nC\u0103 via\u021b\u0103-i frumoas\u0103 \u0219i parc\u0103 mai nou\u0103\u2026<\/p>\n<p>&nbsp;<\/p>\n<p>&nbsp;<\/p>\n<p>Un pictor \u0219\u0103galnic amestec\u0103 iar<br \/>\nCulori efemere, decorul s\u0103-l fac\u0103<br \/>\nO floare de col\u021b pe st\u00e2nc\u0103 s\u0103-i stea<br \/>\nImaginea asta nu-i este s\u0103rac\u0103\u2026.<\/p>\n<p>&nbsp;<\/p>\n<p>&nbsp;<\/p>\n<p>\u0218i pacea coboar\u0103 pe trepte de dor<br \/>\n\u00cembrac\u0103 albastrul iubirii eterne,<br \/>\nGutuia se &#8211; aprinde \u00een sufletul meu<br \/>\nLumina s\u0103-i dea \u0219i clipei mai terne\u2026<\/p>\n<p>&nbsp;<\/p>\n<p>&nbsp;<\/p>\n<p>Se scutur\u0103 frunza, rugin\u0103-n p\u0103m\u00e2nt<br \/>\nUn alt anotimp zide\u0219te altare<br \/>\nCu darul acesta de floare \u0219i c\u00e2nt,<br \/>\nToamnele trec \u0219i parc\u0103 m\u0103 doare\u2026.<\/p>\n<p>&nbsp;<\/p>\n<p><strong>\u0218i torc poeme&#8230;<\/strong><\/p>\n<p>&nbsp;<\/p>\n<p>Se vars\u0103 ceru-n poala unui c\u00e2mp,<br \/>\nIar soarele \u00een fire de m\u0103tase,<br \/>\nFuioarele au tors gr\u00e2u \u0219i porumb<br \/>\nBogatul rod ne intr\u0103 iar \u00een case.<\/p>\n<p>&nbsp;<\/p>\n<p>&nbsp;<\/p>\n<p>Podgoriile miros deja a must,<br \/>\n\u00cen teasc din struguri lacrimi \u00eemplinite<br \/>\nDin p\u00e2ntec de butoi mai sare-un cep,<br \/>\nUn pivnicer \u00eennum\u0103r\u0103 oi pe s\u0103rite.<\/p>\n<p>&nbsp;<\/p>\n<p>&nbsp;<\/p>\n<p>Prin nori de fum \u00een grab\u0103 trec cocorii,<br \/>\nVe\u0219m\u00e2ntul toamnei cu brum\u0103 e brodat<br \/>\n\u00centr-o broboad\u0103-\u0219i str\u00e2nge zilele cernite,<br \/>\nPe firul ierbii cu pa\u0219i gr\u0103bi\u021bi rugina a c\u0103lcat.<\/p>\n<p>&nbsp;<\/p>\n<p>&nbsp;<\/p>\n<p>Un lampagiu mai fur\u0103 o gutuie<br \/>\nS\u0103 lumineze noaptea \u00een iernile ce vin,<br \/>\nPlictisul s\u0103-l alunge din viscolul ce geme<br \/>\nSavoare s\u0103 \u00eei dea \u0219i unei c\u0103ni cu vin!<\/p>\n<p>&nbsp;<\/p>\n<p>&nbsp;<\/p>\n<p>Pove\u0219tile se spun la gura sobei<br \/>\nDin jar se-aprind obrajii unui m\u0103r,<br \/>\nEu tot mai cred \u00een prin\u021bi \u0219i Cos\u00e2nzene,<br \/>\n\u0218i torc poem de suflet cu firele de dor.<\/p>\n<p>\u2014\u2014\u2014\u2014\u2014\u2014\u2014\u2014\u2014\u2013<\/p>\n<p><strong>Camelia CRISTEA<\/strong><\/p>\n<p><strong>Bucure\u0219ti<\/strong><\/p>\n<p><strong>\u00a0Octombrie, 2018<\/strong><\/p>\n<p>&nbsp;<\/p>\n<p><em>*Pictur\u0103 de Van Gogh-Peisaj de toamn\u0103 1885<\/em><\/p>\n","protected":false},"excerpt":{"rendered":"<p>&nbsp; Toamna &nbsp; C\u00e2nd Toamna \u00ee\u0219i scutur\u0103 al ei patrafir, Castana \u0219i frunza se scald\u0103 \u00een rou\u0103 Pe creaste de [&#038;hellip<\/p>\n","protected":false},"author":1,"featured_media":0,"comment_status":"closed","ping_status":"closed","sticky":false,"template":"","format":"standard","meta":{"footnotes":""},"categories":[3],"tags":[],"class_list":["post-41690","post","type-post","status-publish","format-standard","hentry","category-articole"],"_links":{"self":[{"href":"https:\/\/www.marianagurza.ro\/blog\/wp-json\/wp\/v2\/posts\/41690","targetHints":{"allow":["GET"]}}],"collection":[{"href":"https:\/\/www.marianagurza.ro\/blog\/wp-json\/wp\/v2\/posts"}],"about":[{"href":"https:\/\/www.marianagurza.ro\/blog\/wp-json\/wp\/v2\/types\/post"}],"author":[{"embeddable":true,"href":"https:\/\/www.marianagurza.ro\/blog\/wp-json\/wp\/v2\/users\/1"}],"replies":[{"embeddable":true,"href":"https:\/\/www.marianagurza.ro\/blog\/wp-json\/wp\/v2\/comments?post=41690"}],"version-history":[{"count":4,"href":"https:\/\/www.marianagurza.ro\/blog\/wp-json\/wp\/v2\/posts\/41690\/revisions"}],"predecessor-version":[{"id":41696,"href":"https:\/\/www.marianagurza.ro\/blog\/wp-json\/wp\/v2\/posts\/41690\/revisions\/41696"}],"wp:attachment":[{"href":"https:\/\/www.marianagurza.ro\/blog\/wp-json\/wp\/v2\/media?parent=41690"}],"wp:term":[{"taxonomy":"category","embeddable":true,"href":"https:\/\/www.marianagurza.ro\/blog\/wp-json\/wp\/v2\/categories?post=41690"},{"taxonomy":"post_tag","embeddable":true,"href":"https:\/\/www.marianagurza.ro\/blog\/wp-json\/wp\/v2\/tags?post=41690"}],"curies":[{"name":"wp","href":"https:\/\/api.w.org\/{rel}","templated":true}]}}