{"id":41903,"date":"2018-11-29T11:04:31","date_gmt":"2018-11-29T11:04:31","guid":{"rendered":"http:\/\/www.marianagurza.ro\/blog\/?p=41903"},"modified":"2018-11-29T11:04:31","modified_gmt":"2018-11-29T11:04:31","slug":"alla-tonu-ninge-n-decembrie","status":"publish","type":"post","link":"https:\/\/www.marianagurza.ro\/blog\/2018\/11\/29\/alla-tonu-ninge-n-decembrie\/","title":{"rendered":"Alla TONU: Ninge-n decembrie"},"content":{"rendered":"<p style=\"text-align: center;\"><a href=\"http:\/\/www.marianagurza.ro\/blog\/wp-content\/uploads\/2018\/11\/unire.jpg\"><img loading=\"lazy\" decoding=\"async\" class=\"size-medium wp-image-41904\" title=\"unire\" src=\"http:\/\/www.marianagurza.ro\/blog\/wp-content\/uploads\/2018\/11\/unire-300x187.jpg\" alt=\"\" width=\"300\" height=\"187\" srcset=\"https:\/\/www.marianagurza.ro\/blog\/wp-content\/uploads\/2018\/11\/unire-300x187.jpg 300w, https:\/\/www.marianagurza.ro\/blog\/wp-content\/uploads\/2018\/11\/unire.jpg 960w\" sizes=\"auto, (max-width: 300px) 100vw, 300px\" \/><\/a><\/p>\n<p><strong>NINGE-N DECEMBRIE<\/strong><\/p>\n<p>&nbsp;<\/p>\n<p>Ninsorile-aduc nostalgii,<br \/>\nTe-nc\u00e2nt\u0103, devin poezii,<br \/>\nC\u00e2\u021bi fulgi sunt \u00een cer \u0219i-n v\u0103zduh, r\u00e2nd pe r\u00e2nd<br \/>\nSe-nghesuie to\u021bi, cobor\u00e2nd spre p\u0103m\u00e2nt<br \/>\nS\u0103 ning\u0103 din nou pe h\u00e2rtii.<\/p>\n<p>&nbsp;<\/p>\n<div>\n<p>Ninsorile-aduc amintiri,<br \/>\nFr\u0103m\u00e2nt\u0103 \u00een inimi tr\u0103iri,<br \/>\nAzi ninge \u00een \u021bar\u0103 precum la-nceput<br \/>\nCu veacuri, istorie, ani ce-au trecut &#8211;<br \/>\nEcou ale sfintei Uniri.<\/p>\n<p>&nbsp;<\/p>\n<p>Azi ninge din cer ca din saci,<br \/>\nCu ge\u021bi, cu romani \u0219i cu daci,<br \/>\nCu zvonuri de clopot, de spezi \u0219i de c\u00e2nt<br \/>\nCu-o\u0219tenii lui \u0218tefan ce-n lupt\u0103 se-av\u00e2nt<br \/>\nCu gloria str\u0103mo\u0219ilor dragi.<\/p>\n<p>&nbsp;<\/p>\n<p>Azi ninge u\u0219or \u0219i t\u0103cut,<br \/>\nPe r\u00e2ul de lacrimi umplut,<br \/>\nPe aripi de sfin\u021bi, fulgi coboar\u0103 dibaci<br \/>\nSa \u0219tearg\u0103 durerea urma\u0219ilor-daci<br \/>\nPe ambele maluri de Prut.<\/p>\n<p>&nbsp;<\/p>\n<p>Azi ninge, -de iarn\u0103-nceput,<br \/>\nDecembrie ca \u0219i-n trecut,<br \/>\nNe-aduce aminte c\u0103-o limb\u0103 avem<br \/>\nO patrie, -un \u021bel \u0219i un nume purt\u0103m<br \/>\n\u0218i-un unic destin prea-durut.<\/p>\n<p>&nbsp;<\/p>\n<p>Azi ninge din cer \u0219i din dor,<br \/>\nTreze\u0219te-te vrednic popor!<br \/>\n\u0218i sus cu m\u00e2ndrie-a ta frunte \u021bin\u00e2nd<br \/>\n\u00cenal\u021b\u0103-ndr\u0103zne\u021b peste \u021bar\u0103 c\u00e2nt\u00e2nd<br \/>\nAl nostru frumos tricolor.<\/p>\n<p>\u2014\u2014\u2014\u2014\u2014\u2014\u2014\u2014-<\/p>\n<p><strong>Alla TONU<\/strong><\/p>\n<p><strong>Chi\u0219in\u0103u, Moldova<\/strong><\/p>\n<p><strong>29 noiembrie, 2018<\/strong><\/p>\n<p><em>Foto \u2013 Internet<\/em><\/p>\n<\/div>\n","protected":false},"excerpt":{"rendered":"<p>NINGE-N DECEMBRIE &nbsp; Ninsorile-aduc nostalgii, Te-nc\u00e2nt\u0103, devin poezii, C\u00e2\u021bi fulgi sunt \u00een cer \u0219i-n v\u0103zduh, r\u00e2nd pe r\u00e2nd Se-nghesuie to\u021bi, [&#038;hellip<\/p>\n","protected":false},"author":1,"featured_media":0,"comment_status":"closed","ping_status":"closed","sticky":false,"template":"","format":"standard","meta":{"footnotes":""},"categories":[3],"tags":[],"class_list":["post-41903","post","type-post","status-publish","format-standard","hentry","category-articole"],"_links":{"self":[{"href":"https:\/\/www.marianagurza.ro\/blog\/wp-json\/wp\/v2\/posts\/41903","targetHints":{"allow":["GET"]}}],"collection":[{"href":"https:\/\/www.marianagurza.ro\/blog\/wp-json\/wp\/v2\/posts"}],"about":[{"href":"https:\/\/www.marianagurza.ro\/blog\/wp-json\/wp\/v2\/types\/post"}],"author":[{"embeddable":true,"href":"https:\/\/www.marianagurza.ro\/blog\/wp-json\/wp\/v2\/users\/1"}],"replies":[{"embeddable":true,"href":"https:\/\/www.marianagurza.ro\/blog\/wp-json\/wp\/v2\/comments?post=41903"}],"version-history":[{"count":1,"href":"https:\/\/www.marianagurza.ro\/blog\/wp-json\/wp\/v2\/posts\/41903\/revisions"}],"predecessor-version":[{"id":41905,"href":"https:\/\/www.marianagurza.ro\/blog\/wp-json\/wp\/v2\/posts\/41903\/revisions\/41905"}],"wp:attachment":[{"href":"https:\/\/www.marianagurza.ro\/blog\/wp-json\/wp\/v2\/media?parent=41903"}],"wp:term":[{"taxonomy":"category","embeddable":true,"href":"https:\/\/www.marianagurza.ro\/blog\/wp-json\/wp\/v2\/categories?post=41903"},{"taxonomy":"post_tag","embeddable":true,"href":"https:\/\/www.marianagurza.ro\/blog\/wp-json\/wp\/v2\/tags?post=41903"}],"curies":[{"name":"wp","href":"https:\/\/api.w.org\/{rel}","templated":true}]}}