{"id":41909,"date":"2018-11-30T09:52:10","date_gmt":"2018-11-30T09:52:10","guid":{"rendered":"http:\/\/www.marianagurza.ro\/blog\/?p=41909"},"modified":"2018-11-30T09:52:10","modified_gmt":"2018-11-30T09:52:10","slug":"silvia-bodea-salajan-oda-bucuriei","status":"publish","type":"post","link":"https:\/\/www.marianagurza.ro\/blog\/2018\/11\/30\/silvia-bodea-salajan-oda-bucuriei\/","title":{"rendered":"Silvia BODEA S\u0102L\u0102JAN: Od\u0103 bucuriei"},"content":{"rendered":"<p style=\"text-align: center;\"><a href=\"http:\/\/www.marianagurza.ro\/blog\/wp-content\/uploads\/2018\/11\/oda-bucuriei.jpg\"><img loading=\"lazy\" decoding=\"async\" class=\"size-medium wp-image-41910\" title=\"oda-bucuriei\" src=\"http:\/\/www.marianagurza.ro\/blog\/wp-content\/uploads\/2018\/11\/oda-bucuriei-300x150.jpg\" alt=\"\" width=\"300\" height=\"150\" srcset=\"https:\/\/www.marianagurza.ro\/blog\/wp-content\/uploads\/2018\/11\/oda-bucuriei-300x150.jpg 300w, https:\/\/www.marianagurza.ro\/blog\/wp-content\/uploads\/2018\/11\/oda-bucuriei.jpg 960w\" sizes=\"auto, (max-width: 300px) 100vw, 300px\" \/><\/a><\/p>\n<p><strong>Od\u0103 bucuriei<\/strong><\/p>\n<p>&nbsp;<\/p>\n<p>Ai l\u0103sat s\u0103 coboare peste noi<br \/>\nDin harul T\u0103u cuv\u00e2ntul ce zide\u0219te<br \/>\n\u0218i Doamne cu lumina d\u0103ruit\u0103<br \/>\nAi pus odihn\u0103 celui ce iube\u0219te<\/p>\n<p>&nbsp;<\/p>\n<div>\n<p>La c\u0103p\u0103t\u00e2i de trud\u0103 ai pus flori<br \/>\n\u00cen darul T\u0103u s\u0103 creasc\u0103 alinare<br \/>\n\u0218i cu puterea d\u0103ruirii-n inimi<br \/>\nAi dat iubire celui care n-are<\/p>\n<p>&nbsp;<\/p>\n<p>Apoi c\u00e2nd lucrul fost-a s\u0103v\u00e2r\u0219it<br \/>\nA\u0219a cum cere glasul ce suspin\u0103<br \/>\nSub crucea Ta s-au aprins lum\u00e2n\u0103ri<br \/>\n\u0218i-ai dat lumin\u0103 cui cerea lumin\u0103<\/p>\n<div id=\"js_al\" data-ft=\"{&quot;tn&quot;:&quot;K&quot;}\">\n<div id=\"id_5b4a37db506317620510074\">\n<p>\u2014\u2014\u2014\u2014\u2014\u2014\u2014\u2014\u2014\u2014\u2014<\/p>\n<\/div>\n<\/div>\n<div data-ft=\"{&quot;tn&quot;:&quot;H&quot;}\">\n<div data-ft=\"{&quot;tn&quot;:&quot;H&quot;}\"><strong>Silvia BODEA S\u0102L\u0102JAN<\/strong><\/div>\n<div data-ft=\"{&quot;tn&quot;:&quot;H&quot;}\"><strong>30 noiembrie, 2o18<\/strong><\/div>\n<\/div>\n<\/div>\n","protected":false},"excerpt":{"rendered":"<p>Od\u0103 bucuriei &nbsp; Ai l\u0103sat s\u0103 coboare peste noi Din harul T\u0103u cuv\u00e2ntul ce zide\u0219te \u0218i Doamne cu lumina d\u0103ruit\u0103 [&#038;hellip<\/p>\n","protected":false},"author":1,"featured_media":0,"comment_status":"closed","ping_status":"closed","sticky":false,"template":"","format":"standard","meta":{"footnotes":""},"categories":[3],"tags":[],"class_list":["post-41909","post","type-post","status-publish","format-standard","hentry","category-articole"],"_links":{"self":[{"href":"https:\/\/www.marianagurza.ro\/blog\/wp-json\/wp\/v2\/posts\/41909","targetHints":{"allow":["GET"]}}],"collection":[{"href":"https:\/\/www.marianagurza.ro\/blog\/wp-json\/wp\/v2\/posts"}],"about":[{"href":"https:\/\/www.marianagurza.ro\/blog\/wp-json\/wp\/v2\/types\/post"}],"author":[{"embeddable":true,"href":"https:\/\/www.marianagurza.ro\/blog\/wp-json\/wp\/v2\/users\/1"}],"replies":[{"embeddable":true,"href":"https:\/\/www.marianagurza.ro\/blog\/wp-json\/wp\/v2\/comments?post=41909"}],"version-history":[{"count":1,"href":"https:\/\/www.marianagurza.ro\/blog\/wp-json\/wp\/v2\/posts\/41909\/revisions"}],"predecessor-version":[{"id":41911,"href":"https:\/\/www.marianagurza.ro\/blog\/wp-json\/wp\/v2\/posts\/41909\/revisions\/41911"}],"wp:attachment":[{"href":"https:\/\/www.marianagurza.ro\/blog\/wp-json\/wp\/v2\/media?parent=41909"}],"wp:term":[{"taxonomy":"category","embeddable":true,"href":"https:\/\/www.marianagurza.ro\/blog\/wp-json\/wp\/v2\/categories?post=41909"},{"taxonomy":"post_tag","embeddable":true,"href":"https:\/\/www.marianagurza.ro\/blog\/wp-json\/wp\/v2\/tags?post=41909"}],"curies":[{"name":"wp","href":"https:\/\/api.w.org\/{rel}","templated":true}]}}