{"id":43085,"date":"2019-02-11T10:28:15","date_gmt":"2019-02-11T10:28:15","guid":{"rendered":"http:\/\/www.marianagurza.ro\/blog\/?p=43085"},"modified":"2019-02-11T10:28:27","modified_gmt":"2019-02-11T10:28:27","slug":"adrian-botez-autobuzul-intarziat","status":"publish","type":"post","link":"https:\/\/www.marianagurza.ro\/blog\/2019\/02\/11\/adrian-botez-autobuzul-intarziat\/","title":{"rendered":"Adrian BOTEZ: Autobuzul \u00eent\u00e2rziat (poeme)"},"content":{"rendered":"<p style=\"text-align: center;\"><a href=\"http:\/\/www.marianagurza.ro\/blog\/wp-content\/uploads\/2019\/02\/adrian-botez.jpg\"><img loading=\"lazy\" decoding=\"async\" class=\"size-medium wp-image-43086\" title=\"adrian-botez\" src=\"http:\/\/www.marianagurza.ro\/blog\/wp-content\/uploads\/2019\/02\/adrian-botez-217x300.jpg\" alt=\"\" width=\"217\" height=\"300\" srcset=\"https:\/\/www.marianagurza.ro\/blog\/wp-content\/uploads\/2019\/02\/adrian-botez-217x300.jpg 217w, https:\/\/www.marianagurza.ro\/blog\/wp-content\/uploads\/2019\/02\/adrian-botez.jpg 449w\" sizes=\"auto, (max-width: 217px) 100vw, 217px\" \/><\/a><\/p>\n<p><strong>AUTOBUZUL \u00ceNT\u00c2RZIAT<\/strong><\/p>\n<p>&nbsp;<\/p>\n<p>a\u015ftept autobuzul \u2013 care<\/p>\n<p>nu mai vine : \u015ftiu c\u0103 \u2013 odat\u0103 \u015fi<\/p>\n<p>odat\u0103 \u2013 tot va<\/p>\n<p>veni \u2013 dar<\/p>\n<p>c\u00e2nd ? \u2013 a dep\u0103\u015fit orice-nt\u00e2rziere<\/p>\n<p>decent\u0103&#8230;<\/p>\n<p>&nbsp;<\/p>\n<p>de-at\u00e2ta-a\u015fteptare \u015fi<\/p>\n<p>nervi \u2013 c\u00e2nd \u2013 \u00een sf\u00e2r\u015fit<\/p>\n<p>va veni autobuzul (cu o at\u00e2t de mare<\/p>\n<p>\u00eent\u00e2rziere !) \u2013 \u00een semn de<\/p>\n<p>protest &#8211; nu m\u0103 voi urca<\/p>\n<p><strong>eu<\/strong><\/p>\n<p>\u00eentr-\u00eemsul \u2013 ci-l voi sudui \u2013 \u00eel voi<\/p>\n<p>\u00eenjura birj\u0103re\u015fte : \u00een locul meu<\/p>\n<p>se va strecura \u2013 \u00een<\/p>\n<p>autobuz \u2013 <strong>o umbr\u0103<\/strong><\/p>\n<p>sperioas\u0103 \u2013 politicoas\u0103 \u2013 care<\/p>\n<p>nici m\u0103car<\/p>\n<p>nu-\u015fi va lua<\/p>\n<p>bilet<\/p>\n<p>dus-\u00eentors<\/p>\n<p>***<\/p>\n<p>&nbsp;<\/p>\n<p><strong>VIA\u0162A DUBL\u0102 A SCRISORII<\/strong><\/p>\n<p>&nbsp;<\/p>\n<p>abia dup\u0103 ce<\/p>\n<p>visez cum am trudit (ideal \u015fi<\/p>\n<p>inspirat-luminat) \u2013 s\u0103<\/p>\n<p>scriu <strong>Scrisoarea<\/strong> \u2013 \u015fi mai<\/p>\n<p>visez \u015fi c\u0103<\/p>\n<p>deja am expediat-o ! \u2013 &#8230;m\u0103<\/p>\n<p>trezesc \u2013 foarte<\/p>\n<p>ambiguu &#8211; ponci\u015f \u2013 \u00eemi<\/p>\n<p>\u015fterg \u2013 de zor<\/p>\n<p>ochi-ochelarii \u2013 \u015fi<\/p>\n<p>ar\u0163\u0103gos \u2013 \u00eencep s\u0103 chibzuiesc \u2013 s\u0103 m\u0103<\/p>\n<p>fr\u0103m\u00e2nt \u2013 cum \u015fi de unde s\u0103 \u00eencep a<\/p>\n<p>pl\u0103m\u0103di \u015fi<\/p>\n<p>r\u00e2ndui-or\u00e2ndui \u2013\u00a0 <strong>rudimentarul<\/strong><\/p>\n<p><strong>realul chip al<\/strong><\/p>\n<p><strong>Scrisorii<\/strong><\/p>\n<p>***<\/p>\n<p><strong>\u00a0\u00a0\u00a0 \u00a0\u00a0\u00a0\u00a0\u00a0\u00a0\u00a0\u00a0\u00a0\u00a0\u00a0\u00a0\u00a0\u00a0\u00a0\u00a0\u00a0\u00a0\u00a0\u00a0\u00a0\u00a0\u00a0\u00a0\u00a0\u00a0\u00a0\u00a0\u00a0\u00a0\u00a0\u00a0\u00a0\u00a0\u00a0\u00a0\u00a0\u00a0\u00a0\u00a0\u00a0\u00a0\u00a0\u00a0\u00a0\u00a0\u00a0\u00a0\u00a0\u00a0\u00a0\u00a0\u00a0\u00a0\u00a0\u00a0\u00a0\u00a0\u00a0\u00a0\u00a0\u00a0<\/strong><\/p>\n<p><strong>S\u0102 NU LIPSI\u0162I : AZI \u2013 \u015eI HOTARELE-S FURATE!<\/strong><\/p>\n<p>&nbsp;<\/p>\n<p>h\u00e2r\u015fit \u2013 cu c\u00e2te-un tigru pe ureche<\/p>\n<p>vrea s\u0103 ucid\u0103-n mine firea veche&#8230;<\/p>\n<p>degeaba strig c\u0103 sunt un <strong>T\u0103m\u0103duitor <\/strong>:<\/p>\n<p><strong>El <\/strong>\u00eemi decapiteaz\u0103 <strong>Vorba<\/strong> \u00a0&#8211; c-un topor&#8230;<\/p>\n<p>&nbsp;<\/p>\n<p>\u00eemi pun pe cap c\u0103ciula-mi prigonit\u0103 :<\/p>\n<p><strong>Istoria<\/strong> acestui <strong>Neam<\/strong> \u2013 scuipat pe plit\u0103<\/p>\n<p>n-a protestat \u2013 \u00een fa\u0163a unui <strong>General<\/strong> :<\/p>\n<p>i-a furnizat un tub cu <strong><em>Prostenal<\/em><\/strong>&#8230;<\/p>\n<p>&nbsp;<\/p>\n<p>&#8230;de c\u00e2nd <strong>C\u0103l\u0103ul <\/strong>poate murd\u0103ri latrina<\/p>\n<p><strong>Istoria<\/strong>-are r\u0103gaz s\u0103-\u015fi mediteze vina :<\/p>\n<p>a\u00a0 fost prea demn\u0103 \u2013 \u00een trecutu-uitat<\/p>\n<p>&nbsp;<\/p>\n<p>iar pe \u201e<strong><em>superiori<\/em><\/strong>\u201d \u2013 cam rar i-a salutat&#8230;<\/p>\n<p>&#8230;<strong>Istorie<\/strong> \u015fi <strong>Neam<\/strong> \u2013 \u00eengem\u0103nate<\/p>\n<p><strong>s\u0103 nu lipsi\u0163i : azi \u2013 \u015fi hotarele-s furate!<\/strong><\/p>\n<p>***<\/p>\n<p><strong>\u00a0<\/strong><\/p>\n<p><strong>BAL CATASTROFAL<\/strong><\/p>\n<p><!--more--><\/p>\n<p>se sparg abajururi \u2013 lumina e chioar\u0103&#8230;<\/p>\n<p>&#8230;dar e-apoteoz\u0103 : palatu-a luat foc !<\/p>\n<p><strong>Maestrul<\/strong> r\u0103m\u00e2ne \u015fi fr\u00e2nge vioar\u0103<\/p>\n<p>pe trepte de marmor&#8217; : b\u0103taia de joc !<\/p>\n<p>&nbsp;<\/p>\n<p>\u015fi fl\u0103c\u0103ri fl\u0103m\u00e2nde \u00eel ling pe <strong>Maestru<\/strong><\/p>\n<p>degrab&#8217; f\u0103-i sculptura \u2013 <strong>s\u0103 fie ecvestru<\/strong>&#8230;<\/p>\n<p>perdele-n v\u0103p\u0103i i se-a\u015feaz\u0103 hlamid\u0103<\/p>\n<p>scripca-i tu\u015fe\u015fte \u2013 \u015fi iese-o omid\u0103 !<\/p>\n<p>&nbsp;<\/p>\n<p><strong>Cabirii<\/strong> gr\u0103besc \u2013 liciteaz\u0103 c\u0103rbunii<\/p>\n<p>\u015fi sunet de sunet se leag\u0103 cu funii<\/p>\n<p>se-azv\u00e2rl \u00een \u2013 oribil \u2013 de bezne oceanul<\/p>\n<p>&nbsp;<\/p>\n<p>sc\u0103p\u0103m\u00a0 &#8211; cavaleri &#8211; de <strong>Maestru-Tiranul <\/strong>!<\/p>\n<p>&#8230;c\u00e2nd arde-un palat \u2013 se sting multe vise<\/p>\n<p>ies \u2013 ro\u015fii de s\u00e2nge \u2013 din c\u0103r\u0163i \u2013 slove scrise&#8230;<\/p>\n<p>***<\/p>\n<p><strong><br \/>\n<\/strong><\/p>\n<p>&nbsp;<\/p>\n<p><strong>&#8230;COPIII DE FUNINGINI VOMIT\u0102 \u015eERPI \u015eI OASE<\/strong><\/p>\n<p><strong>\u00a0<\/strong><\/p>\n<p>ridic\u0103-\u015fi bravul pap\u0103 tichia din noroi<\/p>\n<p>suntem \u2013 la num\u0103r \u2013 oaste \u2013 dar nu mai suntem noi<\/p>\n<p>\u00eemboln\u0103vi\u0163i de lepre \u2013 cad prad\u0103 paladinii<\/p>\n<p>iar v\u00e2ntul de uitare alung\u0103 duh gr\u0103dinii<\/p>\n<p>&nbsp;<\/p>\n<p>o \u2013 lume de crevase \u2013 nimeni nu calc\u0103-n tine<\/p>\n<p>ologi sunt clopotarii \u2013 oarbe-s gloate-n ruine<\/p>\n<p>din cer s-azv\u00e2rle zgur\u0103 \u2013 pe hornul numit \u201e<strong><em>soare<\/em><\/strong>\u201d<\/p>\n<p>iar cartea ce n-am scris-o \u2013 cumplit \u2013 feroce doare<\/p>\n<p>&nbsp;<\/p>\n<p>\u00eengerii au furat-o \u2013 \u015fi fiecare-i slov\u0103<\/p>\n<p>cu pupa \u00eenainte \u2013 asasinat-am prov\u0103<\/p>\n<p>iar Dumnezeu \u2013 beteagul \u2013 a prins \u00een pumn un flutur :<\/p>\n<p>&nbsp;<\/p>\n<p>e ultima-I putere \u2013 apoi : Supremul Sc\u00f9tur&#8230;<\/p>\n<p>&#8230;copiii de funingini vomit\u0103 \u015ferpi \u015fi oase<\/p>\n<p>Muntele de-alt\u0103dat\u0103 \u2013 azi e-un morman de coase&#8230;<\/p>\n<p>***<\/p>\n<p><strong>\u00a0<\/strong><\/p>\n<p><strong>CRIMINALUL SORTEAZ\u0102 DIAMANTELE NEGRE<\/strong><\/p>\n<p><strong>\u00a0<\/strong><\/p>\n<p>criminalul sorteaz\u0103 diamantele negre<\/p>\n<p>e o lume bizar\u0103 \u2013 a mor\u0163ii integre<\/p>\n<p>din ceruri ne cade \u00een cap doar cenu\u015f\u0103<\/p>\n<p>locuin\u0163ele n-au nici ferestre \u2013 nici u\u015f\u0103<\/p>\n<p>&nbsp;<\/p>\n<p>ca melcii ne-nchidem \u00een crima din noi<\/p>\n<p>c\u0103l\u0103ul \u015fi victima b\u00e2z\u00e2ie-n roi<\/p>\n<p>zoaie de aer respir\u0103 popoare<\/p>\n<p>\u00een v\u0103zduh \u2013 dumnezeii-au intrat la r\u0103coare<\/p>\n<p>&nbsp;<\/p>\n<p>silfidele iernii \u015firuie s\u00e2nge<\/p>\n<p>Muma ad\u00e2nc\u0103 st\u00e2rpe\u015fte \u015fi pl\u00e2nge<\/p>\n<p>e ger \u015fi e noapte pe Roata-Amintirii<\/p>\n<p>&nbsp;<\/p>\n<p>mor\u0163i zac \u2013 pe c\u00e2mpuri \u2013 Cavalerii-Cabirii&#8230;<\/p>\n<p>&#8230;somnul s\u0103 vin\u0103 c\u00e2nd trece un Rege :<\/p>\n<p>nu-L merit\u0103 lumea pe Crist \u2013 Stea \u015fi Lege&#8230;<\/p>\n<p>&#8212;&#8212;&#8212;&#8212;&#8212;&#8212;&#8212;&#8212;&#8212;&#8212;&#8212;&#8212;&#8212;&#8212;&#8212;&#8212;&#8211;<\/p>\n<p><strong>prof. dr. Adrian Botez<\/strong><\/p>\n<p>&nbsp;<\/p>\n<p>&nbsp;<\/p>\n","protected":false},"excerpt":{"rendered":"<p>AUTOBUZUL \u00ceNT\u00c2RZIAT &nbsp; a\u015ftept autobuzul \u2013 care nu mai vine : \u015ftiu c\u0103 \u2013 odat\u0103 \u015fi odat\u0103 \u2013 tot va [&#038;hellip<\/p>\n","protected":false},"author":1,"featured_media":0,"comment_status":"closed","ping_status":"closed","sticky":false,"template":"","format":"standard","meta":{"footnotes":""},"categories":[3],"tags":[],"class_list":["post-43085","post","type-post","status-publish","format-standard","hentry","category-articole"],"_links":{"self":[{"href":"https:\/\/www.marianagurza.ro\/blog\/wp-json\/wp\/v2\/posts\/43085","targetHints":{"allow":["GET"]}}],"collection":[{"href":"https:\/\/www.marianagurza.ro\/blog\/wp-json\/wp\/v2\/posts"}],"about":[{"href":"https:\/\/www.marianagurza.ro\/blog\/wp-json\/wp\/v2\/types\/post"}],"author":[{"embeddable":true,"href":"https:\/\/www.marianagurza.ro\/blog\/wp-json\/wp\/v2\/users\/1"}],"replies":[{"embeddable":true,"href":"https:\/\/www.marianagurza.ro\/blog\/wp-json\/wp\/v2\/comments?post=43085"}],"version-history":[{"count":2,"href":"https:\/\/www.marianagurza.ro\/blog\/wp-json\/wp\/v2\/posts\/43085\/revisions"}],"predecessor-version":[{"id":43088,"href":"https:\/\/www.marianagurza.ro\/blog\/wp-json\/wp\/v2\/posts\/43085\/revisions\/43088"}],"wp:attachment":[{"href":"https:\/\/www.marianagurza.ro\/blog\/wp-json\/wp\/v2\/media?parent=43085"}],"wp:term":[{"taxonomy":"category","embeddable":true,"href":"https:\/\/www.marianagurza.ro\/blog\/wp-json\/wp\/v2\/categories?post=43085"},{"taxonomy":"post_tag","embeddable":true,"href":"https:\/\/www.marianagurza.ro\/blog\/wp-json\/wp\/v2\/tags?post=43085"}],"curies":[{"name":"wp","href":"https:\/\/api.w.org\/{rel}","templated":true}]}}