{"id":43459,"date":"2019-02-27T10:04:11","date_gmt":"2019-02-27T10:04:11","guid":{"rendered":"http:\/\/www.marianagurza.ro\/blog\/?p=43459"},"modified":"2019-02-27T10:07:30","modified_gmt":"2019-02-27T10:07:30","slug":"ioan-miclau-gepianu","status":"publish","type":"post","link":"https:\/\/www.marianagurza.ro\/blog\/2019\/02\/27\/ioan-miclau-gepianu\/","title":{"rendered":"Ioan MICL\u0102U-GEPIANU: V\u00e2rful cu dor!"},"content":{"rendered":"<p style=\"text-align: center;\"><strong><a href=\"http:\/\/www.marianagurza.ro\/blog\/wp-content\/uploads\/2019\/02\/Avram_Iancu.jpg\"><img loading=\"lazy\" decoding=\"async\" class=\"size-medium wp-image-43460\" title=\"avram_iancu\" src=\"http:\/\/www.marianagurza.ro\/blog\/wp-content\/uploads\/2019\/02\/Avram_Iancu-225x300.jpg\" alt=\"\" width=\"225\" height=\"300\" srcset=\"https:\/\/www.marianagurza.ro\/blog\/wp-content\/uploads\/2019\/02\/Avram_Iancu-225x300.jpg 225w, https:\/\/www.marianagurza.ro\/blog\/wp-content\/uploads\/2019\/02\/Avram_Iancu.jpg 319w\" sizes=\"auto, (max-width: 225px) 100vw, 225px\" \/><\/a><br \/>\n<\/strong><\/p>\n<p style=\"text-align: left;\"><strong>Motto:<\/strong><\/p>\n<p style=\"text-align: right;\"><strong>\u00a0\u201dCu c\u00e2t mai de-departe vin versurile poeziei cu at\u00e2t mai ad\u00e2nc reu\u0219im s\u0103 privim spre <strong>viitor\u201d.<br \/>\n<\/strong><\/strong><\/p>\n<p style=\"text-align: right;\"><strong>\u00a0\u00a0\u00a0\u00a0\u00a0\u00a0\u00a0\u00a0\u00a0\u00a0\u00a0\u00a0\u00a0\u00a0\u00a0\u00a0\u00a0\u00a0\u00a0\u00a0\u00a0\u00a0\u00a0\u00a0\u00a0\u00a0\u00a0\u00a0\u00a0\u00a0\u00a0\u00a0\u00a0\u00a0\u00a0\u00a0\u00a0\u00a0\u00a0\u00a0\u00a0\u00a0\u00a0\u00a0\u00a0\u00a0\u00a0\u00a0\u00a0\u00a0\u00a0\u00a0\u00a0\u00a0\u00a0\u00a0\u00a0\u00a0\u00a0\u00a0\u00a0\u00a0\u00a0\u00a0\u00a0\u00a0\u00a0\u00a0\u00a0\u00a0\u00a0\u00a0\u00a0\u00a0\u00a0\u00a0\u00a0\u00a0\u00a0\u00a0\u00a0\u00a0\u00a0\u00a0 \u00a0<\/strong><strong>I.M.Gepianu\u00a0\u00a0<\/strong><\/p>\n<p><strong><br \/>\n<\/strong><\/p>\n<p><strong>\u00a0\u00a0\u00a0\u00a0\u00a0\u00a0\u00a0\u00a0\u00a0\u00a0\u00a0\u00a0\u00a0\u00a0\u00a0\u00a0\u00a0\u00a0\u00a0\u00a0\u00a0\u00a0\u00a0\u00a0\u00a0\u00a0\u00a0\u00a0\u00a0\u00a0\u00a0\u00a0\u00a0\u00a0\u00a0\u00a0\u00a0\u00a0\u00a0\u00a0\u00a0\u00a0\u00a0\u00a0\u00a0\u00a0\u00a0\u00a0\u00a0\u00a0\u00a0\u00a0\u00a0\u00a0\u00a0 <\/strong><\/p>\n<p><strong>V\u00c2RFUL CU DOR!<\/strong><\/p>\n<p>(Varianta a II-a &#8211; \u00cen amintirea lui <strong>Avram Iancu)\u00a0 <\/strong><\/p>\n<p><strong>\u00a0\u00a0\u00a0\u00a0\u00a0\u00a0\u00a0\u00a0\u00a0\u00a0\u00a0\u00a0\u00a0\u00a0\u00a0\u00a0\u00a0\u00a0\u00a0\u00a0\u00a0\u00a0\u00a0\u00a0\u00a0\u00a0\u00a0\u00a0\u00a0\u00a0\u00a0\u00a0\u00a0\u00a0\u00a0\u00a0\u00a0\u00a0\u00a0\u00a0\u00a0\u00a0\u00a0\u00a0\u00a0\u00a0\u00a0\u00a0\u00a0 <\/strong><\/p>\n<p>Bun\u0103<strong> <\/strong>Ziua Mun\u021bilor,<\/p>\n<p>Cu c\u0103r\u0103ri din st\u00e2nci \u0219i flori,<\/p>\n<p>Por\u021bi deschide\u021bi zorilor,<\/p>\n<p>C\u0103ci a\u0219teapt\u0103 un Neam mare<\/p>\n<p>S\u0103 se-nnal\u021be c\u0103tre soare!<\/p>\n<p>Iancule fecior din mun\u021bi,<\/p>\n<p>Acei mun\u021bi vechi \u0219i c\u0103run\u021bi,<\/p>\n<p>Tu e\u0219ti acel v\u00e2rf cu dor<\/p>\n<p>Ce din fluier chemi \u00een noi,<\/p>\n<p>Duhul\u00a0 bravilor eroi;<\/p>\n<p>Viitorul de\u0219tept\u0103rii<\/p>\n<p>E-a iubiri sf\u00e2nt\u0103 raz\u0103<\/p>\n<p>Ce prin vremi ne lumineaz\u0103;<\/p>\n<p>Cu-a lor v\u00e2rfuri p\u00e2n\u0103-n ceruri<\/p>\n<p>Mun\u021bii no\u0219tri aur poart\u0103,<\/p>\n<p>Iancule ne-adu aminte<\/p>\n<p>C-am cer\u0219it din poart\u0103-n poart\u0103,<\/p>\n<p>\u0218i nu vrem s\u0103 cer\u0219im iar,<\/p>\n<p>Ci pe-a noastr\u0103 sf\u00e2nt\u0103 vatr\u0103,<\/p>\n<p>Pe al Patriei Altar<\/p>\n<p>S\u0103 zidim o lege dreapt\u0103,<\/p>\n<p>Cu mult suflet, cu mult har!<\/p>\n<p>\u2014\u2014\u2014\u2014\u2014\u2013\u2014\u2014\u2014\u2014\u2014\u2014\u2014\u2013<\/p>\n<p><strong>Ioan MICL\u0102U-GEPIANU<\/strong><\/p>\n<p><strong>Australia<\/strong><\/p>\n<p><strong>27 februarie 2019<\/strong><\/p>\n<p><em>Imagine de Barbu Iscovescu 1816-1854<\/em><\/p>\n<p>&nbsp;<\/p>\n<p>&nbsp;<\/p>\n","protected":false},"excerpt":{"rendered":"<p>Motto: \u00a0\u201dCu c\u00e2t mai de-departe vin versurile poeziei cu at\u00e2t mai ad\u00e2nc reu\u0219im s\u0103 privim spre viitor\u201d. \u00a0\u00a0\u00a0\u00a0\u00a0\u00a0\u00a0\u00a0\u00a0\u00a0\u00a0\u00a0\u00a0\u00a0\u00a0\u00a0\u00a0\u00a0\u00a0\u00a0\u00a0\u00a0\u00a0\u00a0\u00a0\u00a0\u00a0\u00a0\u00a0\u00a0\u00a0\u00a0\u00a0\u00a0\u00a0\u00a0\u00a0\u00a0\u00a0\u00a0\u00a0\u00a0\u00a0\u00a0\u00a0\u00a0\u00a0\u00a0\u00a0\u00a0\u00a0\u00a0\u00a0\u00a0\u00a0\u00a0\u00a0\u00a0\u00a0\u00a0\u00a0\u00a0\u00a0\u00a0\u00a0\u00a0\u00a0\u00a0\u00a0\u00a0\u00a0\u00a0\u00a0\u00a0\u00a0\u00a0\u00a0\u00a0\u00a0\u00a0\u00a0\u00a0\u00a0\u00a0 \u00a0I.M.Gepianu\u00a0\u00a0 \u00a0\u00a0\u00a0\u00a0\u00a0\u00a0\u00a0\u00a0\u00a0\u00a0\u00a0\u00a0\u00a0\u00a0\u00a0\u00a0\u00a0\u00a0\u00a0\u00a0\u00a0\u00a0\u00a0\u00a0\u00a0\u00a0\u00a0\u00a0\u00a0\u00a0\u00a0\u00a0\u00a0\u00a0\u00a0\u00a0\u00a0\u00a0\u00a0\u00a0\u00a0\u00a0\u00a0\u00a0\u00a0\u00a0\u00a0\u00a0\u00a0\u00a0\u00a0\u00a0\u00a0\u00a0\u00a0 [&#038;hellip<\/p>\n","protected":false},"author":1,"featured_media":0,"comment_status":"closed","ping_status":"closed","sticky":false,"template":"","format":"standard","meta":{"footnotes":""},"categories":[3],"tags":[],"class_list":["post-43459","post","type-post","status-publish","format-standard","hentry","category-articole"],"_links":{"self":[{"href":"https:\/\/www.marianagurza.ro\/blog\/wp-json\/wp\/v2\/posts\/43459","targetHints":{"allow":["GET"]}}],"collection":[{"href":"https:\/\/www.marianagurza.ro\/blog\/wp-json\/wp\/v2\/posts"}],"about":[{"href":"https:\/\/www.marianagurza.ro\/blog\/wp-json\/wp\/v2\/types\/post"}],"author":[{"embeddable":true,"href":"https:\/\/www.marianagurza.ro\/blog\/wp-json\/wp\/v2\/users\/1"}],"replies":[{"embeddable":true,"href":"https:\/\/www.marianagurza.ro\/blog\/wp-json\/wp\/v2\/comments?post=43459"}],"version-history":[{"count":4,"href":"https:\/\/www.marianagurza.ro\/blog\/wp-json\/wp\/v2\/posts\/43459\/revisions"}],"predecessor-version":[{"id":43463,"href":"https:\/\/www.marianagurza.ro\/blog\/wp-json\/wp\/v2\/posts\/43459\/revisions\/43463"}],"wp:attachment":[{"href":"https:\/\/www.marianagurza.ro\/blog\/wp-json\/wp\/v2\/media?parent=43459"}],"wp:term":[{"taxonomy":"category","embeddable":true,"href":"https:\/\/www.marianagurza.ro\/blog\/wp-json\/wp\/v2\/categories?post=43459"},{"taxonomy":"post_tag","embeddable":true,"href":"https:\/\/www.marianagurza.ro\/blog\/wp-json\/wp\/v2\/tags?post=43459"}],"curies":[{"name":"wp","href":"https:\/\/api.w.org\/{rel}","templated":true}]}}