{"id":43515,"date":"2019-03-01T11:48:36","date_gmt":"2019-03-01T11:48:36","guid":{"rendered":"http:\/\/www.marianagurza.ro\/blog\/?p=43515"},"modified":"2019-03-01T11:50:55","modified_gmt":"2019-03-01T11:50:55","slug":"monah-iustin-t-ziua-care-ne-scapa","status":"publish","type":"post","link":"https:\/\/www.marianagurza.ro\/blog\/2019\/03\/01\/monah-iustin-t-ziua-care-ne-scapa\/","title":{"rendered":"Monah IUSTIN T.: Ziua care ne scap\u0103&#8230;"},"content":{"rendered":"<p style=\"text-align: center;\"><strong><a href=\"http:\/\/www.marianagurza.ro\/blog\/wp-content\/uploads\/2019\/03\/Ziua-care-ne-scapa...-219x3001.jpg\"><img loading=\"lazy\" decoding=\"async\" class=\"size-full wp-image-43518\" title=\"ziua-care-ne-scapa-219x300\" src=\"http:\/\/www.marianagurza.ro\/blog\/wp-content\/uploads\/2019\/03\/Ziua-care-ne-scapa...-219x3001.jpg\" alt=\"\" width=\"219\" height=\"300\" \/><\/a><br \/>\n<\/strong><\/p>\n<p><strong>Ziua care ne scap\u0103&#8230;<\/strong><\/p>\n<p>&nbsp;<\/p>\n<p>Am p\u0103rut c\u0103 \u015ftim<br \/>\nde ce ne-am trezit<br \/>\np\u00e2n\u0103 ne-a \u00eembr\u0103\u0163i\u015fat sensul, diminea\u0163a,<br \/>\n\u015fi n-am mai \u00een\u0163eles nimic.<\/p>\n<p>Ne-a g\u0103sit ziua<br \/>\nmerg\u00e2nd, r\u00e2z\u00e2nd, oprindu-ne<br \/>\nc\u0103tre umeri, c\u0103tre m\u00e2ini \u015fi fe\u0163e,<br \/>\n\u015fi parc\u0103 nu era un loc anume<br \/>\n\u015fi nu se f\u0103cuse vremea<br \/>\nnu f\u0103cuse nimeni vreme&#8230;<\/p>\n<p>\u015ei-am luat ne\u00een\u0163elesurile acas\u0103<br \/>\nca o saco\u015f\u0103 de cump\u0103r\u0103turi,<br \/>\nle-am dat la copii \u015fi la p\u0103rin\u0163i.<br \/>\nIa \u015fi tu unul&#8230;! \u015fi tu unul&#8230;!<br \/>\nCa s\u0103 pricepi, drag\u0103,<br \/>\nce n-am priceput eu.<\/p>\n<p>\u015ei cine, atunci,<br \/>\nne-a umplut de sensuri, de fericiri<br \/>\nsc\u0103pate de noi&#8230;<br \/>\ng\u0103site de al\u0163ii?<\/p>\n<p>O, de n-am pricepe!<br \/>\nC\u0103ci nu-i nimic<br \/>\nc\u0103 existen\u0163a-mi scap\u0103<br \/>\ndac\u0103 tu o prinzi&#8230;<\/p>\n<p>***<\/p>\n<p style=\"text-align: justify;\">Poate c\u0103 o zi adev\u0103rat\u0103, o zi fericit\u0103 din via\u0163\u0103 noastr\u0103, e acea zi tr\u0103it\u0103 f\u0103r\u0103 motiv, cu un sens care ne scap\u0103&#8230; Cu tot cu \u00eendeletnicirile zilnice, printre ele.<\/p>\n<div style=\"text-align: justify;\">\u00a0\u00a0\u00a0\u00a0 Totul e s\u0103 ne &#8220;d\u0103m seama&#8221; c\u0103 ne scap\u0103.<\/div>\n<div style=\"text-align: justify;\">\u00a0\u00a0\u00a0\u00a0 C\u0103ci Dumnezeu trebuie s\u0103 fi ascuns sensul zilelor \u015fi existen\u0163ei noastre \u00een afar\u0103 noastr\u0103, \u00een to\u0163i ceilal\u0163i oameni \u015fi lucruri din Crea\u0163ie. Fiindc\u0103 noi \u00een\u015fine nu pricepem. Ce-ar fi s\u0103 exist\u0103m pur \u015fi simplu pentru acest &#8220;motiv&#8221;?<\/div>\n<div style=\"text-align: justify;\">\u00a0\u00a0\u00a0\u00a0 O zi de 1 Martie frumoas\u0103, f\u0103r\u0103 s-o pricepem!<\/div>\n<p style=\"text-align: justify;\"><em>(Monah Iustin T., 1 martie 2019)<\/em><\/p>\n","protected":false},"excerpt":{"rendered":"<p>Ziua care ne scap\u0103&#8230; &nbsp; Am p\u0103rut c\u0103 \u015ftim de ce ne-am trezit p\u00e2n\u0103 ne-a \u00eembr\u0103\u0163i\u015fat sensul, diminea\u0163a, \u015fi n-am [&#038;hellip<\/p>\n","protected":false},"author":1,"featured_media":0,"comment_status":"closed","ping_status":"closed","sticky":false,"template":"","format":"standard","meta":{"footnotes":""},"categories":[3],"tags":[],"class_list":["post-43515","post","type-post","status-publish","format-standard","hentry","category-articole"],"_links":{"self":[{"href":"https:\/\/www.marianagurza.ro\/blog\/wp-json\/wp\/v2\/posts\/43515","targetHints":{"allow":["GET"]}}],"collection":[{"href":"https:\/\/www.marianagurza.ro\/blog\/wp-json\/wp\/v2\/posts"}],"about":[{"href":"https:\/\/www.marianagurza.ro\/blog\/wp-json\/wp\/v2\/types\/post"}],"author":[{"embeddable":true,"href":"https:\/\/www.marianagurza.ro\/blog\/wp-json\/wp\/v2\/users\/1"}],"replies":[{"embeddable":true,"href":"https:\/\/www.marianagurza.ro\/blog\/wp-json\/wp\/v2\/comments?post=43515"}],"version-history":[{"count":3,"href":"https:\/\/www.marianagurza.ro\/blog\/wp-json\/wp\/v2\/posts\/43515\/revisions"}],"predecessor-version":[{"id":43519,"href":"https:\/\/www.marianagurza.ro\/blog\/wp-json\/wp\/v2\/posts\/43515\/revisions\/43519"}],"wp:attachment":[{"href":"https:\/\/www.marianagurza.ro\/blog\/wp-json\/wp\/v2\/media?parent=43515"}],"wp:term":[{"taxonomy":"category","embeddable":true,"href":"https:\/\/www.marianagurza.ro\/blog\/wp-json\/wp\/v2\/categories?post=43515"},{"taxonomy":"post_tag","embeddable":true,"href":"https:\/\/www.marianagurza.ro\/blog\/wp-json\/wp\/v2\/tags?post=43515"}],"curies":[{"name":"wp","href":"https:\/\/api.w.org\/{rel}","templated":true}]}}