{"id":43527,"date":"2019-03-02T16:44:56","date_gmt":"2019-03-02T16:44:56","guid":{"rendered":"http:\/\/www.marianagurza.ro\/blog\/?p=43527"},"modified":"2019-03-02T16:44:56","modified_gmt":"2019-03-02T16:44:56","slug":"eleonora-schipor-un-martisor-in-primavara","status":"publish","type":"post","link":"https:\/\/www.marianagurza.ro\/blog\/2019\/03\/02\/eleonora-schipor-un-martisor-in-primavara\/","title":{"rendered":"Eleonora SCHIPOR: Un M\u0103r\u021bi\u0219or \u00een Prim\u0103var\u0103"},"content":{"rendered":"<p style=\"text-align: center;\"><a href=\"http:\/\/www.marianagurza.ro\/blog\/wp-content\/uploads\/2019\/03\/12.jpg\"><img loading=\"lazy\" decoding=\"async\" class=\"size-medium wp-image-43528\" title=\"1\" src=\"http:\/\/www.marianagurza.ro\/blog\/wp-content\/uploads\/2019\/03\/12-300x168.jpg\" alt=\"\" width=\"300\" height=\"168\" srcset=\"https:\/\/www.marianagurza.ro\/blog\/wp-content\/uploads\/2019\/03\/12-300x168.jpg 300w, https:\/\/www.marianagurza.ro\/blog\/wp-content\/uploads\/2019\/03\/12-1024x576.jpg 1024w\" sizes=\"auto, (max-width: 300px) 100vw, 300px\" \/><\/a><\/p>\n<p>M\u0103r\u021bi\u0219or, M\u0103r\u021bi\u0219or,<\/p>\n<p>Fir de aur, fir de dor.<\/p>\n<p>Fir de dor \u0219i de lumin\u0103<\/p>\n<p>Din frumoasa Bucovin\u0103&#8230;<\/p>\n<p style=\"text-align: justify;\">Un frumos concert de s\u0103rb\u0103toare au prezentat elevii de la CIE Cupca. Un concert dedicat prim\u0103verii, Zilei M\u0103r\u021bi\u0219orului, dar \u0219i vestitului bunic din Humule\u0219ti, Ion Creang\u0103, a c\u0103rui zi de na\u0219tere o s\u0103rb\u0103torim tot la 1 martie.<\/p>\n<p style=\"text-align: center;\"><a href=\"http:\/\/www.marianagurza.ro\/blog\/wp-content\/uploads\/2019\/03\/4.jpg\"><img loading=\"lazy\" decoding=\"async\" class=\"size-medium wp-image-43533\" title=\"4\" src=\"http:\/\/www.marianagurza.ro\/blog\/wp-content\/uploads\/2019\/03\/4-168x300.jpg\" alt=\"\" width=\"168\" height=\"300\" srcset=\"https:\/\/www.marianagurza.ro\/blog\/wp-content\/uploads\/2019\/03\/4-168x300.jpg 168w, https:\/\/www.marianagurza.ro\/blog\/wp-content\/uploads\/2019\/03\/4-576x1024.jpg 576w\" sizes=\"auto, (max-width: 168px) 100vw, 168px\" \/><\/a><\/p>\n<p style=\"text-align: justify;\">\u00a0\u00a0\u00a0\u00a0\u00a0\u00a0\u00a0\u00a0\u00a0\u00a0\u00a0 Mai \u00eent\u00e2i au debutat \u00een aceast\u0103 zi pe scena \u0219colii elevii clasei I-\u00eei condu\u0219i de vrednica lor \u00eenv\u0103\u021b\u0103toare Mariana Opae\u021b, ajutat\u0103 de t\u00e2n\u0103ra practicant\u0103, fosta noastr\u0103 elev\u0103, Ecaterina \u0218orodoc, aflat\u0103 actualmente la practica pedagogic\u0103 \u00een \u0219coala noastr\u0103. Micu\u021bii clasei I-\u00eei au preg\u0103tit un Fle\u0219mob dedicat s\u0103rb\u0103torii M\u0103r\u021bi\u0219orului, cu lentu\u021be alb-ro\u0219ii.<\/p>\n<p style=\"text-align: justify;\">\u00a0\u00a0\u00a0\u00a0\u00a0\u00a0\u00a0\u00a0\u00a0\u00a0\u00a0 Elevii clasei a 5-ea, \u00eendruma\u021bi de profesoara de limba \u0219i literatura matern\u0103, doamna Marilena Z\u00e2grea, au preg\u0103tit un recital \u00een proz\u0103 \u0219i versuri dedicat marelui povestitor rom\u00e2n Ion Creang\u0103. O serie de m\u0103suri dedicate vie\u021bii \u0219i operei domniei sale vor fi organizate pe tot parcursul lunii martie.<\/p>\n<p style=\"text-align: center;\"><a href=\"http:\/\/www.marianagurza.ro\/blog\/wp-content\/uploads\/2019\/03\/3.jpg\"><img loading=\"lazy\" decoding=\"async\" class=\"size-medium wp-image-43530\" title=\"3\" src=\"http:\/\/www.marianagurza.ro\/blog\/wp-content\/uploads\/2019\/03\/3-300x225.jpg\" alt=\"\" width=\"300\" height=\"225\" srcset=\"https:\/\/www.marianagurza.ro\/blog\/wp-content\/uploads\/2019\/03\/3-300x225.jpg 300w, https:\/\/www.marianagurza.ro\/blog\/wp-content\/uploads\/2019\/03\/3-1024x768.jpg 1024w, https:\/\/www.marianagurza.ro\/blog\/wp-content\/uploads\/2019\/03\/3.jpg 1344w\" sizes=\"auto, (max-width: 300px) 100vw, 300px\" \/><\/a><\/p>\n<p style=\"text-align: center;\">\n<p style=\"text-align: center;\"><a href=\"http:\/\/www.marianagurza.ro\/blog\/wp-content\/uploads\/2019\/03\/5.jpg\"><img loading=\"lazy\" decoding=\"async\" class=\"size-medium wp-image-43531\" title=\"5\" src=\"http:\/\/www.marianagurza.ro\/blog\/wp-content\/uploads\/2019\/03\/5-168x300.jpg\" alt=\"\" width=\"168\" height=\"300\" srcset=\"https:\/\/www.marianagurza.ro\/blog\/wp-content\/uploads\/2019\/03\/5-168x300.jpg 168w, https:\/\/www.marianagurza.ro\/blog\/wp-content\/uploads\/2019\/03\/5-576x1024.jpg 576w\" sizes=\"auto, (max-width: 168px) 100vw, 168px\" \/><\/a><\/p>\n<p style=\"text-align: center;\">\n<p style=\"text-align: center;\"><a href=\"http:\/\/www.marianagurza.ro\/blog\/wp-content\/uploads\/2019\/03\/6.jpg\"><img loading=\"lazy\" decoding=\"async\" class=\"size-medium wp-image-43532\" title=\"6\" src=\"http:\/\/www.marianagurza.ro\/blog\/wp-content\/uploads\/2019\/03\/6-300x168.jpg\" alt=\"\" width=\"300\" height=\"168\" srcset=\"https:\/\/www.marianagurza.ro\/blog\/wp-content\/uploads\/2019\/03\/6-300x168.jpg 300w, https:\/\/www.marianagurza.ro\/blog\/wp-content\/uploads\/2019\/03\/6-1024x576.jpg 1024w\" sizes=\"auto, (max-width: 300px) 100vw, 300px\" \/><\/a><\/p>\n<p style=\"text-align: justify;\">\u00a0\u00a0\u00a0\u00a0\u00a0\u00a0\u00a0\u00a0\u00a0\u00a0\u00a0 Au \u00eencheiat concertul elevii clasei a 10-ea \u201eA\u201d \u0219i \u201eB\u201d cu un recital poetic dedicat M\u0103r\u021bi\u0219orului, recit\u00e2nd\u00a0 versuri \u00een limbile rom\u00e2n\u0103 \u0219i ucrainean\u0103 din bro\u0219ura mea, intitulat\u0103 \u201e\u021ai-am adus un M\u0103r\u021bi\u0219or\u201d, publicat\u0103 cu 5 ani \u00een urm\u0103, unde sunt incluse zeci de versuri\u00a0 ale diferitor autori despre M\u0103r\u021bi\u0219or. \u00cen bro\u0219ur\u0103 sunt incluse desene \u0219i c\u00e2ntece.<\/p>\n<p style=\"text-align: justify;\">\u00a0\u00a0\u00a0\u00a0\u00a0\u00a0\u00a0\u00a0\u00a0\u00a0\u00a0 To\u021bi elevii au c\u00e2ntat un frumos c\u00e2ntec dedicat prim\u0103verii, apoi au \u00eemp\u0103r\u021bit m\u0103r\u021bi\u0219oare la profesori \u0219i lucr\u0103tori.<\/p>\n<p style=\"text-align: center;\"><a href=\"http:\/\/www.marianagurza.ro\/blog\/wp-content\/uploads\/2019\/03\/2.jpg\"><img loading=\"lazy\" decoding=\"async\" class=\"size-medium wp-image-43529\" title=\"2\" src=\"http:\/\/www.marianagurza.ro\/blog\/wp-content\/uploads\/2019\/03\/2-300x168.jpg\" alt=\"\" width=\"300\" height=\"168\" srcset=\"https:\/\/www.marianagurza.ro\/blog\/wp-content\/uploads\/2019\/03\/2-300x168.jpg 300w, https:\/\/www.marianagurza.ro\/blog\/wp-content\/uploads\/2019\/03\/2-1024x576.jpg 1024w\" sizes=\"auto, (max-width: 300px) 100vw, 300px\" \/><\/a><\/p>\n<p style=\"text-align: justify;\">\u00a0\u00a0\u00a0\u00a0\u00a0\u00a0\u00a0\u00a0\u00a0\u00a0\u00a0 At\u00e2t \u00een sala de festivit\u0103\u021bi a \u0219colii, c\u00e2t \u0219i pe coridorul ei au fost amenajate frumoase expozi\u021bii cu desene, aplica\u021bii, c\u0103r\u021bi, ziare dedicate celor dou\u0103 evenimente deosebite de la \u00eenceputul prim\u0103verii. A\u0219 vrea s\u0103 le mul\u021bumesc elevilor \u0219colii noastre Taisia Opae\u021b, Carina Alergu\u0219, Adrian Opae\u021b, dar \u0219i altora pentru preg\u0103tirea unor M\u0103r\u021bi\u0219oare care au fost amenajate la expozi\u021bia dat\u0103, c\u00e2t \u0219i profesorilor ce \u0219i-au adus contribu\u021bia.<\/p>\n<p style=\"text-align: justify;\">\u00a0\u00a0\u00a0\u00a0\u00a0\u00a0\u00a0\u00a0\u00a0\u00a0\u00a0 Frumoasa s\u0103rb\u0103toare va continua cu preg\u0103tirea \u0219i confec\u021bionarea mai multor m\u0103r\u021bi\u0219oare\u00a0 sub conducerea \u00eenv\u0103\u021b\u0103toarei de munc\u0103 Vera Bicer.<\/p>\n<p style=\"text-align: justify;\">\u00a0\u00a0\u00a0\u00a0\u00a0\u00a0\u00a0\u00a0\u00a0\u00a0\u00a0 \u00cen prag de Prim\u0103var\u0103, felicit\u0103m pe to\u021bi bunii no\u0219tri profesori, p\u0103rin\u021bi, elevi, sus\u021bin\u0103tori ai \u0219colii, pe to\u021bi bucovinenii cu minunata s\u0103rb\u0103toare a M\u0103r\u021bi\u0219orului. Pace, s\u0103n\u0103tate, prosperitate, bun\u0103tate sufleteasc\u0103, fericire \u0219i o dulce Prim\u0103var\u0103.<\/p>\n<p>\u2014\u2014\u2014\u2014\u2014\u2014\u2014\u2014\u2014\u2014\u2014-<\/p>\n<p><strong>Eleonora SCHIPOR,<\/strong><\/p>\n<p><strong>Cupca, Ucraina<\/strong><\/p>\n<p><strong>1 martie 2019<\/strong><\/p>\n","protected":false},"excerpt":{"rendered":"<p>M\u0103r\u021bi\u0219or, M\u0103r\u021bi\u0219or, Fir de aur, fir de dor. Fir de dor \u0219i de lumin\u0103 Din frumoasa Bucovin\u0103&#8230; Un frumos concert [&#038;hellip<\/p>\n","protected":false},"author":1,"featured_media":0,"comment_status":"closed","ping_status":"closed","sticky":false,"template":"","format":"standard","meta":{"footnotes":""},"categories":[3],"tags":[],"class_list":["post-43527","post","type-post","status-publish","format-standard","hentry","category-articole"],"_links":{"self":[{"href":"https:\/\/www.marianagurza.ro\/blog\/wp-json\/wp\/v2\/posts\/43527","targetHints":{"allow":["GET"]}}],"collection":[{"href":"https:\/\/www.marianagurza.ro\/blog\/wp-json\/wp\/v2\/posts"}],"about":[{"href":"https:\/\/www.marianagurza.ro\/blog\/wp-json\/wp\/v2\/types\/post"}],"author":[{"embeddable":true,"href":"https:\/\/www.marianagurza.ro\/blog\/wp-json\/wp\/v2\/users\/1"}],"replies":[{"embeddable":true,"href":"https:\/\/www.marianagurza.ro\/blog\/wp-json\/wp\/v2\/comments?post=43527"}],"version-history":[{"count":1,"href":"https:\/\/www.marianagurza.ro\/blog\/wp-json\/wp\/v2\/posts\/43527\/revisions"}],"predecessor-version":[{"id":43534,"href":"https:\/\/www.marianagurza.ro\/blog\/wp-json\/wp\/v2\/posts\/43527\/revisions\/43534"}],"wp:attachment":[{"href":"https:\/\/www.marianagurza.ro\/blog\/wp-json\/wp\/v2\/media?parent=43527"}],"wp:term":[{"taxonomy":"category","embeddable":true,"href":"https:\/\/www.marianagurza.ro\/blog\/wp-json\/wp\/v2\/categories?post=43527"},{"taxonomy":"post_tag","embeddable":true,"href":"https:\/\/www.marianagurza.ro\/blog\/wp-json\/wp\/v2\/tags?post=43527"}],"curies":[{"name":"wp","href":"https:\/\/api.w.org\/{rel}","templated":true}]}}