{"id":45200,"date":"2019-05-27T09:47:03","date_gmt":"2019-05-27T09:47:03","guid":{"rendered":"http:\/\/www.marianagurza.ro\/blog\/?p=45200"},"modified":"2019-05-27T09:47:03","modified_gmt":"2019-05-27T09:47:03","slug":"adrian-botez-cam-cat-costa-pe-la-anul-1-200-o-palma-incasata-de-un-daco-valah%e2%80%a6-sau-romaniidaco-valahii-nu-au-gena-lasitatii-inscrisa-in-%e2%80%9cadn%e2%80%9d-ul-lor","status":"publish","type":"post","link":"https:\/\/www.marianagurza.ro\/blog\/2019\/05\/27\/adrian-botez-cam-cat-costa-pe-la-anul-1-200-o-palma-incasata-de-un-daco-valah%e2%80%a6-sau-romaniidaco-valahii-nu-au-gena-lasitatii-inscrisa-in-%e2%80%9cadn%e2%80%9d-ul-lor\/","title":{"rendered":"Adrian BOTEZ: Cam c\u00e2t cost\u0103, pe la anul 1.200, o palm\u0103, \u00eencasat\u0103 de un Daco-Valah\u2026  sau : rom\u00e2nii\/DACO-VALAHII NU au gena la\u015fit\u0103\u0163ii  \u00eenscris\u0103 \u00een \u201cADN\u201d-ul lor!!!"},"content":{"rendered":"<p style=\"text-align: justify;\"><strong><a href=\"http:\/\/www.marianagurza.ro\/blog\/wp-content\/uploads\/2019\/05\/adrian-botez-217x300.jpg\"><img loading=\"lazy\" decoding=\"async\" class=\"alignleft size-full wp-image-45201\" title=\"adrian-botez-217x300\" src=\"http:\/\/www.marianagurza.ro\/blog\/wp-content\/uploads\/2019\/05\/adrian-botez-217x300.jpg\" alt=\"\" width=\"217\" height=\"300\" \/><\/a>Cei mai cutez\u0103tori r\u0103zboinici ai Terrei \u2013 Traco-Dacii-Valahii\u2026!!!<\/strong><\/p>\n<p style=\"text-align: justify;\">\n<p style=\"text-align: justify;\">Nu exist\u0103 rom\u00e2n de azi (sfertodoct\u2026se \u00een\u0163elege, \u00een condi\u0163iile \u00een care U.E. \u201c<strong><em>dispune<\/em><\/strong>\u201d ca <strong>Istoria Rom\u00e2nilor <\/strong>s\u0103 \u00eenceap\u0103 de la\u20261989!!!), care s\u0103 nu exclame, din fundul bojocilor s\u0103i \u015fi cu un dispre\u0163 suveran: \u201c<strong><em>A\u015fa am fost noi, rom\u00e2nii \u0103\u015ftia,\u00a0 totdeauna! La\u015fi, nemernici, g\u0103inari, c\u0103c\u0103cio\u015fi!<\/em><\/strong>\u201d<\/p>\n<p style=\"text-align: justify;\">\u2026\u015ei, ca urmare a acestei st\u0103ri de dezertare moral-spiritual\u0103, l\u0103s\u0103m U.E. s\u0103 ne calce-n picioare, l\u0103s\u0103m S.U.A., Anglia, Fran\u0163a, Germania, Austria, Cehia, Ungaria\u00a0 etc. s\u0103 ne jefuiasc\u0103 \u015fi s\u0103 ne asasineze (moral-spiritual, economic \u2026\u015fi nu numai !) \u2013 \u2026s\u0103 ne scuipe-ntre ochi\u2026\u015fi noi nu reac\u0163ion\u0103m dec\u00e2t cu umilul, sinuciga\u015ful, \u201c<strong><em>otomanicul<\/em><\/strong>\u201d : \u201c<strong><em>S\u0103ru\u2019 m\u00e2na, coane, s\u0103ru\u2019 m\u00e2na\u2026\u015fi Dumnezeu s\u0103 v\u0103 binecuv\u00e2nteze \u015fi s\u0103 v\u0103 dea s\u0103n\u0103tate, c\u0103 ne-a\u0163i u\u015furat, grabnic \u015fi fr\u0103\u0163e\u015fte, de toate cele grele \u015fi str\u0103mo\u015fe\u015fti <\/em><\/strong>(n. mea : deci, vetuste, <strong><em>\u201chors \u00a0mode\u201d!<\/em><\/strong>)<strong><em> COMORI F\u0102R\u0102 PRE\u0162\u2026mai lua\u0163i, mai lua\u0163i, ca de la domniile voastre, de-acas\u0103! \u2013 nu v\u0103 ru\u015fina\u0163i\u2026lua\u0163i, lua\u0163i\u2026bogdaproste\u2026!<\/em><\/strong>\u201d<\/p>\n<p style=\"text-align: justify;\">\u2026Ei, tinerilor \u015fi mai pu\u0163in tinerilor, nu-i deloc a\u015fa! Mai lunile trecute, citam din dl <strong>BOGDAN MATECIUC<\/strong>, care evoca motivul r\u0103zboaielor dinastiei <strong><span style=\"text-decoration: underline;\">IMPERIAL<\/span><\/strong>-rom\u00e2ne\u015fti a As\u0103ne\u015ftilor, cu \u201c<strong><em>invincibilii bizantini<\/em><\/strong>\u201d: <strong><span style=\"text-decoration: underline;\">O PALM\u0102<\/span><\/strong>! \u2013 <strong>\u015eI SOCOTEAM CAM C\u00c2T COSTA, LA ROM\u00c2NI, PE ACELE VREMI (VEACURILE XII-XIII), <\/strong>\u201c<strong><em>O PALM\u0102<\/em><\/strong>\u201d\u2026:<\/p>\n<p style=\"text-align: justify;\">\u201c<strong><em>\u00cen jurul <\/em><\/strong><em>anului 1000, al\u0103turi de bulgarii slavofoni, izvoarele bizantine, cele narative de la cancelaria imperial\u0103 \u015fi de la cancelaria patriarhal\u0103 \u00eei men\u0163ioneaz\u0103, la sud de Dun\u0103re, pe arom\u00e2ni, populatie romanic\u0103, din regiune. \u00cen anul 1185, \u00een Bizan\u0163 domne\u015fte t\u00e2n\u0103rul \u00eemp\u0103rat <strong>Isaac II Anghelos<\/strong>. Dorind s\u0103-\u015fi preg\u0103teasc\u0103, cu mare fast, nunta cu fiica regelui maghiar Bela al II-lea, el pune o dare nou\u0103, asupra supu\u015filor s\u0103i. Darea \u00eei afecteaz\u0103, \u00een primul r\u00e2nd, pe cei ce au turme de oi \u015fi vite. Este tocmai cazul valahilor, a c\u0103ror \u00eendeletnicire principal\u0103 este p\u0103storitul. Aceste d\u0103ri \u015fi felul abuziv \u00een care sunt str\u00e2nse produc o mare nemultumire, printre valahii care locuiesc \u00een muntele Hemus. Ace\u015ftia trimit, la \u00eemp\u0103rat, care se afla la Kypsella, \u00een Tracia, o delegatie condus\u0103 de <strong>FRA\u0162II PETRU \u015fi ASAN<\/strong>, frunta\u015fi ai lor, pentru a-\u015fi prezenta pl\u00e2ngerile. Cererile lor nu sunt luate \u00een seam\u0103, ba, mai mult, <strong>ASAN ESTE P\u0102LMUIT DE UN DEMNITAR BIZANTIN, \u201ePENTRU NEOBR\u0102ZARE\u201d<\/strong><\/em>(s.n.) [\u2026<strong>n. mea : e vorba de <em>SEBASTOCRATORUL IOAN\u2026).<\/em><\/strong><em> \u00cen aceste condi\u0163ii, ei <\/em><strong>[n. mea : Fra\u0163ii PETRU \u015fi ASAN]<\/strong><em> se \u00eentorc la T\u00e2rnovo, \u00een biserica Sf. Dumitru unde, \u201e<strong>\u00een limba lor p\u0103rinteasc\u0103<\/strong>\u201d, dup\u0103 cum spune cronicarul Nicetas Choniates, <strong>CHEAM\u0102 POPORUL LA R\u0102SCOAL\u0102 \u00ceMPOTRIVA BIZANTINILOR.<\/strong> (\u2026).Trei ani mai t\u00e2rziu, \u00eemp\u0103ratul Isaac trece muntii Balcani, cu g\u00e2ndul s\u0103 ocupe T\u00e2rnovo, capitala As\u0103ne\u015ftilor, dar \u00eent\u00e2mpin\u00e2nd o rezisten\u0163\u0103 \u00eend\u00e2rjit\u0103, se retrage. <strong>PE DRUMUL DE \u00ceNTOARCERE, ARMATA SA<\/strong> <\/em>(n. mea: <strong>a \u00eemp\u0103ratului\u00a0 Isaac al II-lea Anghelos, care permisese p\u0103lmuirea lui Asan<\/strong>!!!)<em>, <strong>CADE \u00ceNTR-O AMBUSCAD\u0102, \u00ceNTR-O TREC\u0102TOARE DIN MUNTI, \u015eI SUFER\u0102 PIERDERI GRELE. \u00ceMP\u0102RATUL \u00ceNSU\u015eI SCAP\u0102 CU FUGA, PIERZ\u00c2NDU-\u015eI COIFUL. VICTORIA \u00ceNT\u0102RE\u015eTE \u015eI MAI MULT POZI\u0162IA AS\u0102NE\u015eTILOR, CARE R\u0102M\u00c2N ST\u0102P\u00c2NI PE TERITORIUL DINTRE DUN\u0102RE \u015eI BALCANI <\/strong><\/em>(s.mea)<em>.(\u2026). \u00cemp\u0103ratul Isaac trimite o nou\u0103 armat\u0103, de data aceasta <strong>SUB CONDUCEREA SEBASTOCRATORULUI IOAN, CEL CARE \u00ceL P\u0102LMUISE PE ASAN<\/strong><\/em> (s.n,)<strong><em>. <\/em><\/strong><em>Acesta nu r\u0103m\u00e2ne mult timp la comand\u0103, fiind b\u0103nuit de complot, \u015fi este \u00eenlocuit cu <strong>IOAN CANTACUZINO, CUMNATUL \u00ceMP\u0102RATULUI. ACESTA NU ARE NICIO EXPERIEN\u0162\u0102 MILITAR\u0102 \u015eI, \u00ceN URMA UNUI ATAC PE TIMP DE NOAPTE, SUFER\u0102 O GREA \u00ceNFR\u00c2NGERE, DIN PARTEA VLAHILOR.<\/strong>\u00a0 (\u2026) \u00cen timp ce Alexios se afl\u0103 \u00een r\u0103s\u0103rit, pentru a \u00een\u0103bu\u015fi r\u0103scoala pornit\u0103 de un rebel din Cilicia, <strong>VLAHII RISIPESC O ALT\u0102 ARMAT\u0102 BIZANTIN\u0102, \u00ceN APROPIERE DE ORASUL SERES.<\/strong>(\u2026) Dup\u0103 Petru, tronul este preluat de cel de-al treilea frate, <strong>Ioni\u0163\u0103 cel Frumos<\/strong> (<strong>Caloian<\/strong>, 1197-1207), ce dovede\u015fte remarcabile \u00eensu\u015firi de militar \u015fi om politic. \u00cen urma mai multor victorii \u00eempotriva bizantinilor, \u00een\u0163eleg\u00e2nd c\u0103 Bizan\u0163ul nu-l va recunoa\u015fte niciodat\u0103 ca \u201e<strong>\u00eemp\u0103rat<\/strong>\u201d, Ioni\u0163\u0103 apeleaz\u0103 la Papa Inocentiu III, c\u0103ruia \u00eei cere recunoa\u015fterea, ca \u00cemp\u0103rat al bulgarilor \u015fi vlahilor, precum \u015fi titlul de Patriarh, pentru \u00eent\u00e2i-st\u0103t\u0103torul bisericii sale.(\u2026) Mai mult, cronica greceasc\u0103 a lui Nicetas men\u0163ioneaz\u0103, \u00een mai multe r\u00e2nduri, c\u0103 Petru \u015fi Asan erau \u201e<strong>vlahi<\/strong>\u201d \u015fi c\u0103 ei apar\u0163ineau acelui neam de oameni \u201e<strong>care locuiesc \u00een muntele Hemus<\/strong>\u201d \u015fi care \u201e<strong>\u00eenainte se numeau Mysi, iar acum vlahi se cheam\u0103<\/strong>\u201d. <strong>ORIGINEA VALAH\u0102 A FRATILOR AS\u0102NE\u015eTI ESTE CONFIRMAT\u0102 DE NUMEROASE IZVOARE CONTEMPORANE<\/strong>.<\/em><\/p>\n<p style=\"text-align: justify;\"><em>Se pune \u00eentrebarea: cum au reu\u015fit, ace\u015fti vlahi, care nu constituiau o majoritate, \u00een acea regiune, s\u0103 repurteze asemenea succese? R\u0103spunsul const\u0103 \u00een faptul c\u0103 <\/em><strong><em>VLAHII ERAU ELITA CONDUC\u0102TOARE PESTE MOZAICUL DE NEAMURI DIN REGIUNE<\/em><\/strong> (s.n.)<em>. \u00cen plus, <strong>EI AVEAU, DEJA, O TRADI\u0162IE, \u00ceN OPOZI\u0162IA FA\u0162\u0102 DE AUTORIT\u0102\u0162ILE BIZANTINE<\/strong>. De exemplu, \u00een jurul anului 1000, ei sprijiniser\u0103, <strong>activ,<\/strong> rezisten\u0163a \u00eempotriva \u00eemp\u0103ratului Vasile al II-lea Macedoneanul. De asemenea, ei fuseser\u0103 principalii animatori ai unei r\u0103scoale, cu caracter etnic si social, din zona specific rom\u00e2neasc\u0103, Larissa (Thesalia), \u00een preajma anului 1066.(\u2026). Spre dezam\u0103girea Papei, <strong>\u00ceMP\u0102R\u0102\u0162IA AS\u0102NE\u015eTILOR NU DEVINE UN PILON AL ROMEI \u00ceN SUD-ESTUL EUROPEI \u015eI NICI NU SE APROPIE DE IMPERIUL LATIN DE R\u0102S\u0102RIT<\/strong><\/em> (s.n.)<em>, fondat de Balduin de Flandra, care cucerise Bizan\u0163ul \u00een cea de-a patra Cruciad\u0103 (1204), proclam\u00e2ndu-se \u00cemp\u0103rat al Imperiului Latin de R\u0103s\u0103rit. Ioni\u0163\u0103, dorind s\u0103 stabileasc\u0103 leg\u0103turi cu noii st\u0103p\u00e2ni ai Bizan\u0163ului, trimite o delega\u0163ie, cer\u00e2nd s\u0103 fie recunoscut \u015fi de ace\u015ftia. <strong>LATINII FAC \u00ceNS\u0102 O GRESEAL\u0102 FATAL\u0102, CER\u00c2NDU-I REGELUI S\u0102 NU LI SE MAI ADRESEZE CA UNOR EGALI, CI CA UN VASAL <\/strong><\/em><strong>(<\/strong>\u2026n. mea : <strong>Ptiu\u2026!!!)<em> ST\u0102P\u00c2NILOR S\u0102I<\/em><\/strong><em>. <\/em><\/p>\n<p style=\"text-align: justify;\"><strong><em>LUI<\/em><\/strong> <strong><em>IONI\u0162\u0102, OFENSAT, CARE PORNE\u015eTE R\u0102ZBOI<\/em><\/strong> (s.n.)<strong><em>,<\/em><\/strong><em> i se al\u0103tur\u0103 o serie de nobili greci, fosti ofi\u0163eri \u00een armata lui Alexios al III-lea, izgoni\u0163i de latini. Ioni\u0163\u0103 preia conducerea noii alian\u0163e, iar <strong>LATINII AJUNG REPEDE S\u0102 \u00ceN\u0162ELEAG\u0102 CE GRE\u015eEAL\u0102 AU F\u0102CUT. VR\u00c2ND S\u0102 \u00ceN\u0102BU\u015eE REVOLTA LUI IONI\u0162\u0102, EI SE DECID S\u0102 LOVEASC\u0102 PUNCTUL PRINCIPAL \u015eI ASEDIAZ\u0102 ADRIANOPOLELE. B\u0102T\u0102LIA, CARE ARE LOC \u00ceN ZIUA DE 5 APRILIE 1205, SE \u00ceNCHEIE \u00ceNS\u0102 CU UN DEZASTRU, PENTRU LATINI \u2013\u00a0 IAR BALDUIN ESTE PRINS \u015eI DUS LA T\u00c2RNOVO, UNDE MOARE \u00ceN CHINURI GROZAVE, DUP\u0102 CUM POVESTE\u015eTE CRONICARUL NICETAS <\/strong>\u201c \u2013 <\/em>cf. Bogdan Mateciuc, <strong><em>Imperiul Rom\u00e2no-Bulgar al As\u0103ne\u015ftilor<\/em><\/strong><em> \u2013 <strong>Scurt\u0103 istorie a imperiului cl\u0103dit de trei frati vlahi (arom\u00e2ni), la sud de Dun\u0103re.<\/strong><\/em><\/p>\n<p style=\"text-align: justify;\">\u2026E ceva ne\u00een\u0163eles\u2026ceva de comentat\u2026privind reactivitatea <strong>DACO-VALAH\u0102<\/strong>, \u00een veacuri trecute ?!<\/p>\n<p style=\"text-align: justify;\">\u2026\u201c<strong><em>No comment!<\/em><\/strong>\u201d<\/p>\n<p style=\"text-align: justify;\">\u2026Doar at\u00e2t : iat\u0103 de ce tr\u0103d\u0103torii-pseudo-intelectuali, cump\u0103ra\u0163i de \u201c<strong><em>str\u0103ini<\/em><\/strong>\u201d (\u015ftim noi care \u201c<strong><em>str\u0103ini<\/em><\/strong>\u201d au at\u00e2\u0163ia bani, <strong>\u00eenc\u00e2t s\u0103 cumpere parlamente \u015fi guverne \u00eentregi!<\/strong>\u2026 \u2013 \u2026\u00eei \u015ftim, nu ?) \u015fi hipnotiza\u0163i de demagogia politicienilor pseudo-b\u0103\u015ftina\u015fi (v\u0103 rug\u0103m s\u0103 cerceta\u0163i <strong>ORIGINEA<\/strong> <strong>ETNIC\u0102<\/strong> \u015fi <strong>ADEV\u0102RATELE<\/strong> nume ale unor politicieni \u201c<strong><em>rom\u00e2ni<\/em><\/strong>\u201d\u2026!!!) ne interzic, prin \u201c<strong><em>manualele alternative<\/em><\/strong>\u201d \u015fi prin desfiin\u0163area rubricii \u201c<strong><em>ISTORIE<\/em><\/strong>\u201d, din cataloage \u2013 <strong>DREPTUL LA CUNOA\u015eTEREA IDENTIT\u0102\u0162II NOASTRE \u015eI A FAPTELOR ACESTUI NEAM \u00ceMP\u0102R\u0102TESC\u2026cu MISIUNE SACR\u0102 : NEAMUL DACO-VALAH\u2026<\/strong>!!!<\/p>\n<p style=\"text-align: justify;\">Pentru ca s\u0103 nu revendic\u0103m, drept teritoriu \u201c<strong><em>na\u0163ional<\/em><\/strong>\u201d (\u2026sau, p\u0103r\u0103sind \u201c<strong><em>limba masoniac\u0103<\/em><\/strong>\u201d : <strong>PATRIE<\/strong> !!!) \u2013 <strong>BALCANII, \u00ceN TOTALITATEA\/INTEGRALITATEA \u00a0LOR<\/strong>\u2026!<\/p>\n<p style=\"text-align: justify;\">Dac\u0103 nu\u2026<strong>chiar TERRA \u00ceNTREAG\u0102<\/strong>! \u2013\u00a0 \u2026pe care <strong>NOI, PELASGO-DACO-VALAHII<\/strong>, am populat-o, <strong>CEI DINT\u00c2I<\/strong>\u2026\u015fi <strong>de la noi\/dintru noi<\/strong> purces-au \u201c<strong><em>ceilal\u0163i<\/em><\/strong>\u201d\u2026\u015fi <strong>\u00eentru NOI se vor \u00eentoarce, \u00een \u201c<em>VREMEA BEZNEI SPIRITUALE COMPLETE A TERREI<\/em>\u201d, spre\u2026\u201d<em>A LUA LUMIN\u0102 DIN LUMIN\u0102<\/em>\u201d, IDENTITATE DIN\u2026SINGURA AUTENTIC\u0102 IDENTITATE, CEA \u00a0\u00ceNTEMEIETOR-DEMIURGIC\u0102\u2026!!!<\/strong><\/p>\n<p style=\"text-align: justify;\">*<\/p>\n<p style=\"text-align: justify;\">\u2026Acum, s\u0103 ne \u00eentoarcem, dimpreun\u0103 cu Adrian Bucurescu, \u00een vremurile \u015fi mai vechi, la a\u015fa-zisa \u201c<strong><em>ocupa\u0163ie roman\u0103<\/em><\/strong>\u201d, \u015fi s\u0103 vedem cam c\u00e2t i-a costat pe urma\u015fii lui <strong>Traian-Tracul<\/strong> \u2013 <strong><span style=\"text-decoration: underline;\">o opera\u0163iune alchimic\u0103<\/span><\/strong> (a acestuia din urm\u0103), f\u0103cut\u0103 cu cele mai bune g\u00e2nduri, dar cam\u2026\u201d<strong><em>\u00een for\u0163\u0103<\/em><\/strong>\u201d (precum interven\u0163iile poli\u0163iei \u201c<strong><em>moderne<\/em><\/strong>\u201d, la \u201c<strong><em>mineriade<\/em><\/strong>\u201d\u2026):<\/p>\n<p style=\"text-align: justify;\">\n<p style=\"text-align: justify;\">\u201c<em>To\u0163i \u00eemp\u0103ra\u0163ii de dup\u0103 Traianus au fost nevoi\u0163i s\u0103 regrete invazia asupra \u0163\u0103rii de la Nord de Danubius. Imediat dup\u0103 moartea lui Traianus, dacii liberi, \u00eempreun\u0103 cu iazigii metana\u015fti \u015fi cu roxolanii, <strong><span style=\"text-decoration: underline;\">au atacat provincia roman\u0103<\/span><\/strong>. Hadrianus, succesorul lui Traianus, i-a \u00eenvins pe iazigi, printr-un general de-al lui, \u015fi i-a \u00eemp\u0103cat pe roxolani cu bani. Eutropius scrie c\u0103 Hadrianus a vrut s\u0103 p\u0103r\u0103seasc\u0103 Dacia, dar a fost oprit de prietenii lui cu argumentul c\u0103, astfel, \u201e<strong>ar c\u0103dea mul\u0163i cet\u0103\u0163eni romani \u00een m\u00e2inile barbarilor<\/strong>\u201d. \u00cen timpul urma\u015fului lui Hadrianus, Antoninus Pius, generalii romani <strong><span style=\"text-decoration: underline;\">i-au respins pe dacii liberi de dou\u0103 ori<\/span><\/strong>; \u00een anii 143 \u015fi 156-157. Pe vremea \u00eemp\u0103ratului Marcus Aurelius, romanii <strong><span style=\"text-decoration: underline;\">au fost nevoi\u0163i s\u0103 se lupte cu costobocii (dacii din Bucovina), care au atacat Dobrogea<\/span><\/strong>, ajung\u00e2nd p\u00e2n\u0103 \u00een ora\u015ful grecesc Elateea, unde au fost \u00eenvin\u015fi. Alia\u0163ii costobocilor au fost marcomanii, de la care <strong><span style=\"text-decoration: underline;\">r\u0103zboiul s-a numit marcomanic<\/span><\/strong>. Luptele s-au \u00eencheiat abia pe vremea lui Commodus, urma\u015ful lui Marcus Aurelius. \u00cen timpul domniei acestuia, <strong><span style=\"text-decoration: underline;\">s-au r\u0103sculat dacii din teritoriul cucerit<\/span><\/strong>, dar \u015fi ei au fost \u00eenvin\u015fi. Pe vremea Iui Caracalla, a avut loc <strong><span style=\"text-decoration: underline;\">prima n\u0103val\u0103 a go\u0163ilor \u00een Dacia Roman\u0103<\/span><\/strong>, <strong>ALIA\u0162I CU DACII LIBERI DIN MIAZ\u0102NOAPTE<\/strong>. \u00cemp\u0103ratul a venit \u00een \u0163inuturile noastre \u015fi a reu\u015fit s\u0103 \u00eenving\u0103. \u00cen timpul \u00eemp\u0103ratului Macrinus (217-218), scrie Cassius Dio, \u201e<strong><span style=\"text-decoration: underline;\">dacii pustiau o parte a Daciei \u015fi amenin\u0163au s\u0103 se lupte mai departe<\/span><\/strong>, dup\u0103 ce-\u015fi luaser\u0103 \u00eend\u0103r\u0103t ostatecii, pe care-i primise Caracalla sub cuv\u00e2nt de alian\u0163\u0103\u201d.<\/em><\/p>\n<p style=\"text-align: justify;\"><em>De pe la anul 230 \u00eencoace, atacurile nu au mai \u00eencetat. La leatul 235, romanii i-au \u00eenvins <strong><span style=\"text-decoration: underline;\">pe dacii care atacaser\u0103 \u00eempreun\u0103 cu sarma\u0163ii<\/span><\/strong>. Peste doi ani, <strong><span style=\"text-decoration: underline;\">carpii (dacii din Moldova), laolalt\u0103 cu go\u0163ii, au pr\u0103dat \u00een Dobrogea.<\/span><\/strong> Cu mare greutate, romanii i-au \u00eenvins. \u00cen anul 245, carpii au atacat din nou \u015fi au fost \u00eenvin\u015fi iar\u0103\u015fi. \u00cen acela\u015fi an, <strong><span style=\"text-decoration: underline;\">go\u0163ii \u015fi dacii liberi au p\u0103truns \u00eenc\u0103 o dat\u0103 \u00een imperiu.<\/span><\/strong> <strong><span style=\"text-decoration: underline;\">Atacurile s-au \u0163inut lan\u0163, p\u00e2n\u0103 la a\u015fa-zisa \u201eretragere aurelian\u0103\u201d. ACEASTA A \u00ceNSEMNAT INDEPENDEN\u0162A <\/span><\/strong><\/em><strong><em><span style=\"text-decoration: underline;\">OFICIAL\u0102<\/span><\/em><\/strong><strong><em><span style=\"text-decoration: underline;\"> A DACIEI, \u00ceNCUNUNAREA R\u0102ZBOAIELOR NE\u00ceNTRERUPTE PE CARE DACII LIBERI, ALIA\u0162I CU AL\u0162I \u201eBARBARI\u201d LE-AU PURTA \u00ceMPOTRIVA \u201eR\u00c2MLENILOR<\/span><\/em><\/strong><strong><span style=\"text-decoration: underline;\">\u201d<\/span><\/strong> \u2013 cf. Adrian Bucurescu, <strong><em>Dacia secret\u0103<\/em><\/strong>, Arhetip, Buc., 1997, pp. 230-231.<\/p>\n<p style=\"text-align: justify;\">\n<p style=\"text-align: justify;\">\u2026Parc\u0103 nici nu exist\u0103 vreun r\u0103gaz, \u00eentre luptele cele cr\u00e2ncene, iscate \u00eentr-una! \u2013 \u015fi duse pentru Sf\u00e2nta Libertate\u2026A\u015fa c\u0103, mult mai corect ar fi s\u0103 analiz\u0103m cauzele <strong>INVOLU\u0162IEI <\/strong>(prin ani \u015fi veacuri\u2026) a spiritului nostru <strong><span style=\"text-decoration: underline;\">at\u00e2t de r\u0103zboinic<\/span><\/strong>, c\u0103 nici m\u0103car militari profesioni\u015fti, precum erau romanii, nu mai f\u0103ceau fa\u0163\u0103\u2026<\/p>\n<p style=\"text-align: justify;\"><strong><span style=\"text-decoration: underline;\">Nu avem \u00eenscris\u0103, \u00een ADN-ul nostru, \u00ceN NICIUN CAZ, La\u015fitatea!!!<\/span><\/strong> Poate c\u0103 suntem manipula\u0163i (la fel ca toate popoarele Terrei!), s\u0103 devenim ni\u015fte \u201c<strong><em>castra\u0163i<\/em><\/strong>\u201d, \u015fi din punct de vedere al ac\u0163iunii\/re-ac\u0163iunii, \u015fi din punct de vedere al moralei\u2026spiritualit\u0103\u0163ii\u2026Pentru c\u0103, se \u015ftie de mult: <strong><span style=\"text-decoration: underline;\">un neam care \u201c<em>scade\/\u015fov\u0103ie<\/em>\u201d moral-spiritual, se \u201c<em>nemernice\u015fte<\/em>\u201d, apoi se \u201c<em>nimicnice\u015fte<\/em>\u201d, din toate punctele de vedere<\/span><\/strong>. \u015ei, atunci, ia s\u0103 ne mai privim, o dat\u0103, pe fa\u0163a P\u0103m\u00e2ntului, <strong><span style=\"text-decoration: underline;\">du\u015fmanii de moarte ai spiritualit\u0103\u0163ii cre\u015ftine (de 2.000 de ani \u00eencoace, dar, mai cu seam\u0103, \u00een ultima mie de ani, de pe la 1054<\/span><\/strong>\u2026din secolul al XV-lea, <strong><span style=\"text-decoration: underline;\">al apari\u0163iei abera\u0163iilor protestante<\/span><\/strong> \u2013 \u2026c\u00e2t despre cele actuale\/contemporane, ale neo-protestantismului, ne este \u015fi sil\u0103 s\u0103 mai vorbim!) \u2013 <strong>\u015eI, ATUNCI, VOM PRICEPE TOTUL<\/strong>!!!<\/p>\n<p style=\"text-align: justify;\"><strong>***<\/strong><\/p>\n<p style=\"text-align: justify;\">\u2014\u2014\u2014\u2014\u2014\u2014\u2014\u2014\u2014\u2014\u2014\u2014\u2014\u2014\u2014\u2014\u2013<\/p>\n<p style=\"text-align: justify;\"><strong>Prof. dr. Adrian BOTEZ<\/strong><\/p>\n<p style=\"text-align: justify;\"><strong>26 mai 2019<\/strong><\/p>\n","protected":false},"excerpt":{"rendered":"<p>Cei mai cutez\u0103tori r\u0103zboinici ai Terrei \u2013 Traco-Dacii-Valahii\u2026!!! Nu exist\u0103 rom\u00e2n de azi (sfertodoct\u2026se \u00een\u0163elege, \u00een condi\u0163iile \u00een care U.E. [&#038;hellip<\/p>\n","protected":false},"author":1,"featured_media":0,"comment_status":"closed","ping_status":"closed","sticky":false,"template":"","format":"standard","meta":{"footnotes":""},"categories":[3],"tags":[],"class_list":["post-45200","post","type-post","status-publish","format-standard","hentry","category-articole"],"_links":{"self":[{"href":"https:\/\/www.marianagurza.ro\/blog\/wp-json\/wp\/v2\/posts\/45200","targetHints":{"allow":["GET"]}}],"collection":[{"href":"https:\/\/www.marianagurza.ro\/blog\/wp-json\/wp\/v2\/posts"}],"about":[{"href":"https:\/\/www.marianagurza.ro\/blog\/wp-json\/wp\/v2\/types\/post"}],"author":[{"embeddable":true,"href":"https:\/\/www.marianagurza.ro\/blog\/wp-json\/wp\/v2\/users\/1"}],"replies":[{"embeddable":true,"href":"https:\/\/www.marianagurza.ro\/blog\/wp-json\/wp\/v2\/comments?post=45200"}],"version-history":[{"count":1,"href":"https:\/\/www.marianagurza.ro\/blog\/wp-json\/wp\/v2\/posts\/45200\/revisions"}],"predecessor-version":[{"id":45202,"href":"https:\/\/www.marianagurza.ro\/blog\/wp-json\/wp\/v2\/posts\/45200\/revisions\/45202"}],"wp:attachment":[{"href":"https:\/\/www.marianagurza.ro\/blog\/wp-json\/wp\/v2\/media?parent=45200"}],"wp:term":[{"taxonomy":"category","embeddable":true,"href":"https:\/\/www.marianagurza.ro\/blog\/wp-json\/wp\/v2\/categories?post=45200"},{"taxonomy":"post_tag","embeddable":true,"href":"https:\/\/www.marianagurza.ro\/blog\/wp-json\/wp\/v2\/tags?post=45200"}],"curies":[{"name":"wp","href":"https:\/\/api.w.org\/{rel}","templated":true}]}}