{"id":45799,"date":"2019-09-28T09:12:05","date_gmt":"2019-09-28T09:12:05","guid":{"rendered":"http:\/\/www.marianagurza.ro\/blog\/?p=45799"},"modified":"2019-09-28T09:12:05","modified_gmt":"2019-09-28T09:12:05","slug":"daniel-marin-neodihna-cea-de-toate-zilele-%e2%80%93-cu-vedere-la-toate-zarile","status":"publish","type":"post","link":"https:\/\/www.marianagurza.ro\/blog\/2019\/09\/28\/daniel-marin-neodihna-cea-de-toate-zilele-%e2%80%93-cu-vedere-la-toate-zarile\/","title":{"rendered":"Daniel MARIN: Neodihna cea de toate zilele \u2013 cu vedere la toate z\u0103rile"},"content":{"rendered":"<p><strong><a href=\"http:\/\/www.marianagurza.ro\/blog\/wp-content\/uploads\/2019\/09\/index.jpg\"><img loading=\"lazy\" decoding=\"async\" class=\"size-full wp-image-45800 alignleft\" title=\"index\" src=\"http:\/\/www.marianagurza.ro\/blog\/wp-content\/uploads\/2019\/09\/index.jpg\" alt=\"\" width=\"180\" height=\"240\" \/><\/a>Cronic\u0103 literar\u0103<\/strong><\/p>\n<p><strong>Nicolae V\u0103l\u0103reanu S\u00e2rbu, Insomnii de Lumin\u0103 (Editura eCreator, colec<\/strong><strong>\u021b<\/strong><strong>ia Poesis, Baia Mare, 2018)\u00a0<\/strong><\/p>\n<p style=\"text-align: justify;\">Oriunde \u015fi oric\u00e2nd se afl\u0103 poetul, \u015ftiu c\u0103 e bine: \u015fi poetul, \u015fi locul \u015fi timpul. \u015ei trebuie s\u0103 se afle \u00eentru consfin\u0163irea trecerii poetului prin acel loc \u015fi timp care astfel pot deveni minunate.<\/p>\n<p style=\"text-align: justify;\">Asta simt eu ca pe ceva axiomatic de mai dinaintea expresiei \u2019de c\u00e2nd lumea\u2019.<\/p>\n<p style=\"text-align: justify;\">A scrie despre <strong>Nicolae V\u0103l\u0103reanu S\u00e2rbu<\/strong> este precum a omologa petrecerea \u00eempreun\u0103 cu nepetrecerea timpului, locului \u015fi am\u0103nuntelor interaxiale. \u201eInsomnii de lumin\u0103\u201d ar fi a\u015fteptat de mult, nu \u015ftiu de ce abia acum se-nt\u00e2mpl\u0103, la c\u00e2te insomnii \u015fi la c\u00e2t\u0103 lumin\u0103. Poezia e cea pe care o \u015ftim f\u0103r\u0103 a trebui c\u0103utat\u0103, doar ce a mai \u00eenflorit universul poetic la timp de \u00eenflorire.<\/p>\n<p style=\"text-align: justify;\">\n\u201eera o miz\u0103 \u015fi singuri\/ doi invalizi\/ ne validam reciproc ideile\/\/ la mas\u0103 sub vi\u0163a de vie\/ visez cum plou\u0103\/ \u015fi desenez umbrel\u0103\/\/ timpul alunec\u0103 pe(ste) pietre\/ vocea ta sparge t\u0103cerea\/ asfin\u0163itul este un pretext\/ s\u0103 ne iubim mai devreme\/\/ ca o femeie cu \u015fapte copii\/ obosit\u0103\/ gr\u0103dina cu flori\/\/ oricum\/ e important\u0103 lupta \u00eentre oameni\/ \u015fi propriile lor deprinderi\/\/ noi doar scriem\/doi invalizi ne taie m\u00e2inile\/ ale tale sunt fierbin\u0163i \u015fi alung\u0103 t\u0103cerea\/\/ chem\u0103ri apar \u00een inima str\u00e2ns\u0103\/ la\u201d (flori rupte dintr-un vechi poem).\u2003at\u00e2tea invalid\u0103ri de destin\/ preconceput<\/p>\n<p style=\"text-align: justify;\">\nDa, prietene, cam a\u015fa e cu poe\u0163ii sub clar f\u0103r\u0103 lun\u0103. Da\u2019 poa\u2019 fie ori\u015fice clar. Hai s\u0103 zicem a\u015fa: Tu s\u0103ri\u015fi din copac de f\u0103cu\u015fi focu\u2019 \u015fi io m\u0103-n\u0163epenii p\u0103 un gard. Ce-i, c\u0103-i chiar fain!<\/p>\n<p style=\"text-align: justify;\">\nBine, s\u0103 trecem la ale noastre de pe h\u00e2rtie&#8230; Tu \u015ftii chiar \u015ftii ce-ai f\u0103cut? \u00cen afar\u0103 de a-\u0163i expune nevoia de dublare a singularit\u0103\u0163ii care tot singur\u0103tate s-ar chema c-ar fi. \u00cen afar\u0103 de c-ai scris un poem de \u015fi pe cinste.<\/p>\n<p style=\"text-align: justify;\">Ai redefinit c\u00e2teva pe care le b\u0103nuiam puse deoparte catalogate inventariate \u00eendosariate, \u015fi iote ba. Deci dup\u0103 cumj urmeaz\u0103: miza e de a fi \u015fi singuri dar tot de a fi; suntem prea zdraveni de nu ne putem crede noi pe noi; min\u0163ile noastre sc\u00e2nteiesc doar dup\u0103 cum le st\u0103 \u00een fire \u015fi le cam st\u0103 tot timpul; de aici \u015fi ideile care nu-s idei ci forme non-contemplative de (re)construc\u0163ie<br \/>\nuniversaliceasc\u0103; cu umbrela da, de nu bat\u0103 v\u00e2nt; cu timpu\u2019 tocmai ce nu exist\u0103 a\u015fa c\u0103 las\u0103-m\u0103 cu pe(ste) pietre; vocea ta confund\u0103 t\u0103cerea cu ceva \u00eentotdeauna \u00eent\u00e2rziat; rezisten\u0163a-i acilea: \u201easfin\u0163itul este un pretext\/ s\u0103 ne iubim mai devreme\u201d; nu \u015ftiu c\u00e2\u0163i copii trebuie, io tot timpul fac copii dup\u0103 ce-am adunat \u00een g\u00e2nd, de-acolo cred c\u0103 \u0163i se trage \u015fi cu femeia ta cea dinspre poezie; gr\u0103dina e luminat\u0103 m\u0103i, de\u015fi a\u015fa-i ea obosit\u0103, c\u00e2nd se ia curentul atunci vorbim cu primarul; lupta \u00eentre oameni e singura form\u0103 de a fi \u015fi anume oameni; noi doar scriem \u2013 da\u2019 ce altceva s\u0103 facem;<\/p>\n<p style=\"text-align: justify;\">&#8230;.mai departe \u015fi ca de altfel pe alocuri tu \u015ftii ce-ai vrut s\u0103 spui&#8230;<\/p>\n<p style=\"text-align: justify;\"><!--more-->Glumim \u015fi nu prea glumim&#8230; uite un poem bun: \u201ecu viteza rece a luminii\u201d: \u201elas urmele s\u0103 vorbeasc\u0103\/ caut alte forme de via\u0163\u0103\/ \u00een spa\u0163ii \u00eenc\u0103 \u00eendep\u0103rtate \u015fi necunoscute\/ unde gravita\u0163ia are alte legi.\/\/ nu-mi rupe posibilitatea\/ ea exist\u0103\/ convingerea nu se las\u0103 \u00een\u015felat\u0103\/ ea urc\u0103-n spiral\u0103 prin timp\/ lumina mi-a \u00eent\u0103rit toate demersurile\/ care se cer \u00eendeplinite-n fapt\/\/ tu caut\u0103-m\u0103-n viitorul care se apropie\/ cu viteza rece a luminii\/ s\u0103-l primim f\u0103r\u0103 team\u0103 acas\u0103\u201d.<\/p>\n<p style=\"text-align: justify;\">\nPoem pe care nu-l mai comentez tocmai c\u0103-i prea bun pentru a-l comenta.<\/p>\n<p style=\"text-align: justify;\">\nS\u0103 mai adaug despre cum ar fi asta o carte fain\u0103? Cred c\u0103 deja am zis-o. Bine&#8230;. Asta este o carte fain\u0103!<\/p>\n<p style=\"text-align: justify;\">\u00a0&#8212;&#8212;&#8212;&#8212;&#8212;&#8212;&#8212;&#8212;&#8212;&#8212;-<\/p>\n<p><strong>Daniel MARIAN, Deva, noiembrie 2018<\/strong><\/p>\n","protected":false},"excerpt":{"rendered":"<p>Cronic\u0103 literar\u0103 Nicolae V\u0103l\u0103reanu S\u00e2rbu, Insomnii de Lumin\u0103 (Editura eCreator, colec\u021bia Poesis, Baia Mare, 2018)\u00a0 Oriunde \u015fi oric\u00e2nd se afl\u0103 [&#038;hellip<\/p>\n","protected":false},"author":1,"featured_media":0,"comment_status":"closed","ping_status":"closed","sticky":false,"template":"","format":"standard","meta":{"footnotes":""},"categories":[3],"tags":[],"class_list":["post-45799","post","type-post","status-publish","format-standard","hentry","category-articole"],"_links":{"self":[{"href":"https:\/\/www.marianagurza.ro\/blog\/wp-json\/wp\/v2\/posts\/45799","targetHints":{"allow":["GET"]}}],"collection":[{"href":"https:\/\/www.marianagurza.ro\/blog\/wp-json\/wp\/v2\/posts"}],"about":[{"href":"https:\/\/www.marianagurza.ro\/blog\/wp-json\/wp\/v2\/types\/post"}],"author":[{"embeddable":true,"href":"https:\/\/www.marianagurza.ro\/blog\/wp-json\/wp\/v2\/users\/1"}],"replies":[{"embeddable":true,"href":"https:\/\/www.marianagurza.ro\/blog\/wp-json\/wp\/v2\/comments?post=45799"}],"version-history":[{"count":1,"href":"https:\/\/www.marianagurza.ro\/blog\/wp-json\/wp\/v2\/posts\/45799\/revisions"}],"predecessor-version":[{"id":45801,"href":"https:\/\/www.marianagurza.ro\/blog\/wp-json\/wp\/v2\/posts\/45799\/revisions\/45801"}],"wp:attachment":[{"href":"https:\/\/www.marianagurza.ro\/blog\/wp-json\/wp\/v2\/media?parent=45799"}],"wp:term":[{"taxonomy":"category","embeddable":true,"href":"https:\/\/www.marianagurza.ro\/blog\/wp-json\/wp\/v2\/categories?post=45799"},{"taxonomy":"post_tag","embeddable":true,"href":"https:\/\/www.marianagurza.ro\/blog\/wp-json\/wp\/v2\/tags?post=45799"}],"curies":[{"name":"wp","href":"https:\/\/api.w.org\/{rel}","templated":true}]}}