{"id":46259,"date":"2019-12-11T11:48:50","date_gmt":"2019-12-11T11:48:50","guid":{"rendered":"http:\/\/www.marianagurza.ro\/blog\/?p=46259"},"modified":"2019-12-11T19:00:43","modified_gmt":"2019-12-11T19:00:43","slug":"mariana-gurza-satul-ticau-o-samanta-a-vesniciei","status":"publish","type":"post","link":"https:\/\/www.marianagurza.ro\/blog\/2019\/12\/11\/mariana-gurza-satul-ticau-o-samanta-a-vesniciei\/","title":{"rendered":"Mariana GURZA: Satul \u021aIC\u0102U, o s\u0103m\u00e2n\u021b\u0103 a ve\u0219niciei"},"content":{"rendered":"<p style=\"text-align: center;\" align=\"right\"><a href=\"http:\/\/www.marianagurza.ro\/blog\/wp-content\/uploads\/2019\/12\/coperta-Traian-IENCE-300x208.jpg\"><img loading=\"lazy\" decoding=\"async\" class=\"size-full wp-image-46260\" title=\"coperta-traian-ience-300x208\" src=\"http:\/\/www.marianagurza.ro\/blog\/wp-content\/uploads\/2019\/12\/coperta-Traian-IENCE-300x208.jpg\" alt=\"\" width=\"300\" height=\"208\" \/><\/a><\/p>\n<p style=\"text-align: left;\" align=\"right\"><strong>MOTTO: <\/strong><\/p>\n<p style=\"text-align: right;\"><em>,,<\/em><em>Semnifica\u021bia sa ca munc\u0103 de aducere aminte este amplificat\u0103 de faptul c\u0103 se reface tot ce a r\u0103mas dup\u0103 \u00eencerc\u0103rile comunismului de a \u0219terge trecutul nostru, de a distruge cl\u0103diri, documente, \u00eempreun\u0103 cu sim\u021bul identit\u0103\u021bii poporului. Lu\u00e2nd \u00een considerare toate acestea, vreau s\u0103 subliniez suficient de mult\u00a0 importan\u021ba efortului concertat al domnului Ience de a ne salva trecutul, trecutul comun\u201d.<\/em><strong><\/strong><\/p>\n<p style=\"text-align: right;\">(Prof. univ. dr. Szidonia Haragos)<\/p>\n<p style=\"text-align: justify;\">Considera\u021biile de mai sus se refer\u0103 la volumul <strong>,,Monografia satului \u0162ic\u0103u\u201d de Traian IENCE, Zal\u0103u, Editura ,,Caiete Silvane\u201d, 2019, colec\u021bia ,,Monografii\u201d, <\/strong>o apari\u021bie ce onoreaz\u0103 satul rom\u00e2nesc, autorul, fiind editat\u0103 \u00een acest <strong>2019,\u00a0<\/strong><em><strong>An omagial al satului rom\u00e2nesc (al preo\u021bilor, \u00eenv\u0103\u021b\u0103torilor\u00a0\u0219i primarilor gospodari) \u0219i An comemorativ al Patriarhilor Nicodim Munteanu \u0219i Iustin Moisescu \u0219i al traduc\u0103torilor de c\u0103r\u021bi biserice\u0219ti<\/strong><\/em><strong>\u00a0\u00een Patriarhia Rom\u00e2n\u0103.<\/strong><\/p>\n<p style=\"text-align: justify;\">Simpozionul Na\u021bional de Teologie intitulat \u201eSatul rom\u00e2nesc: vatr\u0103 a pl\u0103m\u0103dirii, p\u0103str\u0103rii \u0219i promov\u0103rii fiin\u021bei na\u021bionale \u0219i a credin\u021bei ortodoxe\u201d, organizat de Patriarhia Rom\u00e2n\u0103, \u00een luna octombrie,\u00a0 PF Daniel a precizat c\u0103 exist\u0103 o criz\u0103 a satului rom\u00e2nesc care ,,<em>cere de la noi to\u021bi mai mult\u0103 implicare. Satele au nevoie de primari harnici, de \u00eenv\u0103\u021b\u0103tori de voca\u021bie, de preo\u021bi duhovnice\u0219ti \u0219i milostivi, dar \u0219i de s\u0103teni s\u0103n\u0103to\u0219i \u0219i bucuro\u0219i s\u0103 cultive p\u0103m\u00e2ntul<\/em>\u201d.<\/p>\n<p style=\"text-align: justify;\">\u00cendemnul P\u0103rintelui Patriarh, de \u00eentocmire de monografii pentru satele rom\u00e2ne\u0219ti, \u00eenso\u021bite de imagini, a avut ecou \u0219i prin apari\u021bia Monografiei satului \u021aic\u0103u, un sat mic, aflat \u00een partea de sud-vest a jude\u021bului Maramure\u0219.<\/p>\n<p style=\"text-align: justify;\">\u00cenv\u0103\u021b\u0103torul Traian Ience, fiu al locului, nu dezminte nici de data aceasta. ,,<em>Autorul, domnul Ience este un b\u0103\u0219tina\u0219 al \u021aic\u0103ului, \u00eenv\u0103\u021b\u0103tor de peste 40 de ani, o ocupa\u021bie nobil\u0103 \u0219i orientat\u0103 spre comunitate, urm\u0103rindu-\u0219i \u00een acela\u0219i timp pasiunea fa\u021b\u0103 de istoria local\u0103. Dup\u0103 cum mi-a spus, \u00een timp ce a scris aceast\u0103 monografie, nu a urmat un model anume, mai degrab\u0103 si-a urm\u0103rit intui\u021bia \u0219i dorin\u021ba interioar\u0103 care l-au \u00eempins spre a \u00eenregistra povestea comunit\u0103\u021bii sale natale\u2026<\/em>\u201d<strong> <\/strong>Prof. univ. dr. Szidonia Haragos<\/p>\n<p style=\"text-align: justify;\">Prefa\u021ba monografiei apar\u021bine doamnei prof. dr. Szidonia Haragos, o fiic\u0103 a locului care \u0219i-a prezentat impresiile at\u00e2t \u00een limba rom\u00e2n\u0103 c\u00e2t \u0219i \u00een cea maghiar\u0103. De\u0219i de etnii diferite, n\u0103zuin\u021bele sunt acelea\u0219i, cu dorin\u021ba de pace \u0219i lini\u0219te interioar\u0103. Istoria a demonstrat c\u0103 doar \u00eempreun\u0103 au putut trece peste vestigiile vremurilor.<\/p>\n<p style=\"text-align: justify;\">\u201e<strong>A\u0219a am sim\u021bit eu c\u0103 trebuie s\u0103 o scriu<\/strong>.\u201c, declam\u0103 autorul referindu-se la monografia satului natal. O monografie unic\u0103 de altfel, pornind de la atestarea sa documentar\u0103 din anul 1543 de\u0219i ,,<em>una dintre ideile principale pe care lucrarea domnului Ience o subliniaz\u0103 este dualitatea inerent\u0103 a comunit\u0103\u021bii noastre: de la \u00eenceputuri, Ticau \/ Szamosciko a fost \u00eenregistrat ca un sat maghiar \u0219i rom\u00e2nesc, \u00eenc\u0103 din 1431 ca \u201eMagyar and Olah falu\u201c sau un sat maghiar \u0219i rom\u00e2n, \u0219i a evoluat ca atare de-a lungul secolelor. Oameni de dou\u0103 etnii \u0219i de dou\u0103 religii diferite au coexistat \u00een mod pa\u0219nic, indiferent de ce puterea extern\u0103 a domnit peste ei. Dup\u0103 cum domnul Ience face aluzie la un moment dat \u00een lucrarea sa: ,,\u00cen anul 1698, o putere str\u0103in\u0103 (Austria) a impus convertirea poporului de la ortodoxie la catolicism. \u00cen 1948, o alt\u0103 putere str\u0103in\u0103 (URSS) a decretat revenirea la Ortodoxie. P\u00e2n\u0103 ast\u0103zi, lucrurile au r\u0103mas la fel. Doar Dumnezeu \u0219tie ce se va \u00eent\u00e2mpla \u00een viitor. Dup\u0103 felul \u00een care lucrurile func\u021bioneaz\u0103, pot spune cu siguran\u021b\u0103 c\u0103 orice este posibil<\/em>!<em>\u201d<\/em> (p. 32).<\/p>\n<p style=\"text-align: justify;\">Autorul a scotocit prin arhive, biblioteci, a studiat\u00a0 <em>Monografia jude\u021bului S\u0103laj<\/em> (<em>maghiar\u0103 Szil\u00e1gy v\u00e1rmegye monogr\u00e1fi\u00e1ja, publicat\u0103 \u00een 1902<\/em>), o carte despre Comitatul S\u0103laj\u00a0 editat\u0103 de Petri M\u00f3r<strong> <\/strong>\u0219i a descoperit \u0219i lucrarea lui Antal Szirmay din <em>1809<\/em>, care ar trebui s\u0103 fie cunoscut\u0103 \u0219i de al\u021bi istorici. A descoperit lucruri inedite despre micu\u021bul sat \u00een care a v\u0103zut lumina zilei.<\/p>\n<p style=\"text-align: justify;\">Monografia este structurat\u0103 \u00een mai multe p\u0103r\u021bi: Prefa\u021b\u0103\/Bevazeto; A\u0219ezare, limite, vecini; Istoricul satului \u021aic\u0103u; Datini \u0219i obiceiuri; Inunda\u021biile din 1970; \u021aiganii; \u0219colile din \u021aic\u0103u; Biserica rom\u00e2neasc\u0103; Biserica reformat\u0103; Castelul din \u021aic\u0103u; Cimitirele din \u021aic\u0103u; Gara; Str\u00e2mtorile \u021aic\u0103ului; Pensiunea ,,Festival\u201d ; \u00cen loc de \u00eencheiere; Bibliografie<\/p>\n<p style=\"text-align: justify;\">Un studiu \u0219tiin\u021bific, amplu, din toate punctele de vedere. O lucrare de o mare complexitate \u0219i studiu, analiz\u0103, autorul oper\u00e2nd cu date, documente de arhiv\u0103, cifre, ce privesc toate vie\u021bile spiritual \u0219i social-economice, arii geografice, comunit\u0103\u021bile umane. Prin mult\u0103 str\u0103danie a reu\u0219it s\u0103 penetreze trecutul \u0219i s\u0103 revin\u0103 \u00een prezent. Imagini colorate inund\u0103 paginile, imagini de ieri, imagini de azi.<\/p>\n<p style=\"text-align: justify;\"><em>Domnu\u2019 Trandafir<\/em>, cum i se mai spune \u00eenv\u0103\u021b\u0103torului Traian Ience, pentru dragostea \u0219i implicarea fireasc\u0103 \u00een educa\u021bie, r\u0103m\u00e2ne un model \u0219i o m\u00e2ndrie pentru \u021aic\u0103u \u0219i nu numai. Modest dar tenace, bl\u00e2nd dar st\u0103ruitor \u00een a zidi pentru genera\u021biile viitoare dragostea pentru <em>loc \u0219i persoan\u0103<\/em>. Interes pentru istorie \u0219i tradi\u021bie, imbold pentru conservarea vetrei str\u0103mo\u0219e\u0219ti.<\/p>\n<p style=\"text-align: justify;\">\u00cen anul 2014 \u00eenfiin\u021beaz\u0103 un muzeu al satului \u00een localul \u0218colii primare din Borza care cuprinde 1800 de obiecte expuse \u00een cinci s\u0103li.<\/p>\n<p style=\"text-align: justify;\">A publicat Creaca \u2013 repere monografice; Monografia \u0219colilor din comuna Creaca; Planuri de lec\u021bie din perioada 1860-1940; Istoria \u00eenv\u0103\u021b\u0103m\u00e2ntului rom\u00e2nesc din S\u0103laj \u2013 repere monografice; Dic\u021bionar de arhaisme \u0219i regionalisme din zona Creaca-Jib\u0103u-\u021aic\u0103u.<\/p>\n<p style=\"text-align: justify;\">Monografia satului \u021aic\u0103u cuprinde multe \u00eenscrisuri ale vremurilor, fotografii bine p\u0103strate. Pentru el \u0219i pentru cei apropia\u021bi, descoperirea bunicilor materni, a fost ceva inedit. Multe i le datoreaz\u0103 mamei, Maria Ience, fratelui Gheorghe Ience, cumnatei Magda Ience \u0219i preotului ortodox, Radu Boti\u0219. Aduce mul\u021bumiri domnului Gy\u00f6rgy Gy\u00f6rfi-De\u00e1k de la Biblioteca or\u0103\u0219eneasc\u0103 Jibou \u0219i domnului Koncz Atila, dar \u00een mod special recuno\u0219tin\u021b\u0103 prof. univ. dr. Szidonia Haragos<\/p>\n<p style=\"text-align: justify;\">Volumul semnat de Traian Ience ,,Monografia satului \u0162ic\u0103u\u201d, Editura ,,Caiete Silvane\u201d, colec\u021bia ,,Monografii\u201d, Zal\u0103u, 2019, ap\u0103rut cu sprijinul Centrului de Cultur\u0103 \u0219i Art\u0103 al Jude\u021bului S\u0103laj, sper s\u0103 ajung\u0103 \u00een sufletele cititorilor. S\u0103 descoperim mereu miracolul satului nostru, unde cu siguran\u021b\u0103 tr\u0103ie\u0219te ve\u0219nicia. Un efort demn de un fiu al satului care \u00eennobileaz\u0103.<\/p>\n<p><strong>\u00a0<\/strong><\/p>\n<p align=\"center\"><strong><em>Mariana Gurza<\/em><\/strong><\/p>\n<p align=\"center\"><strong><em>Timi\u0219oara<\/em><\/strong><\/p>\n<p align=\"center\"><strong><em>11 decembrie 2019<\/em><\/strong><\/p>\n","protected":false},"excerpt":{"rendered":"<p>MOTTO: ,,Semnifica\u021bia sa ca munc\u0103 de aducere aminte este amplificat\u0103 de faptul c\u0103 se reface tot ce a r\u0103mas dup\u0103 [&#038;hellip<\/p>\n","protected":false},"author":1,"featured_media":0,"comment_status":"closed","ping_status":"closed","sticky":false,"template":"","format":"standard","meta":{"footnotes":""},"categories":[3],"tags":[],"class_list":["post-46259","post","type-post","status-publish","format-standard","hentry","category-articole"],"_links":{"self":[{"href":"https:\/\/www.marianagurza.ro\/blog\/wp-json\/wp\/v2\/posts\/46259","targetHints":{"allow":["GET"]}}],"collection":[{"href":"https:\/\/www.marianagurza.ro\/blog\/wp-json\/wp\/v2\/posts"}],"about":[{"href":"https:\/\/www.marianagurza.ro\/blog\/wp-json\/wp\/v2\/types\/post"}],"author":[{"embeddable":true,"href":"https:\/\/www.marianagurza.ro\/blog\/wp-json\/wp\/v2\/users\/1"}],"replies":[{"embeddable":true,"href":"https:\/\/www.marianagurza.ro\/blog\/wp-json\/wp\/v2\/comments?post=46259"}],"version-history":[{"count":4,"href":"https:\/\/www.marianagurza.ro\/blog\/wp-json\/wp\/v2\/posts\/46259\/revisions"}],"predecessor-version":[{"id":46270,"href":"https:\/\/www.marianagurza.ro\/blog\/wp-json\/wp\/v2\/posts\/46259\/revisions\/46270"}],"wp:attachment":[{"href":"https:\/\/www.marianagurza.ro\/blog\/wp-json\/wp\/v2\/media?parent=46259"}],"wp:term":[{"taxonomy":"category","embeddable":true,"href":"https:\/\/www.marianagurza.ro\/blog\/wp-json\/wp\/v2\/categories?post=46259"},{"taxonomy":"post_tag","embeddable":true,"href":"https:\/\/www.marianagurza.ro\/blog\/wp-json\/wp\/v2\/tags?post=46259"}],"curies":[{"name":"wp","href":"https:\/\/api.w.org\/{rel}","templated":true}]}}