{"id":46263,"date":"2019-12-11T12:21:31","date_gmt":"2019-12-11T12:21:31","guid":{"rendered":"http:\/\/www.marianagurza.ro\/blog\/?p=46263"},"modified":"2019-12-11T12:37:46","modified_gmt":"2019-12-11T12:37:46","slug":"ierodiacon-iustin-t-bucuria-craciunului-nu-vine-din-familie-ea-doar-se-aduce-acolo","status":"publish","type":"post","link":"https:\/\/www.marianagurza.ro\/blog\/2019\/12\/11\/ierodiacon-iustin-t-bucuria-craciunului-nu-vine-din-familie-ea-doar-se-aduce-acolo\/","title":{"rendered":"Ierodiacon IUSTIN T.: Bucuria Cr\u0103ciunului nu vine din familie, ea doar se aduce acolo&#8230;"},"content":{"rendered":"<p style=\"text-align: center;\"><a href=\"http:\/\/www.marianagurza.ro\/blog\/wp-content\/uploads\/2019\/12\/Cer-de-Craciun.jpg\"><img loading=\"lazy\" decoding=\"async\" class=\"size-medium wp-image-46264\" title=\"cer-de-craciun\" src=\"http:\/\/www.marianagurza.ro\/blog\/wp-content\/uploads\/2019\/12\/Cer-de-Craciun-300x211.jpg\" alt=\"\" width=\"300\" height=\"211\" srcset=\"https:\/\/www.marianagurza.ro\/blog\/wp-content\/uploads\/2019\/12\/Cer-de-Craciun-300x211.jpg 300w, https:\/\/www.marianagurza.ro\/blog\/wp-content\/uploads\/2019\/12\/Cer-de-Craciun.jpg 568w\" sizes=\"auto, (max-width: 300px) 100vw, 300px\" \/><\/a><\/p>\n<p style=\"text-align: justify;\">Ce n-am da s\u0103 re\u00eenv\u0103\u021b\u0103m s\u0103 sim\u021bim taina Cr\u0103ciunului cu adev\u0103rat? N-am pl\u0103ti mai mult dec\u00e2t pe orice brad sau orice cadou? \u0218i totu\u0219i, de ce nu mai sim\u021bim Cr\u0103ciunul ca pe un eveniment din alt\u0103 lume&#8230;? De ce nu ne impresioneaz\u0103 ca \u0219i cum ar fi &#8211; s\u0103 zicem &#8211; cel mai reu\u0219it film SF al tuturor timpurilor? De ce nu putem s\u0103 trecem dincolo de o \u00eenc\u00e2ntare familial\u0103 de brad, cadouri, bun\u0103t\u0103\u021bi pe mas\u0103, care \u021bine c\u00e2teva zile \u0219i apoi ne arunc\u0103 iar\u0103\u0219i \u00een ritmul vie\u021bii noastre?<\/p>\n<p style=\"text-align: justify;\">\nR\u0103spunsul e o &#8220;setare&#8221; pe care am f\u0103cut-o noi sufletului nostru. C\u00e2ndva, demult. Noi ne-am &#8220;setat&#8221; s\u0103 tr\u0103im Craciunul \u00een cea mai \u00eengust\u0103 \u0219i mai limitat\u0103 dimensiune a persoanei noastre. Pare ciudat, dar aceast\u0103 limitare e tocmai cercul nostru de familie, rude \u0219i prieteni. Adic\u0103 unde am ajuns s\u0103 vedem to\u021bi idealul: &#8220;Cr\u0103ciun \u00een familie&#8221;. Acolo se poate ajunge, dar nicidecum bucuria Cr\u0103ciunului nu e de acolo. Ea se &#8220;aduce&#8221; \u00een familie. Dar e din alt\u0103 parte&#8230;<\/p>\n<p style=\"text-align: justify;\">\nTotul \u021bine de felul \u00een care ne vedem persoana noastr\u0103. Noi am ajuns \u00een lume s\u0103 fim so\u021bi \u0219i so\u021bii pentru cineva, s\u0103 fim ta\u021bi \u0219i mame pentru cineva, s\u0103 fim fra\u021bi, iubi\u021bi \u0219i iubite pentru cineva&#8230; Slav\u0103 Domnului \u0219i pentru asta! Dar&#8230; &#8211; \u0219i aici e minunea! &#8211; noi suntem &#8220;ceva&#8221; pentru cei dragi luat din altceva, mult mai mare \u0219i necuprins. Noi suntem oameni lua\u021bi din umanitatea \u00eentreag\u0103, apar\u021binem lui Dumnezeu \u0219i omenirii \u00eentregi. Nu suntem exclusiv ai nim\u0103nui, \u0219i nimeni nu poate s\u0103 pun\u0103 st\u0103p\u00e2nire pe noi &#8211; aici e frumuse\u021bea! \u0218i tocmai de aceea, accept\u0103m s\u0103 le apar\u021binem familiei \u0219i prietenilor \u00een particular, cu drag, prin taina Cununiei, prin leg\u0103tura prieteniei \u0219i prin alte leg\u0103turi binecuvantate de Dumnezeu. Suntem 100% mai \u00eent\u00e2i ai omenirii, ai trupului lui Dumnezeu la nivel de umanitate (din care se face Biserica), \u0219i apoi, din acest 100%, le \u00eencredin\u021b\u0103m celor dragi, s\u0103 zicem, 10%, 20% sau oric\u00e2t vrem noi, ca dar liber \u0219i asumat.<\/p>\n<p style=\"text-align: justify;\">\nAsta numai ca s\u0103 \u00een\u021belegem c\u0103 ce d\u0103ruim noi, ce punem deoparte pentru al\u021bii, e din libertatea persoanei noastre \u00een Dumnezeu. C\u0103ci la nivel de umanitate, putem s\u0103 nu fim ai nim\u0103nui \u00een special, ci s\u0103 fim ai tuturor, fra\u021bi \u0219i surori \u00een Crea\u021bie, a\u0219a cum ne-a vrut Dumnezeu. \u0218i aici, \u00een aceast\u0103 parte m\u0103rea\u021b\u0103 a persoanei noastre, \u00een care nu mai suntem so\u021bii sau prietenii cuiva anume, ci bun pre\u021bios tuturor din umanitate, aici, ne tr\u0103im Tainele, aici afl\u0103m mirajul Cr\u0103ciunului \u0219i \u00eenrudirea noastr\u0103 cu umanitatea pentru care Iisus S-a n\u0103scut. \u00cen largul persoanei noastre, a persoanei adev\u0103rate.<\/p>\n<p style=\"text-align: justify;\">\n\u0218i de-aceea a l\u0103sat Dumnezeu ca familia s\u0103 fie o celul\u0103 binecuv\u00e2ntat\u0103, \u00een care \u00eenv\u0103\u021b\u0103m s\u0103 ne extindem iubirea &#8220;agapae&#8221; (nu eros, care e rezervat\u0103 intimit\u0103\u021bii) peste toat\u0103 omenirea. \u00cen care \u00eenv\u0103\u021b\u0103m s\u0103 tr\u0103im bucuria Cr\u0103ciunului ca persoane ale umanit\u0103\u021bii \u00eentregi, care aduc \u00een particular, Taina \u00een c\u0103minul lor, la familia \u0219i la copiii lor. C\u0103ci familia de s\u00e2nge n-a fost f\u0103cut\u0103 s\u0103 fie locul unde se creeaz\u0103 \u0219i se tr\u0103ie\u0219te Taina, ci locul unde se aduce \u0219i se \u00eemp\u0103rt\u0103\u0219e\u0219te.<\/p>\n<p style=\"text-align: justify;\">\nS\u0103 nu ne mire asta, c\u0103ci a\u0219a a l\u0103sat Dumnezeu lucrurile: frumoase, largi \u0219i minunate! Iisus a venit ca un Copil al lumii \u00eentregi, chiar dac\u0103 prin darul Mamei Sale. Magii au venit s\u0103 i se-\u00eenchine ca ni\u0219te oameni liberi ai lumii \u00eentregi (Gaspar, Baltazar \u0219i Melchior), \u0219i nu exclusiv ca so\u021bi ai so\u021biilor lor sau ta\u021bi ai copiilor lor lor. Au dus apoi, desigur, Vestea \u00een c\u0103minul lor, ca o bucurie stranie, &#8220;SF&#8221;, din afar\u0103 de lume&#8230; P\u0103storii n-au venit nici ei ca rude ale cuiva, ci ca &#8220;rude&#8221; ale umanit\u0103\u021bii \u00eentregi. A\u0219a a putut tr\u0103i fiecare Cr\u0103ciunul, acum 2000 de ani, ca om liber apar\u021bin\u00e2nd tuturor, ie\u0219it din matca rudeniei sau a s\u00e2ngelui, ca micul Iisus \u00eensu\u0219i. C\u0103ci altfel, El ar fi fost doar &#8220;bunul&#8221; Mamei Lui \u0219i al neamului lui David, \u00een care S-a n\u0103scut. Or, Slav\u0103 Domnului c\u0103 n-a fost a\u0219a&#8230;! C\u0103ci cum ne-ar fi apar\u021binut El tuturor?<\/p>\n<p style=\"text-align: justify;\">\nCe \u00een\u021beleapt\u0103 e randuiala Lumii! S\u0103 dea Dumnezeu s\u0103 invers\u0103m perspectiva. S\u0103 nu mai c\u0103utam s\u0103 \u00eenghesuim Craciunul \u00een masa, cadourile \u0219i familia noastr\u0103. S\u0103-l tr\u0103im &#8220;\u00een afar\u0103&#8221;, \u00een acel loc minunat \u00een care ne suntem to\u021bi, unul altuia, familie \u00een umanitate \u0219i Biseric\u0103. Cumva, poate \u00een\u021belegem de ce oamenii, \u00eentre zidurile unui l\u0103ca\u0219, cauta o rudenie mai m\u0103rea\u021b\u0103 \u0219i mai grandioas\u0103 la nivel de umanitate. Una de care n-au parte acas\u0103. Dar pe care o duc acas\u0103, \u00een familia &#8220;mic\u0103&#8221;, tocmai pentru c-au dob\u00e2ndit-o \u00een Familia Mare&#8230;!<\/p>\n<p style=\"text-align: justify;\">\nO ie\u0219ire la aer binecuv\u00e2ntat\u0103, \u0219i parfum de Cr\u0103ciun tuturor, \u00een Marea Familie!<\/p>\n<p style=\"text-align: justify;\">\n<p style=\"text-align: center;\"><strong><em>Ierodiacon Iustin T., 10 decembrie 2019<\/em><\/strong><\/p>\n","protected":false},"excerpt":{"rendered":"<p>Ce n-am da s\u0103 re\u00eenv\u0103\u021b\u0103m s\u0103 sim\u021bim taina Cr\u0103ciunului cu adev\u0103rat? N-am pl\u0103ti mai mult dec\u00e2t pe orice brad sau [&#038;hellip<\/p>\n","protected":false},"author":1,"featured_media":0,"comment_status":"closed","ping_status":"closed","sticky":false,"template":"","format":"standard","meta":{"footnotes":""},"categories":[3],"tags":[],"class_list":["post-46263","post","type-post","status-publish","format-standard","hentry","category-articole"],"_links":{"self":[{"href":"https:\/\/www.marianagurza.ro\/blog\/wp-json\/wp\/v2\/posts\/46263","targetHints":{"allow":["GET"]}}],"collection":[{"href":"https:\/\/www.marianagurza.ro\/blog\/wp-json\/wp\/v2\/posts"}],"about":[{"href":"https:\/\/www.marianagurza.ro\/blog\/wp-json\/wp\/v2\/types\/post"}],"author":[{"embeddable":true,"href":"https:\/\/www.marianagurza.ro\/blog\/wp-json\/wp\/v2\/users\/1"}],"replies":[{"embeddable":true,"href":"https:\/\/www.marianagurza.ro\/blog\/wp-json\/wp\/v2\/comments?post=46263"}],"version-history":[{"count":3,"href":"https:\/\/www.marianagurza.ro\/blog\/wp-json\/wp\/v2\/posts\/46263\/revisions"}],"predecessor-version":[{"id":46267,"href":"https:\/\/www.marianagurza.ro\/blog\/wp-json\/wp\/v2\/posts\/46263\/revisions\/46267"}],"wp:attachment":[{"href":"https:\/\/www.marianagurza.ro\/blog\/wp-json\/wp\/v2\/media?parent=46263"}],"wp:term":[{"taxonomy":"category","embeddable":true,"href":"https:\/\/www.marianagurza.ro\/blog\/wp-json\/wp\/v2\/categories?post=46263"},{"taxonomy":"post_tag","embeddable":true,"href":"https:\/\/www.marianagurza.ro\/blog\/wp-json\/wp\/v2\/tags?post=46263"}],"curies":[{"name":"wp","href":"https:\/\/api.w.org\/{rel}","templated":true}]}}