{"id":46273,"date":"2019-12-13T10:26:56","date_gmt":"2019-12-13T10:26:56","guid":{"rendered":"http:\/\/www.marianagurza.ro\/blog\/?p=46273"},"modified":"2019-12-13T10:28:31","modified_gmt":"2019-12-13T10:28:31","slug":"eleonora-schipor-roua-cristalina-la-cie-cupca-2","status":"publish","type":"post","link":"https:\/\/www.marianagurza.ro\/blog\/2019\/12\/13\/eleonora-schipor-roua-cristalina-la-cie-cupca-2\/","title":{"rendered":"Eleonora SCHIPOR: Roua cristalin\u0103 la CIE Cupca"},"content":{"rendered":"<p style=\"text-align: center;\"><a href=\"http:\/\/www.marianagurza.ro\/blog\/wp-content\/uploads\/2019\/12\/78728042_1157281021310192_3596619245896597504_n.jpg\"><img loading=\"lazy\" decoding=\"async\" class=\"size-medium wp-image-46274\" title=\"78728042_1157281021310192_3596619245896597504_n\" src=\"http:\/\/www.marianagurza.ro\/blog\/wp-content\/uploads\/2019\/12\/78728042_1157281021310192_3596619245896597504_n-165x300.jpg\" alt=\"\" width=\"165\" height=\"300\" srcset=\"https:\/\/www.marianagurza.ro\/blog\/wp-content\/uploads\/2019\/12\/78728042_1157281021310192_3596619245896597504_n-165x300.jpg 165w, https:\/\/www.marianagurza.ro\/blog\/wp-content\/uploads\/2019\/12\/78728042_1157281021310192_3596619245896597504_n.jpg 528w\" sizes=\"auto, (max-width: 165px) 100vw, 165px\" \/><\/a><\/p>\n<p style=\"text-align: justify;\">Acest concurs\u00a0 tradi\u021bional are loc anual. Anul acesta prima etap\u0103 a avut loc \u00een \u0219colilie din raionul Hliboca.<\/p>\n<p style=\"text-align: justify;\">\u00a0\u00a0\u00a0\u00a0\u00a0\u00a0\u00a0\u00a0\u00a0\u00a0\u00a0 Bine s-au preg\u0103tit elevii, ajuta\u021bi de profesori, dirigin\u021bi \u0219i p\u0103rin\u021bi, sus\u021binu\u021bi de direc\u021bia \u0219colii de la CIE Cupca.<\/p>\n<p style=\"text-align: center;\"><a href=\"http:\/\/www.marianagurza.ro\/blog\/wp-content\/uploads\/2019\/12\/79002695_1157280371310257_8462469948453683200_n.jpg\"><img loading=\"lazy\" decoding=\"async\" class=\"size-medium wp-image-46275\" title=\"79002695_1157280371310257_8462469948453683200_n\" src=\"http:\/\/www.marianagurza.ro\/blog\/wp-content\/uploads\/2019\/12\/79002695_1157280371310257_8462469948453683200_n-300x168.jpg\" alt=\"\" width=\"300\" height=\"168\" srcset=\"https:\/\/www.marianagurza.ro\/blog\/wp-content\/uploads\/2019\/12\/79002695_1157280371310257_8462469948453683200_n-300x168.jpg 300w, https:\/\/www.marianagurza.ro\/blog\/wp-content\/uploads\/2019\/12\/79002695_1157280371310257_8462469948453683200_n.jpg 960w\" sizes=\"auto, (max-width: 300px) 100vw, 300px\" \/><\/a><\/p>\n<p style=\"text-align: justify;\">\u00a0\u00a0\u00a0\u00a0\u00a0\u00a0\u00a0\u00a0\u00a0\u00a0\u00a0 Crea\u021bia literar\u0103 a fost prezentat\u0103 mai \u00eent\u00e2i de membri cenaclului literar \u201eL\u0103m\u00e2i\u021ba\u201d care activeaz\u0103 de zeci de ani \u00een \u0219coala noastr\u0103 (conduc\u0103toare \u2013 E. Schipor). Absolventa acestui an de \u00eenv\u0103\u021b\u0103m\u00e2nt, nominant\u0103 la Festivalul raional \u201eStelu\u021ba bucovinean\u0103\u201d Marta Belici a recitat poezia \u201eCocoarele\u201d (Juravli) \u00een limba ucrainean\u0103, autor O. Olesi. Pe urm\u0103 elevul clasei a 11-ea Adrian Opae\u021b e recitat o poezie scris\u0103 de clasicul literaturii ucrainene Yurii Fedkovici, iar colega sa Romina Morar a recitat poezia \u201eIarna\u201d \u00een limba englez\u0103. (\u00cendrum\u0103toare \u2013 A. Tar\u00e2\u021ba, M. Ovaciuc \u0219i A. Bicer).<\/p>\n<p style=\"text-align: center;\"><a href=\"http:\/\/www.marianagurza.ro\/blog\/wp-content\/uploads\/2019\/12\/79306435_1157280101310284_7655604292576870400_n.jpg\"><img loading=\"lazy\" decoding=\"async\" class=\"size-medium wp-image-46276\" title=\"79306435_1157280101310284_7655604292576870400_n\" src=\"http:\/\/www.marianagurza.ro\/blog\/wp-content\/uploads\/2019\/12\/79306435_1157280101310284_7655604292576870400_n-300x168.jpg\" alt=\"\" width=\"300\" height=\"168\" srcset=\"https:\/\/www.marianagurza.ro\/blog\/wp-content\/uploads\/2019\/12\/79306435_1157280101310284_7655604292576870400_n-300x168.jpg 300w, https:\/\/www.marianagurza.ro\/blog\/wp-content\/uploads\/2019\/12\/79306435_1157280101310284_7655604292576870400_n.jpg 960w\" sizes=\"auto, (max-width: 300px) 100vw, 300px\" \/><\/a><\/p>\n<p style=\"text-align: justify;\">\u00a0\u00a0\u00a0\u00a0\u00a0\u00a0\u00a0\u00a0\u00a0\u00a0\u00a0 A doua nomina\u021bie \u201eArta teatral\u0103\u201d a debutat cu sceneta \u201eMotanul buc\u0103tar\u201d preg\u0103tit\u0103 de elevii clasei a 3-ea, sub \u00eendrumarea \u00eenv\u0103\u021b\u0103toarei lor V. Marcu. Elevii clasei a 5-ea au pus \u00een scen\u0103 un fragment din povestea lui Ion Creang\u0103 \u201ePup\u0103za din tei\u201d, ajuta\u021bi fiind de diriginta de clas\u0103 L. Sucevan, sus\u021binu\u021bi fiind de prima lor \u00eenv\u0103\u021b\u0103toare R. \u021augui \u0219i de profesoara de limba rom\u00e2n\u0103 O. Bojescu. Un fragment din copil\u0103ria Cobzarului ucrainean Taras \u0218evcenko \u0219i anume \u201eTarasik \u0219i mama\u201d ( \u00een limba ucrainean\u0103) a fost \u00eenterpretat de elevii clasei 7-ea, dirija\u021bi de profesoara de ucrainologie M. Alergu\u0219.<\/p>\n<p style=\"text-align: center;\"><a href=\"http:\/\/www.marianagurza.ro\/blog\/wp-content\/uploads\/2019\/12\/79389365_1157280607976900_4759112596223688704_n-1.jpg\"><img loading=\"lazy\" decoding=\"async\" title=\"79389365_1157280607976900_4759112596223688704_n-1\" src=\"http:\/\/www.marianagurza.ro\/blog\/wp-content\/uploads\/2019\/12\/79389365_1157280607976900_4759112596223688704_n-1-165x300.jpg\" alt=\"\" width=\"165\" height=\"300\" \/><\/a><\/p>\n<p>&nbsp;<\/p>\n<p style=\"text-align: justify;\">\u00a0\u00a0\u00a0\u00a0\u00a0\u00a0\u00a0\u00a0\u00a0\u00a0\u00a0 A trea nomina\u021bie \u2013 Folclorul a fost prezentat\u0103 prin grupa vocal\u0103 a \u0219colii cu c\u00e2teva c\u00e2ntece populare, elevele fiind \u00eembr\u0103cate \u00een frumoase haine na\u021bionale. Dou\u0103 c\u00e2ntece populare rom\u00e2ne\u0219ti a prezentat tuturor una dintre cele mai bune eleve ale \u0219colii noastre Marta Belici. Conduc\u0103toarea grupului este profesoara de limba matern\u0103 Lucica Du\u0219ceac.<\/p>\n<p style=\"text-align: justify;\">\u00a0\u00a0\u00a0\u00a0\u00a0\u00a0\u00a0\u00a0\u00a0\u00a0\u00a0 Un grup de instrumenti\u0219ti ai \u0219colii (vioar\u0103, saxofon, acordeon) au interpretat la diferite instrumente muzicale mai multe melodii populare rom\u00e2ne\u0219ti \u0219i ucrainene.<\/p>\n<p style=\"text-align: center;\"><a href=\"http:\/\/www.marianagurza.ro\/blog\/wp-content\/uploads\/2019\/12\/79529940_1157280851310209_5494729980224995328_n.jpg\"><img loading=\"lazy\" decoding=\"async\" class=\"size-medium wp-image-46278\" title=\"79529940_1157280851310209_5494729980224995328_n\" src=\"http:\/\/www.marianagurza.ro\/blog\/wp-content\/uploads\/2019\/12\/79529940_1157280851310209_5494729980224995328_n-165x300.jpg\" alt=\"\" width=\"165\" height=\"300\" srcset=\"https:\/\/www.marianagurza.ro\/blog\/wp-content\/uploads\/2019\/12\/79529940_1157280851310209_5494729980224995328_n-165x300.jpg 165w, https:\/\/www.marianagurza.ro\/blog\/wp-content\/uploads\/2019\/12\/79529940_1157280851310209_5494729980224995328_n.jpg 528w\" sizes=\"auto, (max-width: 165px) 100vw, 165px\" \/><\/a><\/p>\n<p style=\"text-align: justify;\">\u00a0\u00a0\u00a0\u00a0\u00a0\u00a0\u00a0\u00a0\u00a0\u00a0\u00a0 Juriul \u00een componen\u021ba lucr\u0103torilor Casei de crea\u021bie pentru copii \u0219i tineret din centrul raional Hliboca au dat o apreciere just\u0103 preg\u0103tirii \u0219i desf\u0103\u0219ur\u0103rii festivalului dat.<\/p>\n<p style=\"text-align: justify;\">\u00a0\u00a0\u00a0\u00a0\u00a0\u00a0\u00a0\u00a0\u00a0\u00a0\u00a0 Sincere mul\u021bumiri aducem p\u0103rin\u021bilor, profesorilor, elevilor pentru preg\u0103tirea costumelor, expozi\u021biilor \u0219i numerelor artistice. Tuturor le dorim succese \u0219i numai bine.<\/p>\n<p style=\"text-align: justify;\">&#8212;&#8212;&#8212;&#8212;&#8212;&#8212;&#8212;&#8212;&#8212;&#8212;-<\/p>\n<p style=\"text-align: justify;\"><strong>Eleonora SCHIPOR, <\/strong><\/p>\n<p style=\"text-align: justify;\"><strong>CIE Cupca<\/strong><\/p>\n<p style=\"text-align: justify;\">\n","protected":false},"excerpt":{"rendered":"<p>Acest concurs\u00a0 tradi\u021bional are loc anual. Anul acesta prima etap\u0103 a avut loc \u00een \u0219colilie din raionul Hliboca. \u00a0\u00a0\u00a0\u00a0\u00a0\u00a0\u00a0\u00a0\u00a0\u00a0\u00a0 Bine [&#038;hellip<\/p>\n","protected":false},"author":1,"featured_media":0,"comment_status":"closed","ping_status":"closed","sticky":false,"template":"","format":"standard","meta":{"footnotes":""},"categories":[3],"tags":[],"class_list":["post-46273","post","type-post","status-publish","format-standard","hentry","category-articole"],"_links":{"self":[{"href":"https:\/\/www.marianagurza.ro\/blog\/wp-json\/wp\/v2\/posts\/46273","targetHints":{"allow":["GET"]}}],"collection":[{"href":"https:\/\/www.marianagurza.ro\/blog\/wp-json\/wp\/v2\/posts"}],"about":[{"href":"https:\/\/www.marianagurza.ro\/blog\/wp-json\/wp\/v2\/types\/post"}],"author":[{"embeddable":true,"href":"https:\/\/www.marianagurza.ro\/blog\/wp-json\/wp\/v2\/users\/1"}],"replies":[{"embeddable":true,"href":"https:\/\/www.marianagurza.ro\/blog\/wp-json\/wp\/v2\/comments?post=46273"}],"version-history":[{"count":2,"href":"https:\/\/www.marianagurza.ro\/blog\/wp-json\/wp\/v2\/posts\/46273\/revisions"}],"predecessor-version":[{"id":46280,"href":"https:\/\/www.marianagurza.ro\/blog\/wp-json\/wp\/v2\/posts\/46273\/revisions\/46280"}],"wp:attachment":[{"href":"https:\/\/www.marianagurza.ro\/blog\/wp-json\/wp\/v2\/media?parent=46273"}],"wp:term":[{"taxonomy":"category","embeddable":true,"href":"https:\/\/www.marianagurza.ro\/blog\/wp-json\/wp\/v2\/categories?post=46273"},{"taxonomy":"post_tag","embeddable":true,"href":"https:\/\/www.marianagurza.ro\/blog\/wp-json\/wp\/v2\/tags?post=46273"}],"curies":[{"name":"wp","href":"https:\/\/api.w.org\/{rel}","templated":true}]}}