{"id":46341,"date":"2020-03-14T20:29:46","date_gmt":"2020-03-14T20:29:46","guid":{"rendered":"http:\/\/www.marianagurza.ro\/blog\/?p=46341"},"modified":"2020-03-14T20:29:46","modified_gmt":"2020-03-14T20:29:46","slug":"ierodiacon-iustin-t-sa-redescoperim-valoarea-noptii%e2%80%a6","status":"publish","type":"post","link":"https:\/\/www.marianagurza.ro\/blog\/2020\/03\/14\/ierodiacon-iustin-t-sa-redescoperim-valoarea-noptii%e2%80%a6\/","title":{"rendered":"Ierodiacon IUSTIN T.: S\u0103 redescoperim valoarea Nop\u021bii\u2026"},"content":{"rendered":"<p style=\"text-align: center;\"><a href=\"http:\/\/www.marianagurza.ro\/blog\/wp-content\/uploads\/2020\/03\/Noaptea-la-Putna-195x300.jpg\"><img loading=\"lazy\" decoding=\"async\" class=\"alignleft size-full wp-image-46342\" title=\"noaptea-la-putna-195x300\" src=\"http:\/\/www.marianagurza.ro\/blog\/wp-content\/uploads\/2020\/03\/Noaptea-la-Putna-195x300.jpg\" alt=\"\" width=\"195\" height=\"300\" \/><\/a><\/p>\n<p style=\"text-align: justify;\">C\u00e2nd \u021bi se ia ceva, c\u00e2nd pierzi ceva (libertatea de mi\u0219care), ce lucru mai frumos dec\u00e2t s\u0103 descoperi valoarea lucrurilor pe care le ai? Pe care le aveai tot timpul l\u00e2ng\u0103 tine\u2026<\/p>\n<p style=\"text-align: justify;\">\u0218i dintre ele, cel mai interesant \u0219i misterios, cel mai trecut cu vederea \u2013 Noaptea.<\/p>\n<p style=\"text-align: justify;\">Ce Tain\u0103 a l\u0103sat Bunul Dumnezeu cu Noaptea! \u201e\u0218i a fost sear\u0103 \u0219i a fost diminea\u021ba. Ziua \u00eent\u00e2i\u2026\u201d. Realiz\u0103m noi oare ce-ar fi fost via\u021ba noastr\u0103 f\u0103r\u0103 noapte? Mai ales acum, \u00een vremea epidemiei? Ar fi fost o zi de grij\u0103 \u0219i de angoas\u0103 nesf\u00e2r\u0219it\u0103\u2026<\/p>\n<p style=\"text-align: justify;\">Dar iubitorul nostru P\u0103rinte \u2013 \u0219tiind ce copiii n\u0103zdr\u0103vani \u0219i \u201ef\u0103r\u0103 ast\u00e2mp\u0103r\u201d suntem \u2013 a pus Noaptea ca pauz\u0103 \u00een via\u021ba noastr\u0103 care alearg\u0103 mereu dup\u0103 p\u0103m\u00e2nt. Ne oblig\u0103 s\u0103 ne \u201ereset\u0103m\u201d sistemul \u00een fiecare sear\u0103. S\u0103 mul\u021bumim pentru ziua ce a trecut. \u0218i s\u0103 \u00eent\u00e2mpinam cu \u00eemp\u0103care noaptea ce ne a\u0219teapt\u0103. Pentru c\u0103, \u00eentr-un fel minunat, fiecare noapte e o celebrare a odihnei care ne a\u0219teapt\u0103 \u00een Dumnezeu.<\/p>\n<p style=\"text-align: justify;\">S\u0103 ne g\u00e2ndim bine! Noi trat\u0103m noaptea ca o anestezie, sau ca o am\u00e2nare a grijii de m\u00e2ine\u2026 Dar Dumnezeu ne-a poruncit s-o celebr\u0103m! De ce? Pentru c\u0103 e frumoas\u0103 \u00een sine. Pentru c\u0103 a zis Psalmistul: \u201eIe\u015fi-va omul la lucrul lui \u0219i la lucrarea lui p\u00e2n\u0103 seara\u2026\u201d. Pentru c\u0103 felul omului sacru de a celebra seara se nume\u0219te\u2026 Vecernie!<\/p>\n<p style=\"text-align: justify;\">\u0218i pentru c\u0103 a zis Domnul: \u201eAjunge zilei r\u0103utatea ei\u2026\u201d. Ce cuv\u00e2nt recuperator! Adic\u0103, \u201eAjunge vou\u0103, p\u0103rin\u021bilor \u0219i prietenilor, grija unei zile. Ajunge vou\u0103 mormanul de \u0219tiri despre coronavirus de ast\u0103zi! Ajunge fr\u0103m\u00e2ntarea trupului pentru azi!\u201d \u0218i de-asta exist\u0103 rug\u0103ciunile de sear\u0103. Ca s\u0103 ne culc\u0103m ca \u0219i cum toata via\u021ba noastr\u0103 problematic\u0103 s-ar fi terminat. Fiindc\u0103 m\u00e2ine \u00eencepe nu o nou\u0103 zi, ci, \u00eentr-un fel\u2026 o nou\u0103 Via\u021b\u0103! C\u0103ci dac\u0103 ne culc\u0103m cu grija \u00eemboln\u0103virii de m\u00e2ine, noi n-am \u00een\u0163eles nimic. N-am \u00een\u021beles c\u0103 Domnul ne d\u0103 m\u00e2ine o alt\u0103 Existen\u021b\u0103, o alt\u0103 hain\u0103 de a tr\u0103i, o alt\u0103 \u0219ans\u0103 de a \u00eencepe Existen\u021ba cum trebuie. De a tr\u0103i, de m\u00e2ine, o via\u021b\u0103 care nu se mai teme de trupul \u00een care este. Chiar dac\u0103 e slab \u0219i supus bolii ca oricare altul. De a aprecia frumuse\u021bea Vie\u021bii \u00een pofida vasului fragil \u00een care Ea este pus\u0103!<\/p>\n<p style=\"text-align: justify;\">A\u0219a c\u0103 s\u0103 celebr\u0103m Noaptea! Aceast\u0103 mireas\u0103 a sufletului \u0219i acest \u201esfetnic bun\u201d. G\u00e2ndi\u0163i-v\u0103 c\u0103 \u00een Taina nop\u021bii \u0219i a l\u0103mpii lui si-a scris Eminescu mai toate poeziile\u2026 Prin ochii lini\u0219ti\u021bi ai Nop\u021bii, a v\u0103zut Eminescu \u201em\u00e2ndra p\u0103dure de argint\u201d \u0219i a auzit buciumul \u201eserii pe deal\u201d. \u0218i c\u00e2te \u0219i c\u00e2te \u201edoine \u0219i-n\u0163elesuri\u201d nu va fi dospit \u00een suflet dragul poet al sufletului nostru nocturn\u2026!<\/p>\n<p style=\"text-align: justify;\">\nCe copii \u201eneast\u00eemp\u0103ra\u0163i\u201d suntem pentru Dumnezeu! Dac\u0103 L-am auzi zic\u00e2nd: \u201eDragilor, v-am dat c\u00e2teva nop\u021bi lini\u0219tite, pentru c\u0103 \u0219tiu cum v\u0103 sunt zilele voastre\u2026 \u0218tiu cum erau p\u00e2n\u0103 acum, \u0219i \u0219tiu cum le ve\u021bi tr\u0103i dup\u0103 ce \u201ecriza\u201d va trece. Am vrut s\u0103 v-aduce\u021bi aminte cum e s\u0103 v\u0103 bucura\u021bi de nop\u021bi cu stele, de rug\u0103ciuni \u0219i de \u00eengeri\u2026\u201d.<\/p>\n<p style=\"text-align: justify;\">Doamne, c\u00e2t de m\u0103re\u021b e\u0219ti! C\u00e2te zile fr\u0103m\u00e2ntate ca s\u0103 pricepem valoarea unui simplu\u2026\u201dNoapte bun\u0103!\u201d.<\/p>\n<p style=\"text-align: justify;\">Nop\u021bi cu Domnul !<\/p>\n<p style=\"text-align: justify;\">\n<p style=\"text-align: justify;\"><em>Ierodiacon Iustin T., 14 martie 2020<\/em><\/p>\n<div><\/div>\n","protected":false},"excerpt":{"rendered":"<p>C\u00e2nd \u021bi se ia ceva, c\u00e2nd pierzi ceva (libertatea de mi\u0219care), ce lucru mai frumos dec\u00e2t s\u0103 descoperi valoarea lucrurilor [&#038;hellip<\/p>\n","protected":false},"author":1,"featured_media":0,"comment_status":"closed","ping_status":"closed","sticky":false,"template":"","format":"standard","meta":{"footnotes":""},"categories":[3],"tags":[],"class_list":["post-46341","post","type-post","status-publish","format-standard","hentry","category-articole"],"_links":{"self":[{"href":"https:\/\/www.marianagurza.ro\/blog\/wp-json\/wp\/v2\/posts\/46341","targetHints":{"allow":["GET"]}}],"collection":[{"href":"https:\/\/www.marianagurza.ro\/blog\/wp-json\/wp\/v2\/posts"}],"about":[{"href":"https:\/\/www.marianagurza.ro\/blog\/wp-json\/wp\/v2\/types\/post"}],"author":[{"embeddable":true,"href":"https:\/\/www.marianagurza.ro\/blog\/wp-json\/wp\/v2\/users\/1"}],"replies":[{"embeddable":true,"href":"https:\/\/www.marianagurza.ro\/blog\/wp-json\/wp\/v2\/comments?post=46341"}],"version-history":[{"count":1,"href":"https:\/\/www.marianagurza.ro\/blog\/wp-json\/wp\/v2\/posts\/46341\/revisions"}],"predecessor-version":[{"id":46343,"href":"https:\/\/www.marianagurza.ro\/blog\/wp-json\/wp\/v2\/posts\/46341\/revisions\/46343"}],"wp:attachment":[{"href":"https:\/\/www.marianagurza.ro\/blog\/wp-json\/wp\/v2\/media?parent=46341"}],"wp:term":[{"taxonomy":"category","embeddable":true,"href":"https:\/\/www.marianagurza.ro\/blog\/wp-json\/wp\/v2\/categories?post=46341"},{"taxonomy":"post_tag","embeddable":true,"href":"https:\/\/www.marianagurza.ro\/blog\/wp-json\/wp\/v2\/tags?post=46341"}],"curies":[{"name":"wp","href":"https:\/\/api.w.org\/{rel}","templated":true}]}}