{"id":46351,"date":"2020-03-19T16:33:05","date_gmt":"2020-03-19T16:33:05","guid":{"rendered":"http:\/\/www.marianagurza.ro\/blog\/?p=46351"},"modified":"2020-03-19T16:33:05","modified_gmt":"2020-03-19T16:33:05","slug":"ierodiacon-iustin-t-nu-siguranta-e-sensul-vietii-ci-frumosul-dupa-care-o-traim%e2%80%a6","status":"publish","type":"post","link":"https:\/\/www.marianagurza.ro\/blog\/2020\/03\/19\/ierodiacon-iustin-t-nu-siguranta-e-sensul-vietii-ci-frumosul-dupa-care-o-traim%e2%80%a6\/","title":{"rendered":"Ierodiacon IUSTIN T.: Nu siguran\u021ba e sensul vie\u021bii, ci Frumosul dup\u0103 care o tr\u0103im\u2026"},"content":{"rendered":"<p style=\"text-align: justify;\"><a href=\"http:\/\/www.marianagurza.ro\/blog\/wp-content\/uploads\/2020\/03\/Timpul-vietii-dinlauntru-218x300.jpg\"><img loading=\"lazy\" decoding=\"async\" class=\"alignleft size-full wp-image-46352\" title=\"timpul-vietii-dinlauntru-218x300\" src=\"http:\/\/www.marianagurza.ro\/blog\/wp-content\/uploads\/2020\/03\/Timpul-vietii-dinlauntru-218x300.jpg\" alt=\"\" width=\"218\" height=\"300\" \/><\/a>Ce n-am da s\u0103 ne izb\u0103vim o clip\u0103 de frica de moarte? S\u0103 avem fiorul unei vie\u021bi pe care nu ne-a poate lua nimeni, niciodat\u0103\u2026 Ce n-am da s\u0103 descoperim ce ne poate face nemuritori!<\/p>\n<p style=\"text-align: justify;\">\u0218i ce moment mai bun pentru a g\u0103si aceast\u0103 comoar\u0103 dec\u00e2t acela c\u00e2nd ceva ne amenin\u021b\u0103 trupul? Ce timp mai bun pentru a g\u0103si pacea dinl\u0103untru dec\u00e2t \u00een vreme de \u201er\u0103zboi\u201d? C\u00e2nd s\u0103 g\u0103se\u0219ti dinarul pe care l-ai pierdut in casa ta, pe jos? C\u00e2nd afar\u0103 e furtun\u0103\u2026<\/p>\n<p style=\"text-align: justify;\">Dragi prieteni, fizici \u015fi virtuali, dragi str\u0103ini ai Lui Dumnezeu, ce lume limpede ni se deschide deodat\u0103 \u00een fa\u021b\u0103!<\/p>\n<p style=\"text-align: justify;\">Dup\u0103 ce va fi c\u00e2nt\u0103rit\u0103 via\u021ba noastr\u0103?<\/p>\n<p style=\"text-align: justify;\">Iat\u0103, dup\u0103 frumuse\u021bea \u00een care ne-am culcat asear\u0103. Dup\u0103 g\u00e2ndul cu care am rostit rug\u0103ciunea de sear\u0103, c\u00e2nd am cerut: \u201eminte de\u0219teapt\u0103, cuget curat, inim\u0103 treaz\u0103, somn u\u0219or\u2026\u201d. Fiecare cuv\u00e2nt \u00een sine e o lume. O lume care biruie moartea cu grija de ve\u0219nicie. Cuget curat. Inim\u0103 treaz\u0103. Unde \u2013 pe p\u0103m\u00e2nt sau \u00een Cer, mor\u021bi sau vii \u2013 nu vom avea acea nevoie de \u201ecuget curat\u201d \u0219i \u201einim\u0103 treaz\u0103\u201d?<\/p>\n<p style=\"text-align: justify;\">Apoi vom mai fi judeca\u021bi dup\u0103 ceva. Dup\u0103 g\u00e2ndul cu care am pornit ziua. Iar\u0103\u0219i, \u00eel g\u0103sim \u00een rug\u0103ciunea de diminea\u021ba: \u201e\u2026m-ai ridicat, Preasf\u00e2nta Treime, din patul \u00een care ziceam ca un mort, ca s\u0103 m\u00e2nec \u0219i s\u0103 sl\u0103vesc puterea Ta\u2026\u201d. Ce idee! S\u0103 te scoli pentru motivul ca trebuie sa vezi o zi \u00een Crea\u021bie! S\u0103 vezi puterea lui Dumnezeu \u00een existen\u021b\u0103, \u00een f\u0103pturi, \u00een energiile vie\u021bii, \u00eenc\u0103 o zi! \u0218i n-are a face c\u0103 e grip\u0103\u2026 A zis Dumnezeu c\u0103 \u201eputerea Lui se des\u0103v\u00e2r\u0219e\u0219te \u00een sl\u0103biciune\u201d. N-are nimic cu fragilitatea vasului Vie\u021bii. C\u0103ci puterea lui Dumnezeu se vede \u00een c\u00e2t de frumos tr\u0103im. \u0218i \u2013 dac\u0103 ne-a venit \u201esorocul\u201d \u2013 \u00een c\u00e2t de frumos murim. C\u0103ci fie ca tr\u0103im, fie ca murim, suntem ai Lui, zicea cineva pe care-l cunoa\u015ftem cu to\u021bii\u2026<\/p>\n<p style=\"text-align: justify;\">\u0218i, de altfel, noi tr\u0103im zeci de mor\u021bi \u00een fiecare zi\u2026 Am murit de at\u00e2tea ori \u00een sufletul nostru c\u00e2nd am poftit o femeie pentru p\u0103cat! C\u00e2nd ne-am culcat cu burta plin\u0103 \u0219i cu cleveteala pe limb\u0103! Am murit de at\u00e2tea ori c\u00e2nd ne-am judecat aproapele! Am murit de at\u00e2tea ori c\u00e2nd am z\u0103cut ore \u00eentregi la televizor, pentru degradare \u0219i divertisment! Am murit, deci, \u0219i nu ne-a sup\u0103rat asta niciodat\u0103?!\u2026 Nu ne-a deranjat c\u0103 am l\u0103sat cetatea inimii noastre \u2013 unde st\u0103 Dumnezeu \u2013 s\u0103 fie invadat\u0103 de at\u00e2tea pofte, \u0219i frici, \u0219i griji? \u0218i ne vom chinui acum cu o schimbare de decor, \u00een afar\u0103, c\u00e2nd \u00een\u0103untru se joac\u0103 aceea\u0219i pies\u0103 tragic\u0103, de ani \u0219i zeci de ani de zile?\u2026<\/p>\n<p style=\"text-align: justify;\">Cine-si iube\u0219te cur\u0103\u021benia sufletului, cine \u00een\u021belege c\u0103 r\u0103ul care atinge trupul nu este adev\u0103ratul Rau, cine caut\u0103 s\u0103 se \u00eentoarc\u0103 la propria lui inim\u0103 curat\u0103 \u0219i la Dumnezeu, la lucrarea cre\u015ftinului dintotdeauna \u2013 nu are timp de team\u0103 \u0219i de groaz\u0103. Nu are timp dec\u00e2t s\u0103 recupereze cur\u0103\u021benia inimii pe care a pierdut-o. Fecioria sufletului. Caut\u0103 mereu timpul sinelui, ca Marcel Proust \u00een aventura lui: \u201e\u00cen c\u0103utarea timpului pierdut\u2026\u201d.<\/p>\n<p style=\"text-align: justify;\">\u0218i apropo de fric\u0103, mai \u021bine\u021bi minte pe Fat-Frumos din Lacrim\u0103 a lui Eminescu, c\u00e2nd l-a \u00eentrebat pe Ro\u0219u-\u00eemp\u0103rat: \u201eDe cine te temi tu, \u00cemp\u0103rate?\u201d. \u0218i acela a zis: \u201eEu ma tem de Dumnezeu \u00eent\u00e2i, dar \u0219i de Muma P\u0103durii!\u201d. Ei bine, frica \u00cemp\u0103ratului nu era des\u0103v\u00e2r\u0219it\u0103. Muma-P\u0103durii, pe \u00een\u021belesul nostru, este orice criz\u0103, boala, \u00eencercare de pe lume. De care nou\u0103 ne e fric\u0103 mai mult dec\u00e2t a avea frica \u201elui\u201d Dumnezeu. \u0218i, revenind, l-a \u00eentrebat \u0219i \u00cemp\u0103ratul pe Fat-Frumos: \u201eDar tu de cine te temi, Fat-Frumos?\u201d. \u0218i a r\u0103spuns el: Eu nu m\u0103 tem de nimeni, afar\u0103 de Dumnezeu!\u201d. \u0218i aceea era frica curata, singura \u0219i adev\u0103rata, care-l ridic\u0103 pe Fat-Frumos deasupra lumii. \u0218i deasupra Mumei-P\u0103durii.<\/p>\n<p style=\"text-align: justify;\">A\u0219a c\u0103, dragi prieteni, necunoscu\u021bi ai lumii, dar cunoscu\u021bi ai Domnului, eterna noastr\u0103 porunc\u0103 r\u0103m\u00e2ne frumuse\u021bea sufletului. Acela\u0219i \u2018Doamne-Iisuse miluie\u015fte-m\u0103\u201d spus \u00een inim\u0103, acelea\u0219i regrete pentru p\u0103cate, aceea\u0219i n\u0103dejde mai presus de p\u0103cate, acela\u0219i dor de a fi oamenii frumo\u0219i ai Lui care trebuia s\u0103 fim. Acelea\u0219i legi ale lumii interioare, care nu poate fi cl\u0103tinata de nicio criz\u0103 \u0219i nicio moarte. C\u0103ci dac\u0103 nu le tr\u0103im pe acestea, cu adev\u0103rat degeaba vom sc\u0103pa de grip\u0103, \u0219i degeaba vom tr\u0103i p\u00e2n\u0103 la 80 de ani cu \u201esiguran\u0163a\u201d vie\u021bii\u2026 C\u0103ci \u00een\u0103untrul nostru vom fi murit de mult.<\/p>\n<p style=\"text-align: justify;\">\u00a0\u00a0\u00a0\u00a0 S\u0103 \u00eencheiem. Vom fi judeca\u0163i dup\u0103 c\u00e2t de frumos tr\u0103im. \u0218i dup\u0103 c\u00e2t de frumos -daca Domnul ne cheam\u0103 \u2013 murim. Sa intr\u0103m \u00een inim\u0103, s\u0103 pl\u00e2ngem dup\u0103 frumuse\u021bea pierdut\u0103 a sufletului (nu din frica de pedeapsa), s\u0103 ne recuper\u0103m cur\u0103\u021benia inimii care face Via\u021ba interesant\u0103 \u0219i bun\u0103 de tr\u0103it \u00een orice condi\u021bii, chiar \u0219i \u00een vreme de criz\u0103. S\u0103 ne facem buni de \u201em\u00e2ncat\u201d ca rodia din imagine, \u0219i buni de \u201esorbit\u201d ca ceaiul cuminte de mai sus. S\u0103 redevenim \u201ebuni de iubit\u201d (chiar \u0219i cu nasul \u00eenfundat). \u0218i nici o moarte nu va va putea atinge.<\/p>\n<p style=\"text-align: justify;\">Cine pl\u00e2nge pentru Via\u021ba dinl\u0103untru s-a izb\u0103vit de orice alt pl\u00e2ns, pentru totdeauna.<\/p>\n<p style=\"text-align: justify;\">Zile de lucru frumos \u0219i f\u0103r\u0103 grij\u0103!<\/p>\n<p style=\"text-align: justify;\">&#8212;&#8212;&#8212;&#8212;&#8212;&#8212;&#8212;&#8212;&#8212;&#8212;&#8212;&#8212;-<\/p>\n<p style=\"text-align: justify;\">\u00a0<strong>\u00a0\u00a0\u00a0 <em>Ierodiacon Iustin T., 19 martie 2020<\/em><\/strong><\/p>\n<p style=\"text-align: justify;\">PS: A, da, \u0219i sp\u0103la\u021bi-v\u0103 pe m\u00e2ini\u2026 Dar nu pentru vreo infec\u021bie. Ci ca s\u0103 redescoperiti frumuse\u021bea lor.<\/p>\n","protected":false},"excerpt":{"rendered":"<p>Ce n-am da s\u0103 ne izb\u0103vim o clip\u0103 de frica de moarte? S\u0103 avem fiorul unei vie\u021bi pe care nu [&#038;hellip<\/p>\n","protected":false},"author":1,"featured_media":0,"comment_status":"closed","ping_status":"closed","sticky":false,"template":"","format":"standard","meta":{"footnotes":""},"categories":[3],"tags":[],"class_list":["post-46351","post","type-post","status-publish","format-standard","hentry","category-articole"],"_links":{"self":[{"href":"https:\/\/www.marianagurza.ro\/blog\/wp-json\/wp\/v2\/posts\/46351","targetHints":{"allow":["GET"]}}],"collection":[{"href":"https:\/\/www.marianagurza.ro\/blog\/wp-json\/wp\/v2\/posts"}],"about":[{"href":"https:\/\/www.marianagurza.ro\/blog\/wp-json\/wp\/v2\/types\/post"}],"author":[{"embeddable":true,"href":"https:\/\/www.marianagurza.ro\/blog\/wp-json\/wp\/v2\/users\/1"}],"replies":[{"embeddable":true,"href":"https:\/\/www.marianagurza.ro\/blog\/wp-json\/wp\/v2\/comments?post=46351"}],"version-history":[{"count":1,"href":"https:\/\/www.marianagurza.ro\/blog\/wp-json\/wp\/v2\/posts\/46351\/revisions"}],"predecessor-version":[{"id":46353,"href":"https:\/\/www.marianagurza.ro\/blog\/wp-json\/wp\/v2\/posts\/46351\/revisions\/46353"}],"wp:attachment":[{"href":"https:\/\/www.marianagurza.ro\/blog\/wp-json\/wp\/v2\/media?parent=46351"}],"wp:term":[{"taxonomy":"category","embeddable":true,"href":"https:\/\/www.marianagurza.ro\/blog\/wp-json\/wp\/v2\/categories?post=46351"},{"taxonomy":"post_tag","embeddable":true,"href":"https:\/\/www.marianagurza.ro\/blog\/wp-json\/wp\/v2\/tags?post=46351"}],"curies":[{"name":"wp","href":"https:\/\/api.w.org\/{rel}","templated":true}]}}