{"id":46368,"date":"2020-03-25T12:37:09","date_gmt":"2020-03-25T12:37:09","guid":{"rendered":"http:\/\/www.marianagurza.ro\/blog\/?p=46368"},"modified":"2020-03-25T12:37:09","modified_gmt":"2020-03-25T12:37:09","slug":"ierodiacon-iustin-t-bunavestire-sau-despre-intelesul-%e2%80%9etare%e2%80%9d-al-vietii%e2%80%a6","status":"publish","type":"post","link":"https:\/\/www.marianagurza.ro\/blog\/2020\/03\/25\/ierodiacon-iustin-t-bunavestire-sau-despre-intelesul-%e2%80%9etare%e2%80%9d-al-vietii%e2%80%a6\/","title":{"rendered":"Ierodiacon IUSTIN T.: Bunavestire. Sau despre \u00een\u021belesul \u201etare\u201d al Vie\u021bii\u2026"},"content":{"rendered":"<p style=\"text-align: justify;\"><a href=\"http:\/\/www.marianagurza.ro\/blog\/wp-content\/uploads\/2020\/03\/Bunavestire-sau-despre-valoarea-Vietii...-225x300.jpg\"><img loading=\"lazy\" decoding=\"async\" class=\"alignleft size-thumbnail wp-image-46369\" title=\"bunavestire-sau-despre-valoarea-vietii-225x300\" src=\"http:\/\/www.marianagurza.ro\/blog\/wp-content\/uploads\/2020\/03\/Bunavestire-sau-despre-valoarea-Vietii...-225x300-150x150.jpg\" alt=\"\" width=\"150\" height=\"150\" \/><\/a>A venit timpul s\u0103 privim Bunavestire \u0219i altfel dec\u00e2t \u00een estetica devenit\u0103 oarecum cli\u0219eu \u201emama cu copilul\u201d. Acum e criz\u0103, e grip\u0103, pe undeva departe parc\u0103 \u00ee\u0219i scoate capul \u0219i moartea\u2026 Deci ce moment mai bun s\u0103 reevaluam via\u021ba dec\u00e2t o criz\u0103 a vie\u021bii?<\/p>\n<p style=\"text-align: justify;\">Estetica frumoas\u0103 a icoanelor nu ne mai atinge. Sufletele noastre sunt prea speriate. Avem nevoie de \u00een\u021belesuri mai \u201etari\u201d. Avem nevoie de \u00een\u021belesuri noi, din care s\u0103 putem mu\u0219ca. \u00cen\u021belesuri care s\u0103 biruiasc\u0103 gustul mor\u021bii\u2026.<\/p>\n<p style=\"text-align: justify;\">C\u0103ci totul acum, totul, se petrece \u00een\u0103untru, \u00een Mintea \u0219i \u00een Inima noastr\u0103. Acolo stau fricile paralizante, acolo \u0219i cele eliberatoare. Acolo sunt ideile obosite, din care nu mai putem scoate ceva nou, \u0219i care ne deprima. Acolo \u0219i ideile neobosite \u0219i vii. Neobosite ca Mintea Domnului \u00censu\u0219i, care ne-a spus: \u201eVeni\u0163i la mine cei osteni\u021bi (obosi\u021bi) \u0219i \u00eempov\u0103ra\u0163i \u0219i Eu va voi odihni pe voi\u2026!\u201d.<\/p>\n<p style=\"text-align: justify;\">S\u0103 \u201eb\u0103g\u0103m\u201d deci m\u00e2na dup\u0103 \u00een\u021belesurile neobosit\u0103 ale Vie\u021bii. Ale Buneivestiri\u2026<\/p>\n<p style=\"text-align: justify;\">\u0218i iat\u0103, ce lume m\u0103rea\u021b\u0103 ni se deschide \u00een fa\u021b\u0103! Ne g\u00e2ndim noi oare c\u0103 M\u00e2ntuitorul nostru \u00censu\u0219i a venit pe lume \u00eentr-o vreme de criz\u0103? Iudeii erau sub jugul roman, peste Iudeea domnea un tiran care a ucis 2.000 de prunci, \u0219i care l-ar fi ucis \u0219i pe Pruncul Mesia \u00eensu\u0219i. Ce valoare avea via\u021ba acestui Prunc? C\u0103ci nu \u0219tiam c-o s\u0103 fie M\u00e2ntuitor \u0219i avea s\u0103 \u00eenvie omenirea\u2026 Iat\u0103, a trebuit s\u0103 fug\u0103 \u00een Egipt, a suferit de la iudei, a fost r\u0103stignit, a murit \u2013 lumea ar zice prea devreme. La 33 ani \u0219i jum\u0103tate\u2026<\/p>\n<p style=\"text-align: justify;\">\u0218i totu\u0219i, ce valoare avea via\u021ba acestui Om? De ce sa se mai chinuie Existen\u021ba cu El? \u0218i mama Lui, \u0219i discipolii lui, numai sa-L vad\u0103 murind\u2026?<\/p>\n<p style=\"text-align: justify;\">O, ce minunat \u00een\u021beles \u2013 dac\u0103-l \u00een\u021belegem! Via\u021ba unui copil din Nazaret, venit \u00een criz\u0103, muritor ca oricare altul, supus bolii (ca om), era valoroas\u0103 pentru simplu fapt c\u0103 VIA\u021aA ESTE. Existen\u021ba afirm\u0103 c\u0103 este. \u0218i dac\u0103 ar fi murit de boal\u0103, de coronavirus sau otr\u0103vit de oameni, dobor\u00e2t de mortalitatea propriei lui condi\u021bii \u2013 via\u021ba copilului Iisus e valoroas\u0103 ca Existen\u021ba \u00eensu\u0219i.<\/p>\n<p style=\"text-align: justify;\">\u0218i iat\u0103, ce idee! S\u0103 r\u0103m\u00e2nem cu ea. Fiecare via\u021ba, fiecare buc\u0103\u021bic\u0103 de Existen\u021b\u0103, este egal de valoroas\u0103 cu Existen\u021ba \u00eens\u0103\u0219i. Cu substan\u021ba care a f\u0103cut-o posibil\u0103. Fiecare fir de croiala e valoros ca \u021aes\u0103tura \u00eens\u0103\u0219i. Fiecare pe\u0219te dintr-un r\u00e2u e valoros ca Existen\u021ba pe\u0219tilor \u00eens\u0103\u0219i. \u0218i fiecare pic\u0103tur\u0103 de ploaie c\u00e2t crede\u021bi valoreaz\u0103\u2026? C\u00e2t Ploaia \u00eens\u0103\u0219i.<\/p>\n<p style=\"text-align: justify;\">\u0218i aici ajungem la miezul crizei noastre. Aici ajungem la \u00een\u021belesul tare, neobosit, al Vie\u021bii. Al Buneivestiri.<\/p>\n<p style=\"text-align: justify;\">C\u00e2t valoreaz\u0103 zilele unui om bolnav, sau chiar ale unui om muribund? Cat valoreaz\u0103 acea por\u021bie de via\u021b\u0103 suferin\u021b\u0103, acea \u201eg\u00e2f\u00e2iala\u201d de-a via\u021ba?<\/p>\n<p style=\"text-align: justify;\">Ei bine, dragi prieteni, via\u021ba \u00een criz\u0103 valoreaz\u0103 c\u00e2t Via\u021ba \u00eens\u0103\u0219i! Nici mai mult nici mai pu\u021bin. \u0218i un om \u2013 a\u015fa, bolnav \u2013 valoreaz\u0103 c\u00e2t Omenirea! \u0218i ziua la pat a unui om bolnav valoreaz\u0103 c\u00e2t o Zi de Existen\u021b\u0103 \u00eens\u0103\u0219i! \u0218i o respira\u021bie chinuit\u0103 \u2013 a\u0219a chinuit\u0103, da! \u2013 valoreaz\u0103 c\u00e2t Respira\u021bia \u00eens\u0103\u0219i, c\u00e2t Suflarea de Via\u021b\u0103 care a suflat-o Domnul peste noi, ca s\u0103 fim vii!<\/p>\n<p style=\"text-align: justify;\">\nC\u0103ci dac\u0103 zicea dragul nostru M\u00e2ntuitor ca \u201e\u0219i perii capului va sunt num\u0103ra\u021bi\u201d, oare nu ne sunt num\u0103rate toate firimiturile pre\u021bioase ale Vie\u021bii noastre? Nu ne sunt num\u0103rate toate g\u00e2f\u00e2ielile \u0219i str\u0103nuturile, \u0219i tu\u015fiturile acestei Urzeli nepre\u021buite care se cheam\u0103 Via\u021b\u0103!?<\/p>\n<p style=\"text-align: justify;\">O, ce lec\u021bie m\u0103rea\u021b\u0103 ne d\u0103 aceast\u0103 criz\u0103! Nu e vorba de pedeaps\u0103, nu e vorba ca a venit \u201eurgia lui Dumnezeu peste noi\u201d\u2026 Cine vrea s\u0103 \u00een\u021beleag\u0103 a\u015fa, n-are dec\u00e2t. Astea sunt \u00een\u021belesurile \u201eslabe\u201d, acelea care ne las\u0103 fl\u0103m\u00e2nzi. \u0218i obosi\u021bi. \u0218i s\u0103tui s\u0103 mai lupt\u0103m. \u0218i s\u0103 credem.<\/p>\n<p style=\"text-align: justify;\">\u0218ti\u021bi ce minunat e M\u00e2ntuitorul nostru? Despre El a \u0219optit Isaia ca de la Domnul: \u201eFiul meu iubit\u2026 trestie strivita nu va fr\u00e2nge \u0219i fe\u015ftila fumeg\u00e2nd\u0103 nu va stinge!\u201d (Matei, 18, 20). Adic\u0103 Domnul e m\u0103re\u021b \u0219i delicat cu cele mai slabe f\u0103pturi. Cu cele mai vulnerabile. Fiindc\u0103\u2026 EL \u00ceNSU\u0218I A FOST UNA. A\u0219adar, \u00een\u021belesul \u201etare\u201d \u0219i minunat al acestei gripe este c\u0103\u2026 zbaterea si suferin\u0163a Existen\u021bei este valoroas\u0103 ca Existen\u021ba \u00eens\u0103\u0219i! Pentru c\u0103 Existen\u021ba \u00eens\u0103\u0219i sufer\u0103 \u00een noi acum. Existen\u021ba \u201ebole\u0219te\u201d \u00een noi! \u0218i Existen\u021ba \u2013 pentru cei credincio\u0219i \u2013 este Via\u021ba Domnului \u00een noi, Duhul Lui, care \u201ese roag\u0103 \u00een noi cu suspine negr\u0103ite\u201d!<\/p>\n<p style=\"text-align: justify;\">S\u0103 \u00eenvie min\u021bile noastre, inimile noastre, \u00een acest \u00een\u021beles nou. \u00cen acest \u00een\u021beles \u201etare\u201d. O criz\u0103 a vie\u021bii, orice criz\u0103 a vie\u021bii \u2013 e valoroas\u0103 ca Via\u021ba \u00eens\u0103\u0219i! \u0218i prin asta \u0219tim c\u0103 la Domnul nu s-a schimbat nimic. C\u0103 ne iube\u0219te. C\u0103 ne iubea la fel, dintotdeauna! Numai noi trebuia s\u0103 ne venim \u00een fire.<\/p>\n<p style=\"text-align: justify;\">\u201eMu\u0219ca\u021bi\u201d din Bunavestire altfel. E despre o via\u021b\u0103 muritoare. Uman\u0103. Smerit\u0103. Pierduta la 33 de ani\u2026 Valoroas\u0103 \u00eens\u0103 ca Existen\u021ba \u00eens\u0103\u0219i!<\/p>\n<p style=\"text-align: justify;\">Da-ne, Doamne, s\u0103 \u00een\u021belegem M\u0103re\u021bia \u00een care tr\u0103im! Acum, chiar \u00een miezul ei\u2026<\/p>\n<p style=\"text-align: justify;\"><em>Ierod. Iustin T., 24 martie 2020<\/em><\/p>\n","protected":false},"excerpt":{"rendered":"<p>A venit timpul s\u0103 privim Bunavestire \u0219i altfel dec\u00e2t \u00een estetica devenit\u0103 oarecum cli\u0219eu \u201emama cu copilul\u201d. Acum e criz\u0103, [&#038;hellip<\/p>\n","protected":false},"author":1,"featured_media":0,"comment_status":"closed","ping_status":"closed","sticky":false,"template":"","format":"standard","meta":{"footnotes":""},"categories":[3],"tags":[],"class_list":["post-46368","post","type-post","status-publish","format-standard","hentry","category-articole"],"_links":{"self":[{"href":"https:\/\/www.marianagurza.ro\/blog\/wp-json\/wp\/v2\/posts\/46368","targetHints":{"allow":["GET"]}}],"collection":[{"href":"https:\/\/www.marianagurza.ro\/blog\/wp-json\/wp\/v2\/posts"}],"about":[{"href":"https:\/\/www.marianagurza.ro\/blog\/wp-json\/wp\/v2\/types\/post"}],"author":[{"embeddable":true,"href":"https:\/\/www.marianagurza.ro\/blog\/wp-json\/wp\/v2\/users\/1"}],"replies":[{"embeddable":true,"href":"https:\/\/www.marianagurza.ro\/blog\/wp-json\/wp\/v2\/comments?post=46368"}],"version-history":[{"count":1,"href":"https:\/\/www.marianagurza.ro\/blog\/wp-json\/wp\/v2\/posts\/46368\/revisions"}],"predecessor-version":[{"id":46370,"href":"https:\/\/www.marianagurza.ro\/blog\/wp-json\/wp\/v2\/posts\/46368\/revisions\/46370"}],"wp:attachment":[{"href":"https:\/\/www.marianagurza.ro\/blog\/wp-json\/wp\/v2\/media?parent=46368"}],"wp:term":[{"taxonomy":"category","embeddable":true,"href":"https:\/\/www.marianagurza.ro\/blog\/wp-json\/wp\/v2\/categories?post=46368"},{"taxonomy":"post_tag","embeddable":true,"href":"https:\/\/www.marianagurza.ro\/blog\/wp-json\/wp\/v2\/tags?post=46368"}],"curies":[{"name":"wp","href":"https:\/\/api.w.org\/{rel}","templated":true}]}}