{"id":46523,"date":"2020-06-08T10:21:35","date_gmt":"2020-06-08T10:21:35","guid":{"rendered":"http:\/\/www.marianagurza.ro\/blog\/?p=46523"},"modified":"2020-06-08T10:25:00","modified_gmt":"2020-06-08T10:25:00","slug":"dumitru-mnerie-o-zi-de-rusalii-cu-i-c-rada","status":"publish","type":"post","link":"https:\/\/www.marianagurza.ro\/blog\/2020\/06\/08\/dumitru-mnerie-o-zi-de-rusalii-cu-i-c-rada\/","title":{"rendered":"Dumitru MNERIE: O zi de Rusalii cu I. C. Rada"},"content":{"rendered":"<p style=\"text-align: justify;\"><a href=\"http:\/\/www.marianagurza.ro\/blog\/wp-content\/uploads\/2020\/06\/Mnerie-Dumitru.jpg\"><img loading=\"lazy\" decoding=\"async\" class=\"size-thumbnail wp-image-46524 alignright\" title=\"mnerie-dumitru\" src=\"http:\/\/www.marianagurza.ro\/blog\/wp-content\/uploads\/2020\/06\/Mnerie-Dumitru-150x150.jpg\" alt=\"\" width=\"150\" height=\"150\" \/><\/a>7 iunie 2020. O binecuv\u00e2ntat\u0103 zi de <em>Duminica Mare<\/em>, pentru noi ortodoc\u0219ii s\u0103rb\u0103toarea <em>Pogor\u00e2rii Sf\u00e2ntului Duh<\/em> peste sfin\u021bii apostoli. Este o anumit\u0103 zi de \u00eembog\u0103\u021bire spiritual\u0103, de aducere aminte de prieteni, de oameni dragi, de fapte bune. Mi-am propus azi s\u0103 s\u0103rb\u0103toresc cu g\u00e2ndul la al\u021bii, pe care \u00eei simt mai ca mine \u2026 La v\u00e2rsta de 25 de ani m-am m\u00e2ndrit cu \u00eenv\u0103\u021b\u0103turile acumulate \u00een facultate pentru a fi un bun inginer mecanic, dar practic\u00e2nd m-a cuprins <em>spiritul ingineresc<\/em>. Practic\u00e2nd ingineria m-am izbit de zidul <em>spiritului economic<\/em>. Intra\u021bi bine \u00een tranzi\u021bia postrevolu\u021bionar\u0103, prin studii universitare \u201ela zi\u201d am d\u0103r\u00e2mat ceva din zid model\u00e2ndu-mi judecata tehnico-economic\u0103, \u00een condi\u021biile unei pie\u021be declarate libere, cu pre\u021b ridicat al progresului tehnologic. \u0218i totu\u0219i, revenind la spiritul uman, inundat de facilit\u0103\u021bile oferite de comunicarea online, \u00een aceast\u0103 lung\u0103 prim\u0103var\u0103, din pozi\u021bia \u201e<em>st\u00e2nd\/muncind de-acas\u0103<\/em>\u201d, (mai ales pe perioada pandemiei de COVID-19), citeam aproape zilnic din poemele pline de patim\u0103, iubire \u0219i dor lansate de prietenul meu drag, <em>poetul Marin Be\u0219cuc\u0103<\/em>. Dup\u0103 citire mai comentam pe chat\/mess\/telefon, despre lumea care ne \u00eempresoar\u0103, dar mai ales despre prieteni. A\u0219a m-am \u00eentors cu g\u00e2ndul cu un an \u00een urm\u0103, la un \u00eenscris: \u201e<em>Boier Mnerie! Te uit\u0103 Domnule ce poate ie\u0219i c\u00e2nd prietenia te sc\u00e2nteie dinl\u0103untru<\/em>.\u201d Semnat Marin Be\u0219cuc\u0103, Dumbrava Ro\u0219ie 188. De fapt aten\u021bionarea \u2013 dedica\u021bie de autor, era pe a II-a pagin\u0103 a noii apari\u021bii editoriale (Editura Hoffman), a volumului de versuri: \u201e<em>IC Rada \u2013 Poem peste Oradea<\/em>\u201d. Am r\u0103sfoit imediat cartea, atras de dinamismul cu care poetul se juca cu metaforele, aduc\u00e2ndu-m\u0103 suflete\u0219te, pe mine cititorul, mai aproape de Dumnezeu \u0219i de Costic\u0103 \u2013 prietenul lui Marin, Profesorul IC Rada. Am citit curios \u0219i pl\u0103cut impresionat cele 2 pachete de \u201e<em>Scrisori c\u0103tre Profesorul Doctor \u00een \u0218tiin\u021be, IC Rada<\/em>\u201d, trec\u00e2nd mai superficial, la \u00eenceput, de la \u201e<em>SOMNOSTIHII<\/em>\u201d la \u201e<em>METAFIZICA VISULUI<\/em>\u201d, m\u00e2nat cu grab\u0103, ba de \u201e<em>BOLEROUL \u00ceNDOIELII<\/em>\u201d(08), ba de \u201eTRANSHUMAN\u021aA DESTINULUI\u201d (101). Ajuns \u00een partea a II-a, am \u00eenceput cu \u201eM\u0102 UIT CUM \u00ceNFLORE\u0218TE CUV\u00c2NTUL\u201d (001): <em>\u201e\u2026 Profesore IC Rada, petale, sepale, vocale,\/corola m\u0103 umple de senin,\/visele irump roua timpului meu\/\u0219i v\u0103d cum albinele criticii\/m\u0103 sorb de nectar, sleit de puteri, Prietene Costic\u0103, apuc s\u0103 adorm,\/ ploapele transcend \u00een petale de plumb<\/em>, \u2026\u201d. Apoi, tot gr\u0103bit, dar nu stresat, citeam \u201e\u00ceNTR-UN CEAS EDULCORANT\u201d(043), cum: \u201e \u2026 <em>cadavrele iernii se-mput \u00een strad\u0103,\/un primar refulat,\/dar cu barb\u0103!\/t\u00e2nje\u0219te dup\u0103 Emil \u2026\/ce minciun\u0103!\/\u021ban\u021bo\u0219i ghiocei, cu n\u0103mol \u00een sepal\u0103!\/dau ortul popii\u2026\/g\u00e2lceav\u0103!\/parc\u0103rile taxiurilor\u2026prim\u0103rie,\/edulcorant, sicofant, abracadabrant \u2026\u201d.<\/em><\/p>\n<p style=\"text-align: justify;\"><a href=\"http:\/\/www.marianagurza.ro\/blog\/wp-content\/uploads\/2020\/06\/Coperta-300x212.jpg\"><img loading=\"lazy\" decoding=\"async\" class=\"alignleft size-thumbnail wp-image-46525\" title=\"coperta-300x212\" src=\"http:\/\/www.marianagurza.ro\/blog\/wp-content\/uploads\/2020\/06\/Coperta-300x212-150x150.jpg\" alt=\"\" width=\"150\" height=\"150\" \/><\/a>Purtat \u0219i de PS-urile poemelor, \u00een care poetul dornic de tain\u0103, este \u00een vorb\u0103 c\u00e2nd cu \u201e<em>Profesore IC<\/em>\u201d, c\u00e2nd cu \u201e<em>Prietene Costic\u0103<\/em>\u201d, ajung chiar la scrisoare: \u201e<em>DRAG\u0102 COSTIC\u0102<\/em>\u201d (067): \u201e<em>Sunt bine s\u0103n\u0103tos \u0219i datorit\u0103 \u021bie!<\/em>\u201d \u2026 care se \u00eencheie simplu: \u201e<em>Cu mare drag, Marin.<\/em>\u201d. Apoi, m-am oprit din citit. M\u0103 g\u00e2ndeam: <em>Ce frumoas\u0103 prietenie!<\/em>\u2026 Pe poetul Marin Be\u0219cuc\u0103, l-am \u00eent\u00e2mpinat, mai \u00eent\u00e2i online, \u00eencep\u00e2nd cu decembrie 2018, dup\u0103 citirea unor poeme interesante ap\u0103rute pe pagina web-site\/facebook \u0219i \u00een revista \u201e<em>Logos&amp;Agape<\/em>\u201d (fondate \u0219i conduse de distinsa poet\u0103, Doamn\u0103 Mariana GURZA). Apoi, m-a \u00eent\u00e2mpinat Poetul chiar la el acas\u0103, \u00een vara trecut\u0103, \u00een Dorohoi, str. Dumbrava Ro\u0219ie, 188. Acum ne sim\u021bim apropia\u021bi, ca buni prieteni, bine lega\u021bi \u0219i printr-un fir fin, divin. Dar, a mai r\u0103mas s\u0103-mi clarific cine este de fapt \u201e<em>Prietenul Costic\u0103<\/em>\u201d? Cine este \u201e<em>Profesorul Doctor \u00een \u0218tiin\u021be, IC Rada<\/em>\u201d? \u00centreb\u0103rile m-au fr\u0103m\u00e2ntat de ceva vreme. A\u0219a, av\u00e2nd \u00een fa\u021b\u0103 chipul luminos al eroului de pe coperta volumului de versuri, lansat anul trecut de poetul Marin Be\u0219cuc\u0103, am scormonit \u00een bazele de date oferite de re\u021belele de Internet, am mai ad\u0103ugat unele \u00eentreb\u0103ri sau am cerut unele confirm\u0103ri de la colegi \u0219i prieteni mai vechi din Oradea, \u00een final descoperind c\u00e2t de aproape \u00eemi era, acest personaj, de fapt o mare personalitate din lumea academic\u0103 rom\u00e2neasc\u0103. De ce apropiat ? \u2026 Deoarece, ca v\u00e2rst\u0103, Dumnealui este mai \u00eenaintat dec\u00e2t mine cu mai bine de un an, iar ca \u0219i traseu \u00een carier\u0103 am trecut \u0219i eu, (c\u00e2t de c\u00e2t \u2026), dinspre industria progresist\u0103, spre studiul economiei, problemele managementului firmelor \u0219i \u00eencheind cu mediul \u00eenv\u0103\u021b\u0103m\u00e2ntului universitar.<\/p>\n<p style=\"text-align: justify;\">\u00a0\u00a0\u00a0\u00a0\u00a0\u00a0\u00a0\u00a0\u00a0\u00a0\u00a0 \u00cen aceast\u0103 frumoas\u0103 zi de Rusalii, recunosc Pogor\u00e2rea Sf\u00e2ntului Duh \u0219i ca un izvor de har dat unor oameni mai deosebi\u021bi. Cu acest har este \u00eenzestrat \u0219i Profesorul IC Rada.<\/p>\n<p style=\"text-align: justify;\">\u00a0\u00a0\u00a0\u00a0\u00a0\u00a0\u00a0\u00a0\u00a0\u00a0\u00a0 Excep\u021bionalul lui IC Rada mi l-am definit urm\u0103rind, at\u00e2t emo\u021bia scrisorilor-poeme scrise din inim\u0103 de c\u0103tre prietenul Marin, c\u00e2t \u0219i de impresionantul Curriculum Vitae al Profesorului universitar Doctor \u00een economie, ing. Ioan Constantin RADA.<\/p>\n<p style=\"text-align: justify;\">\u00a0\u00a0\u00a0\u00a0\u00a0\u00a0\u00a0\u00a0\u00a0\u00a0\u00a0 Dup\u0103 o preg\u0103tire inginereasc\u0103, cu studii aprofundate \u00een domeniul tehnologiilor cu microunde, des\u0103v\u00e2r\u0219ite la Universitatea din Oradea, inginerul IC Rada, debuteaz\u0103 la Fabrica de ulei din localitate, continu\u00e2nd apoi mai mul\u021bi ani la SC Petrom SA, unde a ocupat diverse func\u021bii de conducere p\u00e2n\u0103 \u00een anul 2009. \u00centre timp, din anul 1993, finalizeaz\u0103 \u0219i studiile economice la Universitatea \u201e<em>Babes \u2013 Bolyai<\/em>\u201d din Cluj-Napoca. \u00cen aceast\u0103 direc\u021bie devine \u00een anul 1999 Doctor \u00een economie.<\/p>\n<p style=\"text-align: justify;\">\u00a0\u00a0\u00a0\u00a0\u00a0\u00a0\u00a0\u00a0\u00a0\u00a0\u00a0 \u201e<em>Vorbind dinspre Poemul din eu,\/iau dup\u0103 puteri,\/la to\u021bi ne d\u0103 DUMNEZEU<\/em>\u201e \u2026\u201e <em>eu, Profesore IC,\/doar din \u0218oapta-I!\/iar asta e condi\u021bia mea de a fi<\/em> \u201d\u2026 \u201e<em>POEZIA ESTE SUPREMA LIBERTATE!\/asta e clar deci, iar de e clar, Profesore IC,\/eu doar din \u0218oapta-I,\/iar asta e condi\u021bia mea de A FI \u2026\/sunt!<\/em>\u201d (81. <em>CIUDAT\u0102 VIA\u021a\u0102 \u00ceN ROZ<\/em>).<\/p>\n<p style=\"text-align: justify;\">\u00a0\u00a0\u00a0\u00a0\u00a0\u00a0\u00a0\u00a0\u00a0\u00a0\u00a0 Odat\u0103 cu \u00eemplinirea v\u00e2rstei de 40 de ani, deja cu o bogat\u0103 experien\u021b\u0103 practic\u0103 \u0219i devotat studiului, specialistul IC Rada s-a al\u0103turat colectivului de cadre didactice a Universit\u0103\u021bii din Oradea, Facultatea de Inginerie Electric\u0103 \u0219i Tehnologia Informa\u021biei, ocup\u00e2nd chiar func\u021bia de director al Departamentul de Ingineria Sistemelor Automate \u0219i Management. Este recunoscut pentru cercet\u0103rile \u0219tiin\u021bifice \u0219i studiile efectuate, rezultatele fiind prezentate cu prilejul unor conferin\u021be de specialitate, \u00een majoritate publicate \u00een reviste, culegeri \u0219i c\u0103r\u021bi. S-a implicat \u00een importante proiecte \u00een special orientate spre management. Face parte din mai multe asocia\u021bii profesionale. \u00cen 2016 a ob\u021binut <em>Diploma de excelen\u021b\u0103<\/em> pentru contribu\u021bia sa deosebit\u0103 la construirea, afirmarea \u0219i prestigiul \u00een \u021bar\u0103 \u0219i str\u0103in\u0103tate a Asocia\u021biei \u201e<em>Societatea din Ingineri de petrol \u0219i gaze<\/em> \u201e(SIPG).<\/p>\n<p style=\"text-align: justify;\">\u201e\u2026 <em>d\u0103 Doamne, cerul mai \u00een jos,\/s\u0103-mi simt\u0103 g\u00e2ndul,\/scoate din poala nop\u021bii v\u00e2ntul\/\u0219i-mi d\u0103 putere dorul s\u0103 mi-l sting,\/ pe ea m\u0103 las\u0103 s\u0103 mi-o strig,\/s\u0103-mi \u0219tie inima cum frige \u2026!<\/em>\u201d \u2026 \u201e\u2026 <em>dar pasul o \u021bine pe-a lui:\/\u00cendemnul T\u0103u Doamne!\/\u0219i parc\u0103 un strig m\u0103 tot urm\u0103re\u0219te, Profesore IC:\/s\u0103 nu te la\u0219i, s\u0103 nu \u2026!\/iat\u0103 dar ce acuarel\u0103, Prietene Costic\u0103, \/ pe care o a\u0219tern covor amurgului care aduce at\u00e2ta ascuns\/\u00eenc\u00e2t chiar el se-ndevine un mister de nep\u0103truns<\/em>,\u201d (096 \u2013 D\u0102 DOAMNE CERUL MAI JOS).<\/p>\n<p style=\"text-align: justify;\">\u00a0\u00a0\u00a0\u00a0\u00a0\u00a0\u00a0\u00a0\u00a0\u00a0\u00a0 Din dorin\u021ba de a p\u0103trunde mai bine esen\u021ba c\u0103r\u021bii, am citit \u0219i r\u0103scitit epilogul volumului, \u00een care poetul Marin Be\u0219cuc\u0103, \u00eel plimb\u0103 pe cititor prin lumea fantastic\u0103 a inspira\u021biei sale divine, relu\u00e2nd \u0219i r\u0103st\u0103lm\u0103cind un pic din titlurile poemelor. A\u0219a am \u00een\u021beles povestea frumoasei c\u0103r\u021bi: <em>\u201e\u2026 am dus \u00een tip tot ce mi-am dorit,\/ iar DUMNEZEU mi-a dat puterea s\u0103 m\u0103 adun<\/em>\/\u201d \u2026 iar\u00a0 \u201e <em>tu Costic\u0103,\/ ai acceptat s\u0103 d\u0103m timpului PUMN sufletelor noastre:\/ \u201eIC Rada \u2013 Poem peste ORADEA\u201d!\/ ha-ha \u2026 \u0219i Poetul renun\u021b\u0103 la peripatetice \u2026 !\u201d <\/em>Acest volum de versuri \u00eenf\u0103\u021bi\u0219eaz\u0103 sublim Oradea \u2013 pentru o bucat\u0103 de timp loc comun pentru cei doi \u00eemprieteni\u021bi, \u00eenzestra\u021bi \u2013 fiecare-n felul lui, cu c\u00e2te-un har. Datorit\u0103 autorului-poet Marin Be\u0219cuc\u0103, cititorul r\u0103m\u00e2ne mai bogat spiritual, ad\u0103ug\u00e2ndu-\u0219i o nou\u0103 viziune \u00eenc\u0103rcat\u0103 de metafor\u0103, despre trecerea fr\u0103m\u00e2ntat\u0103 a omului prin via\u021b\u0103, dar \u0219i cu imaginea Profesorului-prieten IC Rada.<\/p>\n<p style=\"text-align: justify;\">\u00a0\u00a0\u00a0\u00a0\u00a0\u00a0\u00a0\u00a0\u00a0\u00a0\u00a0 \u00cen urma unei cariere \u0219i experien\u021be profesionale \u0219i de via\u021b\u0103, <strong><em>Profesorul Doctor \u00een economie, ing. Ioan Constantin RADA<\/em><\/strong>, \u0219i-a format un crez \u00een \u0219ansa noilor mecanisme managerial-economice, consider\u00e2nd necesitatea abord\u0103rii cercet\u0103rii economiei sociale de c\u0103tre cei mai buni speciali\u0219tii \u00een economie, inginerie \u0219i management, preg\u0103ti\u021bi s\u0103 r\u0103spund\u0103 nevoilor presante ale umanit\u0103\u021bii.<\/p>\n<p style=\"text-align: justify;\">\u00a0\u00a0\u00a0\u00a0\u00a0\u00a0\u00a0\u00a0\u00a0\u00a0\u00a0 <strong><em>Acum, la \u00eemplinirea frumoasei v\u00e2rste de 66 de ani, \u00eei doresc Domnului Profesor, mul\u021bi ani cu s\u0103n\u0103tate, voie bun\u0103 \u0219i \u00eencredere \u00een viitor! <\/em><\/strong><\/p>\n<p style=\"text-align: right;\"><em>Prof.dr.ing, ec. Dumitru MNERIE <\/em><\/p>\n<p style=\"text-align: right;\">Timi\u0219oara<\/p>\n<p style=\"text-align: right;\">\n","protected":false},"excerpt":{"rendered":"<p>7 iunie 2020. O binecuv\u00e2ntat\u0103 zi de Duminica Mare, pentru noi ortodoc\u0219ii s\u0103rb\u0103toarea Pogor\u00e2rii Sf\u00e2ntului Duh peste sfin\u021bii apostoli. Este [&#038;hellip<\/p>\n","protected":false},"author":1,"featured_media":0,"comment_status":"closed","ping_status":"closed","sticky":false,"template":"","format":"standard","meta":{"footnotes":""},"categories":[3],"tags":[],"class_list":["post-46523","post","type-post","status-publish","format-standard","hentry","category-articole"],"_links":{"self":[{"href":"https:\/\/www.marianagurza.ro\/blog\/wp-json\/wp\/v2\/posts\/46523","targetHints":{"allow":["GET"]}}],"collection":[{"href":"https:\/\/www.marianagurza.ro\/blog\/wp-json\/wp\/v2\/posts"}],"about":[{"href":"https:\/\/www.marianagurza.ro\/blog\/wp-json\/wp\/v2\/types\/post"}],"author":[{"embeddable":true,"href":"https:\/\/www.marianagurza.ro\/blog\/wp-json\/wp\/v2\/users\/1"}],"replies":[{"embeddable":true,"href":"https:\/\/www.marianagurza.ro\/blog\/wp-json\/wp\/v2\/comments?post=46523"}],"version-history":[{"count":3,"href":"https:\/\/www.marianagurza.ro\/blog\/wp-json\/wp\/v2\/posts\/46523\/revisions"}],"predecessor-version":[{"id":46528,"href":"https:\/\/www.marianagurza.ro\/blog\/wp-json\/wp\/v2\/posts\/46523\/revisions\/46528"}],"wp:attachment":[{"href":"https:\/\/www.marianagurza.ro\/blog\/wp-json\/wp\/v2\/media?parent=46523"}],"wp:term":[{"taxonomy":"category","embeddable":true,"href":"https:\/\/www.marianagurza.ro\/blog\/wp-json\/wp\/v2\/categories?post=46523"},{"taxonomy":"post_tag","embeddable":true,"href":"https:\/\/www.marianagurza.ro\/blog\/wp-json\/wp\/v2\/tags?post=46523"}],"curies":[{"name":"wp","href":"https:\/\/api.w.org\/{rel}","templated":true}]}}