{"id":46560,"date":"2020-07-01T09:01:37","date_gmt":"2020-07-01T09:01:37","guid":{"rendered":"http:\/\/www.marianagurza.ro\/blog\/?p=46560"},"modified":"2020-07-01T09:01:37","modified_gmt":"2020-07-01T09:01:37","slug":"cristian-gabriel-moraru-indestularea-din-cuvant-sau-despre-bogatia-launtrica-a-poetului-a-poetului-nicolae-valareanu-sarbu","status":"publish","type":"post","link":"https:\/\/www.marianagurza.ro\/blog\/2020\/07\/01\/cristian-gabriel-moraru-indestularea-din-cuvant-sau-despre-bogatia-launtrica-a-poetului-a-poetului-nicolae-valareanu-sarbu\/","title":{"rendered":"Cristian Gabriel MORARU: \u00cendestularea din cuv\u00e2nt sau despre bog\u0103\u021bia l\u0103untric\u0103 a poetului a poetului Nicolae V\u0103l\u0103reanu S\u00e2rbu"},"content":{"rendered":"<p style=\"text-align: justify;\"><strong><a href=\"http:\/\/www.marianagurza.ro\/blog\/wp-content\/uploads\/2020\/07\/1.jpg\"><img loading=\"lazy\" decoding=\"async\" class=\"alignleft size-full wp-image-46561\" title=\"1\" src=\"http:\/\/www.marianagurza.ro\/blog\/wp-content\/uploads\/2020\/07\/1.jpg\" alt=\"\" width=\"180\" height=\"240\" \/><\/a>Volumul ,,Femeia de ploaie\u201d, editura ECreator, Baia Mare, 2019<\/strong><\/p>\n<p style=\"text-align: justify;\">\n<p style=\"text-align: justify;\">\u201eM\u0103 \u00eembog\u0103\u021besc pe din\u0103untru&#8230;\u201d.<\/p>\n<p style=\"text-align: justify;\">Cu aceste cuvinte \u00ee\u0219i \u00eencepe discursul liric Nicolae V\u0103l\u0103reanu S\u00e2rbu \u00een volumul Femeia de ploaie, care seam\u0103n\u0103 cu o scoic\u0103 \u00een care cre\u0219te perla metaforei.<\/p>\n<p style=\"text-align: justify;\">Crescut la \u0219coala (neo)modernist\u0103 \u0219i scriind majoritatea poemelor sale \u00een versul liber ini\u021biat \u00een lirica rom\u00e2neasc\u0103 de Alexandru Macedonski \u0219i consacrat definitiv de Lucian Blaga, poetul Nicolae V\u0103l\u0103reanu S\u00e2rbu, asemenea unui p\u0103ianjen \u021bes\u0103tor\/vis\u0103tor, \u00ee\u0219i construie\u0219te cu r\u0103bdare p\u00e2nza liric\u0103 menit\u0103 s\u0103-i ademeneasc\u0103 pe cititori.<\/p>\n<p style=\"text-align: justify;\">Cu c\u00e2t te zba\u021bi mai mult \u00een firele de m\u0103tase aurii care sunt stihurile sale, cu at\u00e2t nu mai reu\u0219e\u0219ti s\u0103 la\u0219i cartea din m\u00e2n\u0103 p\u00e2n\u0103 nu o termini de citit, indiferent c\u0103 are o sut\u0103 sau dou\u0103 sute de pagini.<\/p>\n<p style=\"text-align: justify;\">Peste 160 de poeme con\u021bine noul volum al poetului din \u0218elimb\u0103r care \u0219elimb\u0103re\u0219te cuvintele \u00eentr-un ritm ame\u021bitor, adic\u0103 reu\u0219e\u0219te s\u0103 le purifice de zgura denotativ\u0103 \u0219i s\u0103 le confere noi \u0219i bogate sensuri.<\/p>\n<p style=\"text-align: justify;\">Bog\u0103\u021bia l\u0103untric\u0103 \u0219i-o transpune \u00een versuri de o inegalabil\u0103 frumuse\u021be, fiind important nu at\u00e2t ce spune, ci cum spune, pentru c\u0103 temele sunt de regul\u0103 acelea\u0219i.<\/p>\n<p style=\"text-align: justify;\">Domnul Nicolae V\u0103l\u0103reanu S\u00e2rbu are un stil poetic inconfundabil, cititorul fiind \u00een m\u0103sur\u0103 s\u0103-i recunoasc\u0103 imediat atributele esen\u021biale \u0219i inegalabile ale liricii sale: metafora ca procedeu artistic principal, de\u0219i nu evit\u0103 nici al\u021bi tropi artistici; ideea poetic\u0103 exprimat\u0103 \u00een suficiente cuvinte c\u00e2t s\u0103 nu fie minimalist sau s\u0103 cad\u0103 \u00een repeti\u021bii sau aglutin\u0103ri inutile; for\u021ba discursului liric este cea a unui uria\u0219, nu rudimentar, ci atent, delicat, capabil s\u0103 nu striveasc\u0103 \u00een palmele sale o floare sau un fluture imperial.<\/p>\n<p style=\"text-align: justify;\">\u0218i, ca s\u0103 respect\u0103m tonul impus de blajinul nostru poet \u00een acest volum, eul liric se afl\u0103 \u00een ipostaza unui p\u0103m\u00e2nt m\u0103nos care de-abia a\u0219teapt\u0103 s\u0103 vin\u0103 ploaia binef\u0103c\u0103toare ce ia chipul unei femei asemenea florii unei plante din Himalaya, Narilatha, care \u00eenflore\u0219te o dat\u0103 la dou\u0103zeci de ani.<\/p>\n<p style=\"text-align: justify;\">Tema major\u0103 a \u00eentregii opere poetice a lui Nicolae V\u0103l\u0103reanu S\u00e2rbu este indubitabil dragostea, fie c\u0103 este vorba de dragostea de Dumnezeu, de oameni, de cuvinte sau de femeie, care se tope\u0219te, iat\u0103, \u0219i devine lichid\u0103, din pricina temperaturii dragostei sale, risc\u00e2nd s-o piard\u0103 printre degete.<\/p>\n<p style=\"text-align: justify;\">Poetul este un gurmand f\u0103r\u0103 doar \u0219i poate care se \u00eendestuleaz\u0103 din cuvinte, dup\u0103 cum recunoa\u0219te singur \u00een faimoasa art\u0103 poetic\u0103 intitulat\u0103 M\u0103 \u00eendestulez din cuv\u00e2nt: \u201eN-o s\u0103 vii s\u0103 ne \u00eent\u00e2lnim\/nici n-ai avea cum,\/nu am un loc \u00een care s\u0103 m\u0103 opresc,\/am un timp f\u0103r\u0103 sincope.\/\/ \u00cen piept am mai mult\u0103 dragoste dec\u00e2t inim\u0103,\/m\u0103 \u00eendestulez din cuv\u00e2nt,\/respir clipele ca pe un dat din aer\/\u015fi adorm la ferestrele trenurilor \u00een mers.\/\/Eu nu m\u0103 \u00eembrac \u00een culorile vremii,\/dar plec odat\u0103 cu ele,\/rar m\u0103 \u00eentorc la prim\u0103verile care-mi scap\u0103 din mers\/\u015fi \u00eenfloresc \u00een magnolii.\/\/Oricum \u00eent\u00e2lnirea propus\u0103\/este un fel de \u00eemb\u0103tr\u00e2nire frumoas\u0103\/dincolo de umbrele castanilor \u00eenflori\u021bi\/pe o alee cu pietre megalitice vorbitoare\/ce nu ne gr\u0103besc s\u0103 murim.\u201d<\/p>\n<p style=\"text-align: justify;\">A\u0219adar, trei sunt ideile de for\u021b\u0103 ce se degaj\u0103 din aceast\u0103 ars poetica, emblematic\u0103, \u00een opinia mea, pentru crea\u021bia poetului Nicolae V\u0103l\u0103reanu S\u00e2rbu: prima este (re)cunoa\u0219terea faptului c\u0103 dragostea este motorul diesel al crea\u021biei, o dragoste f\u0103r\u0103 margini, care de-abia dac\u0103-i mai \u00eencape \u00een piept, a doua, \u00eendestularea din mierea cuvintelor ca un veritabil urs carpatin, iar a treia, mefien\u021ba \u00een fa\u021ba modelor poetice de tot felul.<\/p>\n<p style=\"text-align: justify;\">S\u0103 ne tr\u0103iasc\u0103 Poetul!<\/p>\n<p style=\"text-align: justify;\">&#8212;&#8212;&#8212;&#8212;&#8212;&#8212;&#8212;&#8212;&#8212;&#8212;&#8212;<\/p>\n<p style=\"text-align: justify;\"><strong>Cristian Gabriel MORARU <\/strong><\/p>\n<p style=\"text-align: justify;\"><strong>Ro\u0219iori de Vede, 14 mai 2019<\/strong><\/p>\n","protected":false},"excerpt":{"rendered":"<p>Volumul ,,Femeia de ploaie\u201d, editura ECreator, Baia Mare, 2019 \u201eM\u0103 \u00eembog\u0103\u021besc pe din\u0103untru&#8230;\u201d. Cu aceste cuvinte \u00ee\u0219i \u00eencepe discursul liric [&#038;hellip<\/p>\n","protected":false},"author":1,"featured_media":0,"comment_status":"closed","ping_status":"closed","sticky":false,"template":"","format":"standard","meta":{"footnotes":""},"categories":[3],"tags":[],"class_list":["post-46560","post","type-post","status-publish","format-standard","hentry","category-articole"],"_links":{"self":[{"href":"https:\/\/www.marianagurza.ro\/blog\/wp-json\/wp\/v2\/posts\/46560","targetHints":{"allow":["GET"]}}],"collection":[{"href":"https:\/\/www.marianagurza.ro\/blog\/wp-json\/wp\/v2\/posts"}],"about":[{"href":"https:\/\/www.marianagurza.ro\/blog\/wp-json\/wp\/v2\/types\/post"}],"author":[{"embeddable":true,"href":"https:\/\/www.marianagurza.ro\/blog\/wp-json\/wp\/v2\/users\/1"}],"replies":[{"embeddable":true,"href":"https:\/\/www.marianagurza.ro\/blog\/wp-json\/wp\/v2\/comments?post=46560"}],"version-history":[{"count":1,"href":"https:\/\/www.marianagurza.ro\/blog\/wp-json\/wp\/v2\/posts\/46560\/revisions"}],"predecessor-version":[{"id":46562,"href":"https:\/\/www.marianagurza.ro\/blog\/wp-json\/wp\/v2\/posts\/46560\/revisions\/46562"}],"wp:attachment":[{"href":"https:\/\/www.marianagurza.ro\/blog\/wp-json\/wp\/v2\/media?parent=46560"}],"wp:term":[{"taxonomy":"category","embeddable":true,"href":"https:\/\/www.marianagurza.ro\/blog\/wp-json\/wp\/v2\/categories?post=46560"},{"taxonomy":"post_tag","embeddable":true,"href":"https:\/\/www.marianagurza.ro\/blog\/wp-json\/wp\/v2\/tags?post=46560"}],"curies":[{"name":"wp","href":"https:\/\/api.w.org\/{rel}","templated":true}]}}