{"id":46652,"date":"2020-09-28T09:40:58","date_gmt":"2020-09-28T09:40:58","guid":{"rendered":"http:\/\/www.marianagurza.ro\/blog\/?p=46652"},"modified":"2020-09-28T09:40:58","modified_gmt":"2020-09-28T09:40:58","slug":"ieromonah-iustin-t-scara-unde-se-pierd-lucrurile%e2%80%a6","status":"publish","type":"post","link":"https:\/\/www.marianagurza.ro\/blog\/2020\/09\/28\/ieromonah-iustin-t-scara-unde-se-pierd-lucrurile%e2%80%a6\/","title":{"rendered":"Ieromonah IUSTIN T.: Scara unde se pierd lucrurile\u2026"},"content":{"rendered":"<p style=\"text-align: center;\"><a href=\"http:\/\/www.marianagurza.ro\/blog\/wp-content\/uploads\/2020\/09\/20200927_143308-211x300.jpg\"><img loading=\"lazy\" decoding=\"async\" class=\"size-full wp-image-46653\" title=\"20200927_143308-211x300\" src=\"http:\/\/www.marianagurza.ro\/blog\/wp-content\/uploads\/2020\/09\/20200927_143308-211x300.jpg\" alt=\"\" width=\"211\" height=\"300\" \/><\/a><\/p>\n<div dir=\"auto\">\n<p><strong>SCARA UNDE SE PIERD LUCRURILE\u2026<\/strong><\/p>\n<p>&nbsp;<\/p>\n<p>Ni s-a dat porunc\u0103 s\u0103 iubim<br \/>\nlumea \u00eentreag\u0103. Sau<br \/>\no scar\u0103 de frunze<br \/>\nun Zid Chinezesc care taie<br \/>\n\u00een diagonal\u0103. Lumea.<\/p>\n<p>&nbsp;<\/p>\n<p>Ni s-a dat porunc\u0103<br \/>\ns\u0103 n-avem p\u0103rin\u021bi<br \/>\ns\u0103 n-avem copii\u2026<br \/>\np\u00e2n\u0103 ce Fericirea nu ne va fi<br \/>\nn\u0103scut pe noi.<\/p>\n<p>&nbsp;<\/p>\n<p>Ni s-a dat porunc\u0103 s\u0103 l\u0103s\u0103m<br \/>\ncas\u0103 \u0219i mam\u0103 \u0219i tat\u0103\u2026<br \/>\npentru o stranie, str\u0103in\u0103 Iubire<br \/>\na tuturor celor de pe lume.<\/p>\n<p>&nbsp;<\/p>\n<p>Iat\u0103. Am venit s\u0103-i pierdem pe to\u021bi<br \/>\nla scara cu frunze a lui Dumnezeu.<br \/>\nUnde zicem: \u201eNu mai \u0219tiu,<br \/>\nDoamne, unde sunt,<\/p>\n<p>dac\u0103 eu \u00eei iubesc<br \/>\ndac\u0103 Tu\u201d.<\/p>\n<p>&nbsp;<\/p>\n<p>\u2014\u2014\u2014\u2014\u2014\u2014\u2014\u2014\u2014\u2014\u2014\u2014-<\/p>\n<p><strong>Ieromonah Iustin T., 27 septembrie 2020<\/strong><\/p>\n<p>&nbsp;<\/p>\n<\/div>\n","protected":false},"excerpt":{"rendered":"<p>SCARA UNDE SE PIERD LUCRURILE\u2026 &nbsp; Ni s-a dat porunc\u0103 s\u0103 iubim lumea \u00eentreag\u0103. Sau o scar\u0103 de frunze un [&#038;hellip<\/p>\n","protected":false},"author":1,"featured_media":0,"comment_status":"closed","ping_status":"closed","sticky":false,"template":"","format":"standard","meta":{"footnotes":""},"categories":[3],"tags":[],"class_list":["post-46652","post","type-post","status-publish","format-standard","hentry","category-articole"],"_links":{"self":[{"href":"https:\/\/www.marianagurza.ro\/blog\/wp-json\/wp\/v2\/posts\/46652","targetHints":{"allow":["GET"]}}],"collection":[{"href":"https:\/\/www.marianagurza.ro\/blog\/wp-json\/wp\/v2\/posts"}],"about":[{"href":"https:\/\/www.marianagurza.ro\/blog\/wp-json\/wp\/v2\/types\/post"}],"author":[{"embeddable":true,"href":"https:\/\/www.marianagurza.ro\/blog\/wp-json\/wp\/v2\/users\/1"}],"replies":[{"embeddable":true,"href":"https:\/\/www.marianagurza.ro\/blog\/wp-json\/wp\/v2\/comments?post=46652"}],"version-history":[{"count":1,"href":"https:\/\/www.marianagurza.ro\/blog\/wp-json\/wp\/v2\/posts\/46652\/revisions"}],"predecessor-version":[{"id":46654,"href":"https:\/\/www.marianagurza.ro\/blog\/wp-json\/wp\/v2\/posts\/46652\/revisions\/46654"}],"wp:attachment":[{"href":"https:\/\/www.marianagurza.ro\/blog\/wp-json\/wp\/v2\/media?parent=46652"}],"wp:term":[{"taxonomy":"category","embeddable":true,"href":"https:\/\/www.marianagurza.ro\/blog\/wp-json\/wp\/v2\/categories?post=46652"},{"taxonomy":"post_tag","embeddable":true,"href":"https:\/\/www.marianagurza.ro\/blog\/wp-json\/wp\/v2\/tags?post=46652"}],"curies":[{"name":"wp","href":"https:\/\/api.w.org\/{rel}","templated":true}]}}