{"id":46655,"date":"2020-09-29T11:47:30","date_gmt":"2020-09-29T11:47:30","guid":{"rendered":"http:\/\/www.marianagurza.ro\/blog\/?p=46655"},"modified":"2020-09-29T11:47:30","modified_gmt":"2020-09-29T11:47:30","slug":"victor-ravini-la-loc-comanda","status":"publish","type":"post","link":"https:\/\/www.marianagurza.ro\/blog\/2020\/09\/29\/victor-ravini-la-loc-comanda\/","title":{"rendered":"Victor RAVINI: La loc comanda"},"content":{"rendered":"<p style=\"text-align: justify;\"><a href=\"http:\/\/www.marianagurza.ro\/blog\/wp-content\/uploads\/2020\/09\/RAVINI-Victor-3-225x3001.jpg\"><img loading=\"lazy\" decoding=\"async\" class=\"alignleft size-thumbnail wp-image-46656\" title=\"ravini-victor-3-225x300\" src=\"http:\/\/www.marianagurza.ro\/blog\/wp-content\/uploads\/2020\/09\/RAVINI-Victor-3-225x3001-150x150.jpg\" alt=\"\" width=\"150\" height=\"150\" \/><\/a>Lucram la ICE Autotractor-Dacia Bra\u0219ov. Eram a cincea putere mondial\u0103 la tractoare, dup\u0103 Ford, Massey-Ferguson, Fiat \u0219i Renault. Am propus s\u0103 organiz\u0103m o caravan\u0103 cu tractoare \u0219i buldozere transportate pe camioane, \u00een jurul Mediteranei, ca s\u0103 facem demonstra\u021bii comerciale. Toat\u0103 ierarhia a aprobat. Am planificat c\u0103 vom fotografia produsele noastre pe fundalul vestigiilor arheologice din Atena, Turcia, Egipt, nordul Africii, vom trece Gibraltarul, vom ajunge \u00een Fran\u021ba \u0219i o s\u0103 fug la Paris, cu Dacia caravanei, cu ARO-ul sau cu vreun tractor. Cu cucu! Ce naiv eram pe atunci. Habar n-aveam cum se fuge din \u021bar\u0103. C\u00e2nd a venit vremea s\u0103 fug din \u021bar\u0103, mult mai t\u00e2rziu, nu am fugit cu vreun buldozer pe \u0219enile, ci cu avionul. Am f\u0103cut toate demersurile pentru caravan\u0103, ob\u021binusem tractoarele \u0219i celelalte produse, \u00eens\u0103 nu \u0219i camioanele Roman. Fabrica nu a r\u0103spuns la scrisorile noastre. M\u0103 trimite \u0219eful meu, ing. Florescu Ionel, la fabrica de camioane, la directorul C\u0103pitanu. A\u0219a \u00eel chema. Eu, c\u00e2nd m\u0103 duceam pe la ministere sau \u00eentreprinderi \u0219i spuneam r\u0103spicat c\u0103 eram de la \u00centreprinderea de Comer\u021b Exterior Autotractor-Dacia, oricine ar fi fost acei \u0219efi, \u00ee\u0219i corectau pozi\u021bia \u0219i freza, se \u00eenchideau la pantaloni \u0219i \u00eemi vorbeau cu un respect maxim. C\u00e2nd i-am spus lui C\u0103pitanu de unde vin, a urlat:<\/p>\n<p style=\"text-align: justify;\">\u2014 Afffarrr\u0103!<\/p>\n<p style=\"text-align: justify;\">M-am uitat mirat la inginerii din jurul lui. \u0102ia nu se mirau. N-am zis nimic \u0219i am plecat. M-am \u00eentors la birou \u0219i iar\u0103\u0219i nu am zis nimic, m-am a\u0219ezat \u0219i am reluat ziarul s\u0103-l citesc. \u0218eful m-a \u00eentrebat:<\/p>\n<p style=\"text-align: justify;\">\u2014 Cum a fost? Directorul C\u0103pitanu era ca \u00eentotdeauna la linia de montaj \u0219i urla la muncitori? Gesticula cu levierul \u00een m\u00e2n\u0103? Sau \u00een mod cu totul excep\u021bional era \u00een birou?<\/p>\n<p style=\"text-align: justify;\">\u2014 \u00cen birou.<\/p>\n<p style=\"text-align: justify;\">\u2014 \u0218i a aruncat dup\u0103 dumneavoastr\u0103 cu c\u0103limara de pe birou?<\/p>\n<p style=\"text-align: justify;\">\u2014 Nu.<\/p>\n<p style=\"text-align: justify;\">\u2014 Acum c\u00e2teva zile i-a aruncat c\u0103limara \u00een cap contabilului \u0219ef. I-a spart capul \u0219i uite a\u0219a \u00eei curgea s\u00e2ngele \u0219iroaie. De atunci, \u0103la s-a evaporat \u0219i e dat disp\u0103rut. Nici nevasta lui nu \u0219tie unde e. L-au c\u0103utat mili\u021bienii cu c\u00e2inii prin Poian\u0103 \u0219i cu cordoane de voluntari. Au greblat toat\u0103 Poiana \u0219i degeaba.<\/p>\n<p style=\"text-align: justify;\">\u2014 A\u0219a de tare i-a spart capul?<\/p>\n<p style=\"text-align: justify;\">\u2014 Da. Acum \u00eel caut\u0103 \u0219i prin Delt\u0103, a zis Florescu \u00een glum\u0103.<\/p>\n<p style=\"text-align: justify;\">\u2014 S\u0103-l caute \u0219i prin Alaska! a zis un coleg, insinu\u00e2nd c\u0103 \u0103la fugise din \u021bar\u0103.<\/p>\n<p style=\"text-align: justify;\">\u00a0Peste vreo dou\u0103 zile, \u00een hol la intrare, s\u0103 nu-mi cred ochilor: C\u0103pitanu se certa cu portarul. Voia s\u0103 intre, s\u0103 vorbeasc\u0103 cu B\u0103di\u021boiu, director de produse la camioane, iar portarul nu \u00eel l\u0103sa.<\/p>\n<p style=\"text-align: justify;\">\u2014 Po\u021bi s\u0103 fii matale directorul C\u0103pitanu, po\u021bi s\u0103 fii \u0219i directorul Colonelu, po\u021bi s\u0103 fii \u0219i Sf\u00e2ntu Sisoe, aici nu intr\u0103 nici Dumnezeu dac\u0103 nu are legitima\u021bie de serviciu! Po\u021bi s\u0103 fii chiar \u0219i Stalin, peste mine nu trece nimeni, nici cu tancul!<\/p>\n<p style=\"text-align: justify;\">M-am oprit s\u0103 asist la comedia asta simpatic\u0103, iar portarul, v\u0103z\u00e2ndu-m\u0103 c\u0103 priveam cu cel mai mare interes \u0219i z\u00e2mbeam cu o deosebit\u0103 \u00eenc\u00e2ntare, se \u00eend\u00e2rjea \u0219i mai r\u0103u s\u0103 \u00eemi arate ce vigilent era. Ar fi fost suficient s\u0103-i spun portarului s\u0103-l lase s\u0103 intre \u0219i l-ar fi l\u0103sat. L-am l\u0103sat pe C\u0103pitanu \u00een plata Domnului. \u00cen plata domnului portar, s\u0103-i pl\u0103teasc\u0103 \u0103la, pentru obr\u0103znicia lui de alalt\u0103ieri, la el \u00een birou.<\/p>\n<p style=\"text-align: justify;\">M-am dus s\u0103-i spun \u0219efului \u0219i colegilor, cum portarul nu \u00eel l\u0103sa pe C\u0103pitanu s\u0103 intre la B\u0103di\u021boiu. Florescu \u0219i-a frecat m\u00e2inile de bucurie \u0219i a scuipat \u00een palme, de parc\u0103 s-ar fi aruncat \u00een Olt s\u0103 \u00eenoate. Era \u0219i el tot oltean, ca mine. Ne-a spus chicotind, c\u0103 directorul C\u0103pitanu fusese destituit. Nu \u0219tiam. C\u0103pitanu \u00eel nimerise pe directorul comercial \u00een um\u0103r, nu \u00een cap, cu c\u0103limara aia grea de pe birou. Victima se dusese la Bucure\u0219ti, pe la minister ori pe unde s-o fi dus. S-a zb\u0103tut c\u00e2teva zile \u0219i a ob\u021binut darea afar\u0103 a dementului. Nu s-a pus problema ce diagnostic avea C\u0103pitanu la creieri. A doua zi diminea\u021ba, nu l-au mai l\u0103sat s\u0103 intre pe poart\u0103 la fabric\u0103. Nu l-au l\u0103sat nici m\u0103car s\u0103-\u0219i ia lucrurile personale din birou. Ca nu cumva s\u0103 fac\u0103 cine \u0219tie ce prostii pe acolo, s\u0103 distrug\u0103 acte sau s\u0103 se bat\u0103 cu careva. Cic\u0103 i-au adus lucrurile personale \u0219i i le-au aruncat peste poarta \u00eenchis\u0103.<\/p>\n<p style=\"text-align: justify;\">Ne bucuram noi, \u00eens\u0103 peste vreun sfert de or\u0103, ne pomenim cu Munteanu, \u0219eful de personal, peste noi. Deschide u\u0219a ca un uragan \u0219i ni-l prezint\u0103 pe C\u0103pitanu, c\u0103 este noul nostru \u0219ef de birou. F\u0103r\u0103 nicio explica\u021bie. A\u0219a, bomb\u0103. S\u0103 c\u0103dem pe spate. Florescu Ionel, galben la fa\u021b\u0103 \u0219i cu respira\u021bia t\u0103iat\u0103, n-a f\u0103cut pe el \u00een pantaloni, ci s-a ridicat disciplinat, s\u0103-i fac\u0103 loc, \u00een locul s\u0103u. P\u00e2n\u0103 s\u0103 observe Munteanu \u0219i C\u0103pitanu asta, i-am f\u0103cut semn lui Florescu s\u0103 se a\u0219eze la loc \u0219i i-am spus lui Munteanu c\u0103 m\u0103 ocup eu de instalarea noului nostru \u0219ef. Munteanu a \u00eencuviin\u021bat din cap \u0219i a ie\u0219it. El, \u0219ef de personal, credea c\u0103 m\u0103 cuno\u0219tea. Nu \u0219tia ce \u00eemi poate pielea de drac, dup\u0103 expresia bunicei mele. Acum, C\u0103pitanu\u2026 al meu era. V-am spus: eu sunt oltean. \u0218i poate nu \u0219tia\u021bi ce e aia solidaritatea \u00eentre olteni. E mai ceva dec\u00e2t solidaritatea \u00eentre contrabandi\u0219tii \u0219i vame\u0219ii greci. L-am poftit pe C\u0103pitanu s\u0103 intre \u00een biroul pe care \u00eel va ocupa. Am deranjat-o pe doamna Raicu, dactilografa, s\u0103 se dea la o parte, \u0219i am deschis u\u0219a de care se rezema ea cu scaunul. Am aprins lumina acolo \u0219i i-am f\u0103cut loc lui C\u0103pitanu s\u0103 treac\u0103 pe l\u00e2ng\u0103 mine. Acolo era o debara, lung\u0103 de vreo zece metri \u0219i lat\u0103 de vreun metru \u0219i jum\u0103tate, care se \u00eengusta la cap\u0103tul cel\u0103lalt, f\u0103r\u0103 fereastr\u0103. Acolo se \u021bineau steagurile, pancartele cu lozinci sau ce materiale aveam noi pentru defil\u0103ri \u0219i par\u0103zi, c\u00e2t \u0219i sumedenie de lope\u021bi, cu care salaria\u021bii d\u0103deau z\u0103pada. I-am aprins lumina, cum spuneam, becul era cam chior.<\/p>\n<p style=\"text-align: justify;\">\u2014 A\u0219tepta\u021bi! C\u0103 v\u0103 aduc imediat un scaun \u0219i un birou.<\/p>\n<p style=\"text-align: justify;\">I-am f\u0103cut semn unui coleg s\u0103 vin\u0103 dup\u0103 mine, s\u0103 m\u0103 ajute. \u00cen cap\u0103tul coridorului era un scaun \u0219i o m\u0103su\u021b\u0103 scund\u0103, pentru ma\u0219ina de scris, descleiate \u0219i cam rupte, care a\u0219teptau acolo de luni de zile s\u0103 fie reparate sau aruncate. Le-am potrivit \u00eencheieturile, colegul le-a \u0219i pus scuipat la \u00eencheieturi ca s\u0103 le lipeasc\u0103, \u0219i i le-am dus lui C\u0103pitanu.<\/p>\n<p style=\"text-align: justify;\">\u2014 Lua\u021bi loc!<\/p>\n<p style=\"text-align: justify;\">S-a a\u0219ezat. Am \u00eenchis u\u0219a, ca s\u0103 nu \u00eel deranj\u0103m \u0219i m-am uitat la Florescu. Ne uitam to\u021bi unul la altul \u0219i nimeni nu zicea nimic. O coleg\u0103 poreclit\u0103 \u201eIci-\u0219a radio Craiova\u201d, pentru c\u0103 \u00eentotdeauna ne \u021binea la curent cu tot ce se \u00eent\u00e2mpla \u00een \u00eentreprindere \u0219i era vehement\u0103 \u00eempotriva ardelenilor c\u00e2nd se luau de noi oltenii, care \u00eei atacam cu bancurile noastre, l-a \u00eentrebat pe Florescu:<\/p>\n<p style=\"text-align: justify;\">\u2014Acuma ce facem?<\/p>\n<p style=\"text-align: justify;\">Fostul nostru \u0219ef ne-a zis s\u0103 ne ducem fiecare pe r\u00e2nd \u0219i s\u0103-i prezent\u0103m noului nostru \u0219ef dosarele cu sarcinile noastre de servici, ca s\u0103 \u0219tie ce lucram fiecare. Misiune cam dificil\u0103, pentru c\u0103 nici chiar noi nu prea \u0219tiam ce lucram, iar Florescu nici at\u00e2t. S-au dus fiecare pe r\u00e2nd. R\u0103m\u0103sesem numai eu. M\u0103 uit la Florescu \u0219i ridic din umeri ca semn de \u00eentrebare. Mi-a f\u0103cut semn cu capul s\u0103 m\u0103 duc cu dosarul pentru caravan\u0103 \u0219i s\u0103-i explic ce \u0219i cum. \u0218i a ad\u0103ugat cu un z\u00e2mbet mali\u021bios:<\/p>\n<p style=\"text-align: justify;\">\u2014 Ruga\u021bi-l s\u0103 v\u0103 ajute s\u0103 ob\u021bine\u021bi camioanele!<\/p>\n<p style=\"text-align: justify;\">Am dat din cap \u00een semn c\u0103 \u201eLas\u2019 pe mine!\u201d \u0219i am intrat la C\u0103pitanu. Nu a mai urlat la mine s\u0103 ies afar\u0103. I-am explicat pe \u00eendelete, foaie cu foaie din dosar, ce mini\u0219tri de la Bucure\u0219ti semnaser\u0103, I-am ar\u0103tat copiile scrisorilor pe care i le trimisesem lui \u0219i l-a care nu ne-a r\u0103spuns. L-am rugat s\u0103 ne r\u0103spund\u0103 la ele acum, pe loc, \u0219i i-am dat un pix.<\/p>\n<p style=\"text-align: justify;\">\u2014 Au fost adresate chiar c\u0103tre dumneavoastr\u0103. Pute\u021bi s\u0103 scrie\u021bi rezolu\u021bia ici-\u0219a. \u0218i m\u0103 duc imediat s\u0103 le dau mai departe la subalternii dumneavoastr\u0103 de la fabric\u0103. E nevoie s\u0103 antedat\u0103m rezolu\u021bia? Care modele de camioane considera\u021bi c\u0103 ar fi cele mai potrivite pentru caravan\u0103? Cam \u00een c\u00e2te zile vor fi gata camioanele?<\/p>\n<p style=\"text-align: justify;\">Nu zicea nici p\u00e2s. St\u0103tea \u0219i asculta, ca lemnul, cu capul plecat. Capul plecat sabia nu-l taie. A\u0219a s\u0103 crede\u021bi dumneavoastr\u0103. Ba \u00eel taie. M\u0103 uitam la ceas, cum s\u0103 mai lungesc prezentarea dosarului, a dificult\u0103\u021bilor cu ob\u021binerea camioanelor \u0219i cum se va desf\u0103\u0219ura caravana prin Africa. Repetam cam acelea\u0219i lucruri \u0219i l-am asigurat c\u0103 el era persoana cea mai competent\u0103 s\u0103 ne ob\u021bin\u0103 camioanele \u0219i s\u0103 definitiveze astfel proiectul cu caravana, ob\u021bin\u00e2ndu-le el \u00eensu\u0219i, prin rela\u021biile pe care le avea la fabrica de camioane. El, care nu mai avea nicio rela\u021bie acolo. A\u0219a e c\u00e2nd tai cuiva capul cu ferestr\u0103ul.<\/p>\n<p style=\"text-align: justify;\">\u2014 Asta o s\u0103 v\u0103 asigure un demaraj glorios, \u00een noua dumneavoastr\u0103 func\u021bie aici la noi, spre gloria exportului nostru \u0219i a prestigiului Rom\u00e2niei \u00een lume.<\/p>\n<p style=\"text-align: justify;\">S\u0103 nu zice\u021bi c\u0103 sunt sadic. Ca dovad\u0103, m-am plictisit, am ie\u0219it \u0219i l-am l\u0103sat s\u0103 fiarb\u0103 \u00een suc propriu. Florescu m-a \u00eentrebat din ochi, iar eu i-am r\u0103spuns tot pe mute\u0219te, ca s\u0103 nu aud\u0103 C\u0103pitanu, dac\u0103 tr\u0103gea cu urechea la u\u0219\u0103. Mi-am reluat lectura ziarului Sc\u00e2nteia, iar cei ce \u00ee\u0219i citiser\u0103 ziarul, \u00ee\u0219i \u00eenv\u00e2rteau degetele mari, mori\u0219c\u0103. La c\u00e2tva timp dup\u0103 asta, iese C\u0103pitanu din debara ca un glon\u021b, nu zice nimic \u0219i pleac\u0103. Peste c\u00e2teva minute, vine Munteanu, se uit\u0103 la Florescu \u0219i zice:<\/p>\n<p style=\"text-align: justify;\">\u2014 La loc comanda!<\/p>\n<p style=\"text-align: justify;\">\u2014 Uff! a r\u0103suflat u\u0219urat Florescu f\u0103c\u00e2ndu-\u0219i cruce cu v\u00e2rful limbii \u00een gur\u0103 de trei ori.<\/p>\n<p style=\"text-align: justify;\"><strong>\u2014\u2014\u2014\u2014\u2014\u2014\u2014\u2014\u2014\u2014<\/strong><\/p>\n<p style=\"text-align: justify;\"><strong>Victor RAVINI<\/strong><\/p>\n<p style=\"text-align: justify;\"><strong>Septembrie\u00a0 2020<\/strong><\/p>\n<p style=\"text-align: justify;\"><strong>La Grande-Motte, Fran\u021ba<\/strong><\/p>\n","protected":false},"excerpt":{"rendered":"<p>Lucram la ICE Autotractor-Dacia Bra\u0219ov. Eram a cincea putere mondial\u0103 la tractoare, dup\u0103 Ford, Massey-Ferguson, Fiat \u0219i Renault. Am propus [&#038;hellip<\/p>\n","protected":false},"author":1,"featured_media":0,"comment_status":"closed","ping_status":"closed","sticky":false,"template":"","format":"standard","meta":{"footnotes":""},"categories":[3],"tags":[],"class_list":["post-46655","post","type-post","status-publish","format-standard","hentry","category-articole"],"_links":{"self":[{"href":"https:\/\/www.marianagurza.ro\/blog\/wp-json\/wp\/v2\/posts\/46655","targetHints":{"allow":["GET"]}}],"collection":[{"href":"https:\/\/www.marianagurza.ro\/blog\/wp-json\/wp\/v2\/posts"}],"about":[{"href":"https:\/\/www.marianagurza.ro\/blog\/wp-json\/wp\/v2\/types\/post"}],"author":[{"embeddable":true,"href":"https:\/\/www.marianagurza.ro\/blog\/wp-json\/wp\/v2\/users\/1"}],"replies":[{"embeddable":true,"href":"https:\/\/www.marianagurza.ro\/blog\/wp-json\/wp\/v2\/comments?post=46655"}],"version-history":[{"count":1,"href":"https:\/\/www.marianagurza.ro\/blog\/wp-json\/wp\/v2\/posts\/46655\/revisions"}],"predecessor-version":[{"id":46657,"href":"https:\/\/www.marianagurza.ro\/blog\/wp-json\/wp\/v2\/posts\/46655\/revisions\/46657"}],"wp:attachment":[{"href":"https:\/\/www.marianagurza.ro\/blog\/wp-json\/wp\/v2\/media?parent=46655"}],"wp:term":[{"taxonomy":"category","embeddable":true,"href":"https:\/\/www.marianagurza.ro\/blog\/wp-json\/wp\/v2\/categories?post=46655"},{"taxonomy":"post_tag","embeddable":true,"href":"https:\/\/www.marianagurza.ro\/blog\/wp-json\/wp\/v2\/tags?post=46655"}],"curies":[{"name":"wp","href":"https:\/\/api.w.org\/{rel}","templated":true}]}}