{"id":6,"date":"2011-08-10T12:53:05","date_gmt":"2011-08-10T12:53:05","guid":{"rendered":"http:\/\/www.marianagurza.ro\/blog\/?p=6"},"modified":"2017-12-08T07:01:08","modified_gmt":"2017-12-08T07:01:08","slug":"tablete-revista-agero","status":"publish","type":"post","link":"https:\/\/www.marianagurza.ro\/blog\/2011\/08\/10\/tablete-revista-agero\/","title":{"rendered":"Mariana GURZA: O nedumerire"},"content":{"rendered":"<p style=\"text-align: justify;\"><a href=\"http:\/\/www.marianagurza.ro\/blog\/wp-content\/uploads\/2011\/08\/10822976.jpg\"><img loading=\"lazy\" decoding=\"async\" class=\"alignleft\" title=\"10822976\" src=\"http:\/\/www.marianagurza.ro\/blog\/wp-content\/uploads\/2011\/08\/10822976-225x300.jpg\" alt=\"\" width=\"225\" height=\"300\" \/><\/a>MOTTO :<\/p>\n<p style=\"text-align: right;\"><em>,,Am v\u00e3zut c\u00e3 totul se reducea radical la politic\u00e3.\u015fi c\u00e3, oricum am lua lucrurile, nici un popor nu poate fi vreodat\u00e3 dec\u00e2t ceea ce conducerea sa &#8211; \u00eel va face s\u00e3 fie.\u201d<\/em>J.J.Rousseau-,,Confession\u201d( cartea a IX-a )<\/p>\n<p style=\"text-align: right;\"><em><strong> <strong><br \/>\n<\/strong><\/strong><\/em><\/p>\n<p style=\"text-align: justify;\"><strong> <\/strong>Sunt un om simplu, obi\u015fnuit, neangajat politic, dar optez pentru des\u00e3v\u00e2r\u015firea democra\u0163iei adev\u00e3rate \u00een Rom\u00e2nia.<\/p>\n<p style=\"text-align: justify;\">Cum a\u015f putea s\u00e3 definesc perioada de tranzi\u0163ie lung\u00e3 \u015fi rece, c\u00e2nd pentru a ne atinge scopurile facem numai compromisuri ?<\/p>\n<p style=\"text-align: justify;\">Oare \u00een ce partid m-a\u015f putea integra ca simplu cet\u00e3\u0163ean care lupt\u00e3 pentru supravie\u0163uire \u015fi pentru construc\u0163ia unei CITADELE ? A\u015f avea mai multe \u015fanse pentru p\u00e3strarea locului de munc\u00e3 ? Demnitatea mea va fi respectat\u00e3?<\/p>\n<p style=\"text-align: justify;\">Da, vom merge pe principiul competen\u0163ei \u015fi a respectului uman, poate mi-ar spune cineva ! Cine sunt cei care se joac\u00e3 cu via\u0163a noastr\u00e3, a copiilor \u015fi a b\u00e3tr\u00e2nilor?<\/p>\n<p style=\"text-align: justify;\">Judec\u00e3m un om dup\u00e3 vorbe, plini de ur\u00e3, gata de a ne c\u00e3lca \u00een picioare numai pentru a ne men\u0163ine aceea\u015fi pozi\u0163ie social\u00e3. S\u00e3 fie oare omul \u201cun animal imperfect politic\u201d parafraz\u00e2nd un filozof?<\/p>\n<p style=\"text-align: justify;\">Ce m\u00e3 sf\u00e3tui\u0163i s\u00e3 fac?<\/p>\n<p style=\"text-align: justify;\"><!--more-->S\u00e3-l privesc indiferent\u00e3 pe so\u0163ul meu albit de vreme? S\u00e3-l mint sper\u00e2nd \u00eentr-un adev\u00e3r iluzoriu ? Cine \u00eemi garanteaz\u00e3 c\u00e3 voi putea supravie\u0163ui \u00een stres ca s\u00e3-mi pot cre\u015fte copiii decent? Putem vorbi de eficien\u0163\u00e3 dac\u00e3 mediul este bolnav \u015fi lipsurile sunt tot mai sufocante? Conteaz\u00e3 uneori modul \u00een care e\u015fti tratat \u015fi cum e\u015fti tratat. Am ajuns s\u00e3 nu mai fim noi, s\u00e3 ne ascundem \u00een func\u0163ie de conjunctur\u00e3, dup\u00e3 o masc\u00e3.Toleran\u0163i \u015fi t\u00e3cu\u0163i ne rug\u00e3m pentru o zi mai bun\u00e3, pentru puterea de a supravie\u0163ui.<\/p>\n<p style=\"text-align: justify;\">Suntem cre\u015ftini, atunci s\u00e3 ne comport\u00e3m cre\u015ftine\u015fte.<\/p>\n<p style=\"text-align: justify;\">Suntem rom\u00e2ni, atunci g\u00e2ndi\u0163i \u015fi sim\u0163i\u0163i rom\u00e2ne\u015fte, domnilor, reda\u0163i-ne demnitatea \u015fi speran\u0163a. Nu ne irosi\u0163i valorile, \u0163ara noastr\u00e3 r\u00e3m\u00e2ne unic\u00e3, o adev\u00e3rat\u00e3 ,, gr\u00e3din\u00e3 a Maicii Domnului\u201d.<\/p>\n<p style=\"text-align: justify;\">\u015ei totu\u015fi, \u00een ce partid m\u00e3 sf\u00e3tui\u0163i s\u00e3 intru domnilor?<\/p>\n<p style=\"text-align: justify;\">Mariana Gurza<\/p>\n<h1 style=\"text-align: justify;\"><\/h1>\n<p style=\"text-align: center;\">\u00a0***<\/p>\n<p>&nbsp;<\/p>\n<p style=\"text-align: justify;\"><em> Nevoia de a sfida t\u00e3cerea \u015fi uitarea<\/em><\/p>\n<p style=\"text-align: justify;\">Mi-e dor de tata. Mi-e dor de dulcea Bucovin\u00e3. Mi-e dor de bunicii pe care nu i-am cunoscut niciodat\u00e3. Drumul pribegiei a p\u00e3rin\u0163ilor mei c\u00e2nd \u0163ara mi-a fost sf\u00e2rtecat\u00e3 \u015fi-a pus trist lacrima pe sufletul meu. Nu m-am sim\u0163it complet\u00e3 niciodat\u00e3. \u00centotdeauna am sim\u0163it c\u00e3-mi lipse\u015fte ceva, c\u00e3 nu sunt dec\u00e2t o ,,venetic\u00e3\u201d \u00een \u0163ara mea. De ce? Oare p\u00e3rin\u0163ii mei nu au suferit destul? Toat\u00e3 copil\u00e3ria mi-a fost umbrit\u00e3 de faptul c\u00e3 nu eram ,,una de-a lor\u201d, de-al rom\u00e2nilor, l\u00e2ng\u00e3 care am copil\u00e3rit. Am fost izolat\u00e3 \u015fi \u00eenc\u00e3 am sentimentul c\u00e3 mentalitatea nu a disp\u00e3rut. \u00cemi amintesc cum odat\u00e3, copil fiind, la aniversarea zilei mele de na\u015ftere, mama mi-a preg\u00e3tit o mas\u00e3 bogat\u00e3, dar invita\u0163ii nu au venit. Eram prea str\u00e3in\u00e3, prea s\u00e3rac\u00e3 pentru a fi felicitat\u00e3. \u015etiu c\u00e3 am pl\u00e2ns ascuns\u00e3 l\u00e2ng\u00e3 nucul cel b\u00e3tr\u00e2n din curte, \u015fi parc\u00e3 mantia triste\u0163ii am sim\u0163it-o mai acut\u2026Mai t\u00e2rziu, c\u00e2nd eu \u015fi sora mea ne-am ridicat prin \u00eenv\u00e3\u0163\u00e3tur\u00e3, am sim\u0163it o oarecare schimbare \u00een ceea ce prive\u015fte respectul, dar invidia \u015fi f\u00e3\u0163\u00e3rnicia au persistat \u015fi persist\u00e3. Mi-e dor de tata, mi-e tare dor! Rizac Ioan, n\u00e3scut \u00een Banila pe Siret, l\u00e2ng\u00e3 Cern\u00e3u\u0163i a reu\u015fit s\u00e3 fug\u00e3 din fa\u0163a t\u00e3v\u00e3lugului rusesc, l\u00e3s\u00e2ndu-\u015fi \u00een urm\u00e3 p\u00e3rin\u0163ii \u015fi un frate \u00eempu\u015fcat. A fost un om extraordinar, muncitor, inteligent \u015fi tot ce a f\u00e3cut pentru mine \u015fi sora mea a dat roade. Uneori de acolo din cer ne sur\u00e2de mul\u0163umit de realiz\u00e3rile noastre, dar \u00eenc\u00e3 simte gustul amar al dezr\u00e3d\u00e3cin\u00e3rii. A fost cumplit tot ce s-a \u00eent\u00e2mplat \u015fi niciodat\u00e3 nu a dorit s\u00e3 ne povesteasc\u00e3 tragedia tinere\u0163ii dumnealui. Mi-e dor de tine tat\u00e3, mi-e tare dor!<\/p>\n<p style=\"text-align: justify;\">Mama mea Viorica, a r\u00e3mas perla bucovinean\u00e3 a casei.<\/p>\n<p style=\"text-align: justify;\">N\u00e3scut\u00e3 \u00een satul Cupca-Cern\u00e3u\u0163i, la v\u00e2rsta de 9 ani, orfan\u00e3, a fost nevoit\u00e3 s\u00e3 fug\u00e3 cu rudele \u00een martie 1944. Ascunsi prin mun\u0163i, tracasa\u0163i de organele de opresiune s-a pierdut \u00een satul C\u00e3v\u00e3ran, jud.Cara\u015f-Severin \u015fi, fiind o fat\u00e3 cuminte \u015fi muncitoare, \u015fi-a luat via\u0163a \u00een piept reu\u015find s\u00e3-\u015fi \u00eentemeieze un c\u00e3min minunat. Pentru mine este mama cea mai frumoas\u00e3 din lume. Este aceea\u015fi a\u015fa cum o \u015ftiu eu de c\u00e2nd eram copil. \u015ei doamne, c\u00e2t este de cald\u00e3 \u015fi bun\u00e3! Nu a schimbat-o suferin\u0163a, nu a schimbat-o umilin\u0163a. A muncit, a\u015fa cum \u00eei st\u00e3 bine rom\u00e2nului pentru ca eu \u015fi sora mea s\u00e3 nu avem parte de neajunsuri.<\/p>\n<p style=\"text-align: justify;\">Imediat dup\u00e3 revolu\u0163ie, am dorit s\u00e3-mi cunosc r\u00e3d\u00e3cinile, locurile natale ale p\u00e3rin\u0163ilor mei. C\u00e2mpurile de in \u00eenflorit ale mamei, toloaca, obiceiurile nealterate de cr\u00e3ciun, mireasma locului \u015fi acum le mai p\u00e3strez \u00een suflet. Casa copil\u00e3riei nu mai exista, ci doar umbre ale trecutului care \u00eenc\u00e3 mai l\u00e3crimeaz\u00e3 dup\u00e3 ce a fost odat\u00e3. Mama mea nici nu \u015ftia c\u00e3 mai avea o sor\u00e3, care decedase nu de mult.<\/p>\n<p style=\"text-align: justify;\">M-am m\u00e2ndrit cu bunicul meu Calistrat Irimescu, azi considerat erou al rom\u00e2nilor din zon\u00e3, mi-am reg\u00e3sit verii, fra\u0163ii Teodorescu \u015fi dintr-odat\u00e3 m-am sim\u0163it bogat\u00e3.<\/p>\n<p style=\"text-align: justify;\">Nu cred c\u00e3 poate s\u00e3-\u015fi imagineze cineva c\u00e2t\u00e3 durere a l\u00e3sat \u00een urma \u00eemp\u00e3r\u0163irea Rom\u00e2niei. Cine \u00eemi poate da \u00eenapoi copil\u00e3ria m\u00e3cinat\u00e3 de politic\u00e3 \u015fi prejudec\u00e3\u0163i?<\/p>\n<p style=\"text-align: justify;\">Dezr\u00e3d\u00e3cinarea este cumplit\u00e3, \u015fi pentru cei pleca\u0163i \u015fi pentru urma\u015fi. Povara \u00eenstr\u00e3in\u00e3rii a fost dus\u00e3 din greu \u015fi nu \u015ftiu ce a\u015f putea face acum pentru mama, pentru tata care nu mai este, dec\u00e2t s\u00e3-i asigur c\u00e3 voi fi mereu \u00een inima Bucovinei cu sufletul \u015fi g\u00e2ndul. Cred \u00een re\u00eentregire, cred \u00een unitatea neamului rom\u00e2nesc, cred \u00een demnitatea uman\u00e3 c\u00e3ci nu se poate altfel. Nu suntem singuri, doar ,,Dumnezeu este rom\u00e2n\u201d!<\/p>\n<p style=\"text-align: justify;\">Mariana Gurza-tablete publicate &#8211; Almanahul tuturor romanilor &#8211; APA VIE 2003<\/p>\n","protected":false},"excerpt":{"rendered":"<p>MOTTO : ,,Am v\u00e3zut c\u00e3 totul se reducea radical la politic\u00e3.\u015fi c\u00e3, oricum am lua lucrurile, nici un popor nu [&#038;hellip<\/p>\n","protected":false},"author":1,"featured_media":0,"comment_status":"closed","ping_status":"closed","sticky":false,"template":"","format":"standard","meta":{"footnotes":""},"categories":[3],"tags":[],"class_list":["post-6","post","type-post","status-publish","format-standard","hentry","category-articole"],"_links":{"self":[{"href":"https:\/\/www.marianagurza.ro\/blog\/wp-json\/wp\/v2\/posts\/6","targetHints":{"allow":["GET"]}}],"collection":[{"href":"https:\/\/www.marianagurza.ro\/blog\/wp-json\/wp\/v2\/posts"}],"about":[{"href":"https:\/\/www.marianagurza.ro\/blog\/wp-json\/wp\/v2\/types\/post"}],"author":[{"embeddable":true,"href":"https:\/\/www.marianagurza.ro\/blog\/wp-json\/wp\/v2\/users\/1"}],"replies":[{"embeddable":true,"href":"https:\/\/www.marianagurza.ro\/blog\/wp-json\/wp\/v2\/comments?post=6"}],"version-history":[{"count":2,"href":"https:\/\/www.marianagurza.ro\/blog\/wp-json\/wp\/v2\/posts\/6\/revisions"}],"predecessor-version":[{"id":13,"href":"https:\/\/www.marianagurza.ro\/blog\/wp-json\/wp\/v2\/posts\/6\/revisions\/13"}],"wp:attachment":[{"href":"https:\/\/www.marianagurza.ro\/blog\/wp-json\/wp\/v2\/media?parent=6"}],"wp:term":[{"taxonomy":"category","embeddable":true,"href":"https:\/\/www.marianagurza.ro\/blog\/wp-json\/wp\/v2\/categories?post=6"},{"taxonomy":"post_tag","embeddable":true,"href":"https:\/\/www.marianagurza.ro\/blog\/wp-json\/wp\/v2\/tags?post=6"}],"curies":[{"name":"wp","href":"https:\/\/api.w.org\/{rel}","templated":true}]}}