{"id":7100,"date":"2012-07-30T15:25:58","date_gmt":"2012-07-30T15:25:58","guid":{"rendered":"http:\/\/www.marianagurza.ro\/blog\/?p=7100"},"modified":"2012-07-30T15:27:57","modified_gmt":"2012-07-30T15:27:57","slug":"ion-maldarescu","status":"publish","type":"post","link":"https:\/\/www.marianagurza.ro\/blog\/2012\/07\/30\/ion-maldarescu\/","title":{"rendered":"Ion M\u0103ld\u0103rescu &#8211; Persuasiuni rom\u00e2nofobe"},"content":{"rendered":"<p style=\"text-align: justify;\"><a href=\"http:\/\/www.marianagurza.ro\/blog\/wp-content\/uploads\/2012\/07\/b_300_472_16777215_0___images_stories_analize_garda-maghiara.jpg\"><img loading=\"lazy\" decoding=\"async\" class=\"size-medium wp-image-7101 alignleft\" title=\"b_300_472_16777215_0___images_stories_analize_garda-maghiara\" src=\"http:\/\/www.marianagurza.ro\/blog\/wp-content\/uploads\/2012\/07\/b_300_472_16777215_0___images_stories_analize_garda-maghiara-190x300.jpg\" alt=\"\" width=\"190\" height=\"300\" srcset=\"https:\/\/www.marianagurza.ro\/blog\/wp-content\/uploads\/2012\/07\/b_300_472_16777215_0___images_stories_analize_garda-maghiara-190x300.jpg 190w, https:\/\/www.marianagurza.ro\/blog\/wp-content\/uploads\/2012\/07\/b_300_472_16777215_0___images_stories_analize_garda-maghiara.jpg 300w\" sizes=\"auto, (max-width: 190px) 100vw, 190px\" \/><\/a>Mocirla mental\u0103 cu care rom\u00e2nii au fost ataca\u0163i \u015fi infecta\u0163i dup\u0103 1990 le-a adus imense prejudicii, cel al deterior\u0103rii morale fiind major. Contrar \u00eendemnului din imnul na\u0163ional &#8211; de la a c\u0103rei intonare public\u0103-oficial\u0103 s-au \u00eemplinit 164 de ani &#8211; rom\u00e2nii, dezbina\u0163i ast\u0103zi mai mult dec\u00e2t oric\u00e2nd, tr\u0103iesc \u00eentr-o adormire condamnabil\u0103, iar \u00een rarele momente de \u201ede\u015fteptare&#8221; lupt\u0103 cu o \u00eencr\u00e2ncenat\u0103 \u00eenver\u015funare chiar \u00eempotriva propriilor interese. Valoroasa publica\u0163ie rom\u00e2neasc\u0103 \u201eCondeiul ardelean&#8221; a dat publicit\u0103\u0163ii un articol incitant: \u201ePrejudec\u0103\u0163ile maghiarofobe \u015fi adev\u0103rul despre ele&#8221;<strong>[1]<\/strong>. \u00centrebuin\u0163\u00e2nd un \u00eentreg arsenal de metode persuasive, autorul \u00eencearc\u0103 s\u0103 induc\u0103 \u00een subcon\u015ftientul cititorului ideea c\u0103 rom\u00e2nii sunt r\u0103i, intoleran\u0163i \u015fi exagereaz\u0103 atunci c\u00e2nd \u00eendrept\u0103 degetul ar\u0103t\u0103tor spre vreun iredentist exaltat.<\/p>\n<p style=\"text-align: justify;\">Voi comenta c\u00e2teva din afirma\u0163iile domnului Tiham\u00e9r Czika, semnatarul articolului \u00een cauz\u0103:<br \/>\n<em>\u201eUngaria ca stat [&#8230;] nu \u015fi-a manifestat oficial niciodat\u0103 interesul, nici politic, nici juridic pentru re-anexarea Transilvaniei&#8230; dup\u0103 anul 1947. \u00cen acel an, prin semnarea tratatelor de la Paris care au \u00eencheiat al II-lea R\u0103zboi Mondial statul ungar a recunoscut grani\u0163ele actuale&#8230;&#8221; <\/em>&#8230; vr\u00e2nd, nevr\u00e2nd, fiind obligat. \u00cen prezent, \u201eUngaria ca stat&#8221; vrea p\u0103m\u00e2ntul rom\u00e2nesc pe buc\u0103\u0163i.<\/p>\n<p style=\"text-align: justify;\"><em>\u201eMarea majoritate a maghiarilor din Rom\u00e2nia vorbesc rom\u00e2ne\u015fte la un nivel satisf\u0103c\u0103tor sau foarte bun.&#8221;<\/em><br \/>\nS\u0103 nu uit\u0103m c\u0103 \u00een \u0163ara de care vorbe\u015fte autorul articolului, limba oficial\u0103 este limba rom\u00e2n\u0103, prevedere stabilit\u0103 prin Constitu\u0163ia Rom\u00e2niei, iar minorit\u0103\u0163ile sunt obligate s\u0103 \u00eenve\u0163e, pe l\u00e2ng\u0103 limba matern\u0103 \u015fi pe cea a statului \u00een care tr\u0103iesc.<\/p>\n<p style=\"text-align: justify;\"><em>\u201e Exist\u0103 maghiari care sunt arogan\u0163i \u015fi \u00eei privesc pe rom\u00e2ni de sus, cum exist\u0103 \u015fi rom\u00e2ni care sunt arogan\u0163i \u015fi \u00eei privesc pe maghiari de sus. Ace\u015fti oameni sunt \u00eens\u0103 \u00een minoritate de ambele p\u0103r\u0163i.&#8221;<\/em><br \/>\nCorect, dar cum spune o zical\u0103 rom\u00e2neasc\u0103 \u201eajunge o lingur\u0103 de mizerie ca s\u0103 strice un butoi cu varz\u0103&#8221;&#8230;<\/p>\n<p style=\"text-align: justify;\"><em>\u201eUDMR nu este o organiza\u0163ie extremist\u0103. Pur \u015fi simplu nu este. Nu are mesaje \u015fovine, anti-rom\u00e2ne\u015fti, sau anti-alte na\u0163iuni sau grupuri etnice, religioase, sexuale, etc. [&#8230;] UDMR este o organiza\u0163ie politic\u0103 care \u00ee\u015fi desf\u0103\u015foar\u0103 toat\u0103 activitatea respect\u00e2nd legile Rom\u00e2niei.&#8221;<\/em><br \/>\nInexact! U.D.M.R. s-a declarat, \u00een 1990, ca uniune cultural\u0103 etnic\u0103, av\u00e2nd un statut oarecum similar cu cel de la \u201eVatra Rom\u00e2neasc\u0103&#8221;. Din cei 22 de ani postdecembri\u015fti, U.D.M.R. a func\u0163ionat contrar prevederilor Constitu\u0163iei, ca partid politic (?). U.D.M.R. se erijeaz\u0103 (\u00een mod nejustificat) \u00een reprezentant unic al maghiarimii din Rom\u00e2nia, mul\u0163i etnici maghiari av\u00e2nd alte op\u0163iuni politice.<br \/>\n<em><br \/>\n<em><a href=\"http:\/\/www.marianagurza.ro\/blog\/wp-content\/uploads\/2012\/07\/b_200_315_16777215_0___images_stories_analize_ducso-csaba-nincs-kegyelem_-_Copy.jpg\"><img loading=\"lazy\" decoding=\"async\" class=\"size-medium wp-image-7102 alignright\" title=\"b_200_315_16777215_0___images_stories_analize_ducso-csaba-nincs-kegyelem_-_Copy\" src=\"http:\/\/www.marianagurza.ro\/blog\/wp-content\/uploads\/2012\/07\/b_200_315_16777215_0___images_stories_analize_ducso-csaba-nincs-kegyelem_-_Copy-190x300.jpg\" alt=\"\" width=\"190\" height=\"300\" srcset=\"https:\/\/www.marianagurza.ro\/blog\/wp-content\/uploads\/2012\/07\/b_200_315_16777215_0___images_stories_analize_ducso-csaba-nincs-kegyelem_-_Copy-190x300.jpg 190w, https:\/\/www.marianagurza.ro\/blog\/wp-content\/uploads\/2012\/07\/b_200_315_16777215_0___images_stories_analize_ducso-csaba-nincs-kegyelem_-_Copy.jpg 200w\" sizes=\"auto, (max-width: 190px) 100vw, 190px\" \/><\/a>\u201eCsibi Barna, func\u0163ionar public la Direc\u0163ia Finan\u0163elor Publice Harghita \u015fi lider al Plutonului Secuiesc din cadrul Batalionului \u00abWass Albert\u00bb al G\u0103rzii Maghiare din Miercurea Ciuc, a organizat la Cluj-Napoca, cu ocazia zilei maghiarilor din 2012, o manifestare de protest \u00eempotriva Tratatului de la Trianon, prin prevederile c\u0103ruia Transilvania a revenit Rom\u00e2niei, prilej cu care a scandat mai multe lozinci antievreie\u015fti \u015fi xenofobe: \u00abS\u0103 dispar\u0103 to\u0163i jidanii \u00eempu\u0163i\u0163i!\u00bb, \u00abS\u0103 dispar\u0103 to\u0163i du\u015fmanii care sunt aici, s\u0103 lupt\u0103m pentru Ardeal!\u00bb. Acela\u015fi personaj agreat \u015fi \u00eencurajat de U.D.M.R. a organizat mai multe ac\u0163iuni cu caracter xenofob fie \u00eempotriva poetului Mihai Eminescu, fie \u00eempotriva Rom\u00e2niei, \u00een cursul anului 2011. Din aluziile sale tenden\u0163ioase rezult\u0103 ideea cum c\u0103 rom\u00e2nii ar trebui s\u0103 intre \u00een Covasna \u015fi Harghita doar pe baz\u0103 de pa\u015faport.&#8221;<\/em><\/em> (Evenimentul Zilei) Individul cu pricina, sus\u0163inut \u015fi \u00eencurajat de U.D.M.R., a fost scos de sub urm\u0103rire penal\u0103 fiindc\u0103 s-ar fi aflat \u201ela prima confruntare cu legea&#8221;.<\/p>\n<p style=\"text-align: justify;\">\u201eGarda Maghiar\u0103 &#8211; Plutonul Secuiesc.<strong>[2]<\/strong> Este falanga din Rom\u00e2nia a organiza\u0163iei paramilitare din Ungaria. Plutonul secuiesc este \u00eencadrat \u00een Batalionul \u201eWass Albert&#8221;, cu comandamentul la Gyor, Ungaria. Pentru c\u0103 organiza\u0163ia a fost scoas\u0103 \u00een ilegalitate \u00een \u0163ara vecin\u0103, activitatea g\u0103rzii este transferat\u0103 \u00een Transilvania. Cel mai propice loc este zona locuit\u0103 de secui. Ofi\u0163erul de rela\u0163ii cu presa al G\u0103rzii, Nandor Kerestes nu vorbe\u015fte bine rom\u00e2ne\u015fte, dar declara\u0163iile sale sunt edificatoare: \u201eNoi apar\u0163inem de Ungaria, de Batalionul Wass Albert din Ungaria. C\u00e2nd cineva devine membru, depune \u015fi jur\u0103m\u00e2ntul pe coroana sf\u00e2nt\u0103 ungar\u0103&#8221;. \u201eEi ne ajut\u0103 cu tot ce cerem. To\u0163i avem grade militare: plutonier, c\u0103pitan&#8230; Gradele se dau \u00een Ungaria&#8221;. \u00cencorpor\u0103rile \u00een Plutonul secuiesc (subunitate a G\u0103rzii Maghiare, ce apar\u0163ine de batalionul \u201eWass Albert&#8221;, de la Gyor-Ungaria) sunt f\u0103cute dup\u0103 anumite tipare:<br \/>\n&#8211; Orice poten\u0163ial nou membru este \u00een prealabil monitorizat o anumit\u0103 perioad\u0103 de timp. De asemenea, se culeg informa\u0163ii despre persoana vizat\u0103, astfel \u00eenc\u00e2t profilul acesteia s\u0103 corespund\u0103 activit\u0103\u0163ii \u015fi obiectivelor G\u0103rzii. [&#8230;]. Candidatul trebuie s\u0103 completeze mai multe chestionare [&#8230;], dou\u0103 capitole cu \u00eentreb\u0103ri-capcan\u0103, dar \u015fi cu \u00eentreb\u0103ri prin care se urm\u0103re\u015fte ob\u0163inerea unor informa\u0163ii esen\u0163iale:<br \/>\n<em>&#8211; \u201eVrei s\u0103 devii gardist? Dispui de bocanci negri, pantaloni de instruc\u0163ie, c\u0103ma\u015f\u0103 alb\u0103, vest\u0103 \u015fi \u015fapc\u0103? [&#8230;] Ai f\u0103cut armata?, Dac\u0103 da, ce grad \u015fi la ce arm\u0103?, [&#8230;] Dac\u0103 practic\u0103 \u201esporturi speciale\u00bb sau dac\u0103 ar fi dispus s\u0103-\u015fi ri\u015fte via\u0163a \u00een contextul \u00een care, \u00ab\u00eentr-un cadru constitu\u0163ional, ar fi nevoie de militari\u00bb.[&#8230;] Pe ce plan poate Garda Maghiar\u0103 \u015fi na\u0163iunea s\u0103 conteze pe dumneavoastr\u0103 \u015fi pe ce plan dori\u0163i s\u0103 v\u0103 desf\u0103\u015fura\u0163i activitatea al\u0103turi de noi?&#8221;<\/em> etc.<br \/>\n<em>&#8211; [&#8230;]\u201e\u00abGarda Maghiar\u0103 &#8211; Plutonul Secuiesc\u00bb, \u00ee\u015fi declar\u0103 obiectivele civice \u015fi culturale, membrii G\u0103rzii Maghiare recunosc faptul c\u0103 principalul scop este autonomia, confundat\u0103 de multe ori cu independen\u0163a. O celul\u0103 a Plutonului Secuiesc, este frecvent semnalat\u0103 f\u0103c\u00e2nd antrenamente de lupt\u0103 at\u00e2t \u00een ora\u015f, \u00een spatele Liceului \u00abGabor Aron\u00bb, c\u00e2t \u015fi \u00een mun\u0163i, la Valea Uzului, \u00een condi\u0163ii extreme. [&#8230;]. Membrii G\u0103rzii Maghiare marcheaz\u0103 locurile \u00abplant\u00e2nd\u00bb cruci apostolice (dublu barate), cu \u00eensemnele organiza\u0163iei \u015fi cu h\u0103r\u0163i ale Ungariei mari, de\u015fi public \u00eencearc\u0103 s\u0103 conving\u0103 delimitarea lor de aspira\u0163iile revizioniste. Antrenamentele \u00abspeciale\u00bb sunt justificate prin necesitatea de a avea membri preg\u0103ti\u0163i pentru orice situa\u0163ie. Dup\u0103 o perioad\u0103 de monitorizare discret\u0103, persoanele recrutate de Garda Maghiar\u0103 &#8211; Plutonul Secuiesc sunt testate, iar dup\u0103 instruc\u0163ie depun jur\u0103m\u00e2ntul pe sf\u00e2nta coroan\u0103 ungar\u0103.&#8221;<\/em><strong>[3]<\/strong> Dup\u0103 cum se poate constata, asemenea gardistului rom\u00e2nofob Csibi Barna, Tiham\u00e9r Czika nu recunoa\u015fte caracterul paramilitar al antrenamentelor efectuate.<\/p>\n<p style=\"text-align: justify;\">Cele de mai sus demonstreaz\u0103 din plin c\u0103 U.D.M.R. este organiza\u0163ie extremist\u0103, tolerat\u0103 de \u201eputerile&#8221; aflate la guvernare, din motive pur oportuniste. Satana &#8211; cu sau f\u0103r\u0103 sutan\u0103 (L\u00e1szl\u00f3 T\u0151k\u00e9s) &#8211; este un extremist rom\u00e2nofob, \u015fi nu unul oarecare, agent dovedit al unei \u0163\u0103ri str\u0103ine, imoral, dup\u0103 cum afirm\u0103 fosta lui so\u0163ie \u015fi de o \u201ebun\u0103 inten\u0163ie&#8221; pus\u0103 sub o groaz\u0103 de semne de \u00eentrebare. Fiind europarlamentar din partea Rom\u00e2niei (o enorm\u0103 gre\u015feal\u0103 antirom\u00e2neasc\u0103), a adus grave prejudicii statului pe care \u00eel reprezint\u0103, a jurat credin\u0163\u0103 Ungariei \u015fi a \u00eendemnat etnicii maghiari din Rom\u00e2nia la nesupunere civic\u0103 \u015fi la ie\u015firea \u00een strad\u0103. Cum s-o fi chem\u00e2nd a\u015fa ceva dup\u0103 canoanele Uniunii Europene? Apel la \u00een\u0163elegere interetnic\u0103? U.D.M.R. a stat c\u0103\u0163\u0103rat\u0103 la guvernare 20 din cei 22 de ani de dup\u0103 \u201epotop&#8221;, indiferent cu cine a f\u0103cut alian\u0163\u0103 \u015fi ce culoare au avut partenerii afla\u0163i la putere. Ce contribu\u0163ie a avut la prosperarea \u00eentregii popula\u0163ii a Rom\u00e2niei \u00een aceste dou\u0103 decenii? L-am putea \u00eentreba pe \u00eembog\u0103\u0163itul peste noapte (asemenea multor altora &#8211; f\u0103r\u0103 deosebire etnic\u0103 de ras\u0103 sau religie), pe Verestoy Attila \u015fi pe bunii lui \u201ecolegi&#8221; \u00een ale submin\u0103rii economiei na\u0163ionale a Rom\u00e2niei, dar nu ne va r\u0103spunde. Sper\u0103m totu\u015fi c\u0103 \u00eentr-un viitor nu prea \u00eendep\u0103rtat, vor \u0163ine companie fostului prim ministru, aflat \u00een prezent \u00een custodia statului.<\/p>\n<p style=\"text-align: justify;\"><em>\u201e&#8230; o minoritate de talia maghiarimii din Rom\u00e2nia \u00eentr-un alt context probabil \u015fi-ar fi putut cl\u0103di un stat suveran.&#8221;<\/em><br \/>\nIdeea care \u00eei fr\u0103m\u00e2nt\u0103 pe iredenti\u015ftii unguri, care \u00eel roade inclusiv pe domnul Tiham\u00e9r Czika, a ie\u015fit ca uleiul la suprafa\u0163a apei, desconspir\u00e2nd, deopotriv\u0103, inten\u0163iile proprii \u015fi pe cele ale unor co-etnici ai s\u0103i: \u201e\u015fi-ar fi putut cl\u0103di un stat suveran.&#8221;<\/p>\n<p style=\"text-align: justify;\"><em>\u201eDe ce nu pot fi ungurii precum celelalte minorit\u0103\u0163i din Rom\u00e2nia?&#8221;<\/em><br \/>\n\u00centrebare justificat\u0103. \u00cen timp ce, \u00een unele zone ale \u0163\u0103rii, rom\u00e2nii, minoritari sunt supu\u015fi discrimin\u0103rii etnice \u00een propria \u0163ar\u0103, U.D.M.R. creeaz\u0103 ghetouri spirituale \u015fi vrea privilegii, nu drepturi. \u00cens\u0103\u015fi U.E. a recunoscut c\u0103 \u00een Rom\u00e2nia sunt acordate cele mai multe libert\u0103\u0163i na\u0163ionalit\u0103\u0163ilor minoritare din Europa.<\/p>\n<p style=\"text-align: justify;\"><em>\u201eDiferen\u0163a dintre maghiari \u015fi celelalte minorit\u0103\u0163i din Rom\u00e2nia este una faptic\u0103: num\u0103rul&#8230;&#8221;<\/em><br \/>\n\u015eansele de convingere cu un asemenea argument sunt sortite e\u015fecului, din start. Un singur etnic, apar\u0163in\u00eend oric\u0103rei na\u0163ii de pe planet\u0103, trebuie s\u0103 aib\u0103 acelea\u015fi drepturi \u015fi obliga\u0163ii ca \u015fi popula\u0163ia majoritar\u0103 a Rom\u00e2niei \u015fi s\u0103 respecte legile, datinile \u015fi tradi\u0163iile str\u0103mo\u015fe\u015fti. Nici mai multe, nici mai pu\u0163ine. \u015ei \u0163iganii trebuie s\u0103 se supun\u0103 acelora\u015fi criterii, pentru a deveni respecta\u0163i.<\/p>\n<p style=\"text-align: justify;\"><em><strong><a href=\"http:\/\/www.marianagurza.ro\/blog\/wp-content\/uploads\/2012\/07\/b_200_314_16777215_0___images_stories_analize_kower-wiesel.jpg\"><img loading=\"lazy\" decoding=\"async\" class=\"size-medium wp-image-7103 alignleft\" title=\"b_200_314_16777215_0___images_stories_analize_kower-wiesel\" src=\"http:\/\/www.marianagurza.ro\/blog\/wp-content\/uploads\/2012\/07\/b_200_314_16777215_0___images_stories_analize_kower-wiesel-191x300.jpg\" alt=\"\" width=\"191\" height=\"300\" srcset=\"https:\/\/www.marianagurza.ro\/blog\/wp-content\/uploads\/2012\/07\/b_200_314_16777215_0___images_stories_analize_kower-wiesel-191x300.jpg 191w, https:\/\/www.marianagurza.ro\/blog\/wp-content\/uploads\/2012\/07\/b_200_314_16777215_0___images_stories_analize_kower-wiesel.jpg 200w\" sizes=\"auto, (max-width: 191px) 100vw, 191px\" \/><\/a>\u201eGuvernul Rom\u00e2niei este neprietenos, necivilizat \u015fi barbar&#8230;&#8221;<\/strong><\/em><strong>[4]<\/strong> Afirma\u0163ia apar\u0163ine pre\u015fedintelui parlamentului Ungariei, venit \u00een vizit\u0103 de \u201eprietenie&#8221; pe meleagurile rom\u00e2ne\u015fti, dar obr\u0103znicia \u201eMade in Hungary&#8221; dep\u0103\u015fe\u015fte orice uzan\u0163e diplomatice. \u00cen ziua referendumului pentru demiterea Pre\u015fedintelui Rom\u00e2niei, prim-ministrul Ungariei, Viktor Orban \u015fi-a permis s\u0103 se adreseze etnicilor maghiari din Transilvania &#8211; cet\u0103\u0163eni rom\u00e2ni &#8211; \u00eendemn\u00e2ndu-i s\u0103 nu mearg\u0103 la vot. Imagina\u0163i-v\u0103 cum ar reac\u0163iona oficialit\u0103\u0163ile Ungariei, dac\u0103 un demnitar rom\u00e2n ar comite un abuz similar. Rezultatul ar fi o reclama\u0163ie la \u201e\u00cenalta Poart\u0103&#8221; de la Bruxelles \u015fi declan\u015farea &#8211; sine die &#8211; a unui scandal interna\u0163ional. Astfel de \u201eoficialit\u0103\u0163i&#8221;, \u00een \u0163\u0103rile unde demnitatea na\u0163ional\u0103 se afl\u0103 la loc de onoare, sunt declarate \u201ePersona non grata&#8221;. La noi, NU! <strong>Guvernul Rom\u00e2niei tace!<\/strong><\/p>\n<p style=\"text-align: justify;\">P\u00e2n\u0103 \u015fi impostorul dovedit, \u201efaimosul&#8221; Elie Wiesel&#8221; a reac\u0163ionat, \u00eenapoind distinc\u0163ia acordat\u0103 de Ungaria, motiv\u00e2nd c\u0103 prin declara\u0163iile oficialilor unguri interesele evreimii a fost lezate. Mo\u015ftenirea Gojdu a fost cedat\u0103 Ungariei de c\u0103tre un guvern de imbecili. C\u00e2nd fostul ambasador al Rom\u00e2niei Dumitru Prunariu a intervenit pentru recuperarea Tezaurului Rom\u00e2niei, MRU &#8211; papagalul de serviciu, pe post de ministru de Externe, l-a rechemat \u00een \u0163ar\u0103. De fiecare dat\u0103 c\u00e2nd se ive\u015fte prilejul de a demonstra verticalitatea, <strong>Oficialii Rom\u00e2niei tac<\/strong>. Ru\u015fine!<\/p>\n<p style=\"text-align: justify;\"><em>\u201eDebarasarea de prejudec\u0103\u0163ile na\u0163ionaliste ar fi un bun \u00eenceput \u00een aceast\u0103 \u00eencercare.&#8221; <\/em>&#8230; care ar trebui s\u0103 plece chiar de la domnul Tiham\u00e9r Czika \u015fi de la inep\u0163iile sale. Oare de Ip, de Traznea, de Albi\u0163a \u015fi de Diktatul de la Viena a auzit domnul \u00een cauz\u0103? Dar de Trianon? Dar de \u201eNincs Kegyelem&#8221; a lui Ducso Csaba, Budapesta, 1939 din care citez: <em>\u201eNa\u0163ia ungar\u0103 este cea mai splendid\u0103 realizare a rasei dominante mongole, care nu cunoa\u015fte dec\u00e2t victoria. \u00cen noi fierbe s\u00e2ngele lui Attila, al lui Arpad \u015fi al lui Ghinghis-Han&#8230;&#8221;<\/em> Citatul este acceptat \u015fi promovat discret de c\u0103tre U.D.M.R. \u015fi ostentativ, de c\u0103tre trimi\u015fii statului vecin pe p\u0103m\u00e2ntul rom\u00e2nesc. Nu-mi \u0163in minte ca Ungaria s\u0103 fi cerut scuze pentru crimele comise de armata horthyst\u0103, de \u201eCrucile cu s\u0103ge\u0163i&#8221; \u015fi de alte organiza\u0163ii para-militare maghiaro-horthyste, \u00een anul 1940, \u00een nord-vestul Ardealului cedat abuziv, prin Diktat, Ungariei. Garda Maghiar\u0103, interzis\u0103 \u00een Ungaria \u015fi tolerat\u0103 \u00een Rom\u00e2nia, \u00ee\u015fi face de cap sub condamnabila obl\u0103duire a \u201eputerilor&#8221; instalate \u00een epoca postceau\u015fist\u0103 \u015fi secondate cu obstina\u0163ie de acela\u015fi U.D.M.R. Chiar negativ fiind, m\u0103 simt obligat s\u0103 apreciez spiritul de unitate al maghiarilor sus\u0163inu\u0163i pe fa\u0163\u0103 de Budapesta. Bucure\u015ftiul TACE, iar rom\u00e2nii din ghetourile anumitor zone ale \u0163\u0103rii sunt umili\u0163i \u015fi condamna\u0163i s\u0103 rabde. P\u00e2n\u0103 c\u00e2nd? Evident, nu to\u0163i maghiarii sunt asemenea celor comenta\u0163i \u015fi nici to\u0163i rom\u00e2nii nu sunt buni de pus la ran\u0103.<\/p>\n<p style=\"text-align: justify;\">Referitor la recentul Referendum, citez: <em>\u201eParlamentul Rom\u00e2niei trebuie s\u0103 intervin\u0103! Indiferent de rezultatul referendumului, Parlamentul trebuie s\u0103 decid\u0103 refacerea listelor electorale. Aceste liste au fost \u00eentocmite cu ani \u00een urm\u0103 \u0219i, dup\u0103 cum zic unii, cuprind numele multor persoane decedate. Acest lucru trebuie verificat: c\u00e2t este de mare num\u0103rul persoanelor al c\u0103ror nume nu trebuia s\u0103 mai figureze pe listele electorale? Dup\u0103 refacerea acestor liste se poate valida sau invalida \u0219i referendumul, raport\u00e2nd num\u0103rul celor care s-au prezentat la vot la num\u0103rul real al celor cu drept de vot.&#8221;<\/em> <strong>[5]<\/strong><\/p>\n<p style=\"text-align: justify;\">\u00cen situa\u0163ia descris\u0103, apreciez c\u0103 un nou imn al \u0162\u0103rii s-ar impune, titlul lui fiind mult mai adecvat momentului: Trezi\u0163i-v\u0103, rom\u00e2ni!, iar de va fi cazul, <em>\u201eTrece\u0163i batalioane rom\u00e2ne, Carpa\u0163ii!&#8221;<\/em>&#8230; at\u00e2tea c\u00e2te-au mai r\u0103mas.<\/p>\n<p style=\"text-align: justify;\"><em>Grafica &#8211; Ion M\u0103ld\u0103rescu<\/em><\/p>\n<p style=\"text-align: justify;\">&#8212;&#8212;&#8212;&#8212;&#8212;&#8212;&#8212;&#8212;&#8212;&#8212;&#8212;&#8212;&#8212;&#8212;&#8211;<\/p>\n<p style=\"text-align: justify;\">[1] Condeiul ardelean &#8211; http:\/\/www.condeiulardelean.ro\/articol\/prejudecatile-maghiarofobe-si-adevarul-despre-ele).<br \/>\n[2]Garda Maghiar\u0103 se proclam\u0103 continuatoare a Partidului Crucii cu S\u0103ge\u0163i partid antisemit, fondat \u00een 1935 \u015fi scos \u00een ilegalitate dup\u0103 doi ani din cauza violen\u0163ei \u015fi a radicalismului. Ideologia partidului era inspirat\u0103 din cea a N.S.D.A.P.. Garda Maghiar\u0103 cere desfiin\u0163area Tratatului de la Trianon \u015fi, implicit, refacerea Ungariei mari. Crucea cu s\u0103ge\u0163i este folosit\u0103 azi de gardi\u015fti. Un alt \u00eensemn este Crucea dublu barat\u0103 a lui \u015etefan &#8211; primul rege al Ungariei, \u015fi drapelul lui Arpad &#8211; alb striat cu ro\u015fu. Arpad a fost unul dintre liderii unui trib ungro-finic. Membrii sunt organiza\u0163i \u00een batalioane \u015fi plutoane, astfel \u00eenc\u00e2t s\u0103 acopere teritoriul fostei Ungarii mari. De Transilvania se ocup\u0103 batalionul secuiesc \u201eWass Albert&#8221;, care are comandamentul la Gyor, \u00een Ungaria.<br \/>\n[3] Adevrul.ro http:\/\/www.adevarul.ro\/actualitate\/evenime\/Recrutari_in_Garda_Maghiara_juraminte_sfinte_si_ bocanci_negri_0_188381743.html<br \/>\n[4] Pre\u015fedintele Parlamentului Ungariei, Kover Laszlo.<br \/>\n[5] Ion Coja, 30 iulie 2012<\/p>\n<p style=\"text-align: justify;\">Sursa : <a href=\"http:\/\/www.art-emis.ro\/\" target=\"_blank\">Revista ART \u2013 EMIS<\/a><\/p>\n","protected":false},"excerpt":{"rendered":"<p>Mocirla mental\u0103 cu care rom\u00e2nii au fost ataca\u0163i \u015fi infecta\u0163i dup\u0103 1990 le-a adus imense prejudicii, cel al deterior\u0103rii morale [&#038;hellip<\/p>\n","protected":false},"author":1,"featured_media":0,"comment_status":"closed","ping_status":"closed","sticky":false,"template":"","format":"standard","meta":{"footnotes":""},"categories":[3,6],"tags":[],"class_list":["post-7100","post","type-post","status-publish","format-standard","hentry","category-articole","category-linkuri-externe"],"_links":{"self":[{"href":"https:\/\/www.marianagurza.ro\/blog\/wp-json\/wp\/v2\/posts\/7100","targetHints":{"allow":["GET"]}}],"collection":[{"href":"https:\/\/www.marianagurza.ro\/blog\/wp-json\/wp\/v2\/posts"}],"about":[{"href":"https:\/\/www.marianagurza.ro\/blog\/wp-json\/wp\/v2\/types\/post"}],"author":[{"embeddable":true,"href":"https:\/\/www.marianagurza.ro\/blog\/wp-json\/wp\/v2\/users\/1"}],"replies":[{"embeddable":true,"href":"https:\/\/www.marianagurza.ro\/blog\/wp-json\/wp\/v2\/comments?post=7100"}],"version-history":[{"count":0,"href":"https:\/\/www.marianagurza.ro\/blog\/wp-json\/wp\/v2\/posts\/7100\/revisions"}],"wp:attachment":[{"href":"https:\/\/www.marianagurza.ro\/blog\/wp-json\/wp\/v2\/media?parent=7100"}],"wp:term":[{"taxonomy":"category","embeddable":true,"href":"https:\/\/www.marianagurza.ro\/blog\/wp-json\/wp\/v2\/categories?post=7100"},{"taxonomy":"post_tag","embeddable":true,"href":"https:\/\/www.marianagurza.ro\/blog\/wp-json\/wp\/v2\/tags?post=7100"}],"curies":[{"name":"wp","href":"https:\/\/api.w.org\/{rel}","templated":true}]}}