{"id":7214,"date":"2012-08-16T08:03:37","date_gmt":"2012-08-16T08:03:37","guid":{"rendered":"http:\/\/www.marianagurza.ro\/blog\/?p=7214"},"modified":"2012-08-24T12:30:06","modified_gmt":"2012-08-24T12:30:06","slug":"lacrima-de-gheata-cu-suflet-de-inger-angelia-pupazan-2","status":"publish","type":"post","link":"https:\/\/www.marianagurza.ro\/blog\/2012\/08\/16\/lacrima-de-gheata-cu-suflet-de-inger-angelia-pupazan-2\/","title":{"rendered":"Lacrim\u0103 de ghea\u021b\u0103 cu suflet de \u00eenger, Angelia Pup\u0103zan"},"content":{"rendered":"<p style=\"text-align: center;\"><a href=\"http:\/\/www.marianagurza.ro\/blog\/wp-content\/uploads\/2012\/08\/Angelia-Pupazan.jpg\"><img loading=\"lazy\" decoding=\"async\" title=\"Angelia Pupazan\" src=\"http:\/\/www.marianagurza.ro\/blog\/wp-content\/uploads\/2012\/08\/Angelia-Pupazan-272x300.jpg\" alt=\"\" width=\"362\" height=\"400\" \/><\/a><\/p>\n<p style=\"text-align: left;\"><strong><em>\u00a0\u00a0\u00a0\u00a0\u00a0\u00a0\u00a0\u00a0\u00a0\u00a0\u00a0\u00a0\u00a0\u00a0 Motto:<\/em><\/strong><\/p>\n<p style=\"text-align: left;\"><strong><em>\u00a0 \u00a0 \u00a0 \u00a0 \u00a0 \u00a0 \u00a0 \u00a0 \u00a0 \u00a0 \u201cDespre via\u021b\u0103 nu se poate scrie<\/em><\/strong><\/p>\n<p style=\"text-align: left;\"><strong><em>\u00a0\u00a0\u00a0\u00a0\u00a0\u00a0\u00a0\u00a0\u00a0\u00a0\u00a0\u00a0\u00a0\u00a0\u00a0\u00a0\u00a0\u00a0\u00a0\u00a0\u00a0\u00a0\u00a0\u00a0 dec<strong><strong>\u00e2<\/strong><\/strong>t cu un toc \u00eenmuiat \u00een lacrimi\u201d.\u00a0 Emil Cioran<\/em><\/strong><\/p>\n<p style=\"text-align: justify;\"><strong><em>\u00a0<\/em><\/strong><\/p>\n<p style=\"text-align: justify;\"><strong>\u00cen data de 10 august 2012, la doar 49 de ani Angelia Pup\u0103zan a plecat la Domnul. Voia Celui de Sus mai presus de voia noastr\u0103, via\u021ba fiind o c\u0103l\u0103torie spre ve\u015fnicie.<em> <\/em><\/strong><\/p>\n<p style=\"text-align: justify;\"><strong>Numele Angelia este un diminutiv latinesc al numelui Angela, femininul latinescului Angelus (\u00eenger), derivat de la grecescul angelos (mesager).<\/strong><\/p>\n<p style=\"text-align: justify;\"><strong>\u00centr-adevar, Angelia avea ceva angelic. Vesel\u0103, iubitoare devotat\u0103. Un model de virtute ca mam\u0103 so\u021bie, prieten\u0103, coleg\u0103. Un \u201cmesager\u201d pentru to\u021bi care au cunoscut-o.<\/strong><\/p>\n<p style=\"text-align: justify;\"><strong>Radia din toat\u0103 fiin\u021ba sa. Nu ne l\u0103sa s\u0103-i vedem durerea, mereu ascuns\u0103 dup\u0103 un z<strong>\u00e2<\/strong>mbet. Absolvent\u0103 a Facult\u0103tii de Psihologie Timi\u0219oara, lucrase \u00een Armata Rom<strong>\u00e2<\/strong>na, apoi a devenit un model de func\u021bionar public al A.J.O.F.M. Timi\u0219. Preocupat\u0103 mereu de problemele celorlal\u021bi, se apleca cu naturale\u021be asupra omului de r<strong>\u00e2<\/strong>nd. Adusese un suflu nou institu\u021biei prin disciplin\u0103 \u0219i corectitudine.<\/strong><\/p>\n<p style=\"text-align: justify;\"><strong>O femeie frumoas\u0103, elegant\u0103, plin\u0103 de farmec. O adolescent\u0103 dac\u0103 nu o cuno\u0219teai suficient. \u0218i-a venerat familia, pe so\u021bul Vasile, pe cei doi copii Nicu\u0219or \u0219i Suzana. Plecase \u00een lumea ve\u0219niciei dup\u0103 ce \u00ee\u0219i v\u0103zuse fata cu studiile terminate.<\/strong><\/p>\n<p style=\"text-align: justify;\"><strong>Pentru ea ultima parte a vie\u021bii a fost o lupt\u0103 cu boala, cu neputin\u021ba dar mereu a avut n\u0103dejde \u00een puterea divina. A fost o lupt\u0103toare ! Un model de credin\u021b\u0103 \u0219i virtute.<br \/>\n<\/strong><\/p>\n<p style=\"text-align: justify;\"><strong>Acum c<strong>\u00e2<\/strong>\u021biva ani suferise o interven\u021bie chirugical\u0103. \u00cen\u021belegeam situa\u021bia, eu \u00eens\u0103mi trec<strong>\u00e2<\/strong>nd prin momente dificile. Purtat\u0103 de dorin\u021ba de a-i fi aproape am \u00eencercat s\u0103 o v\u0103d la spital. Nu a dorit s\u0103 fie v\u0103zut\u0103 \u00een suferin\u021b\u0103\u2026Buchetul de trandafiri \u00eel l\u0103sasem medicului de gard\u0103. Desi, ascuns\u0103 am surprin-o ghemuit\u0103 pe un pat de spital\u2026Pentru mine a fost suficient\u2026<\/strong><\/p>\n<p style=\"text-align: justify;\"><strong>C<strong>\u00e2<\/strong>nd revenise printre noi, \u00eemi ar\u0103tase petalele trandafirilor p\u0103strate cu sfin\u021benie \u00eentr-un \u0219erve\u021bel\u2026<\/strong><\/p>\n<p style=\"text-align: justify;\"><strong>\u00cen volumul de versuri \u201c<em>Ultimul strig\u0103t<\/em>\u201d \u00eei dedicasen un poem, dorind prin acest gest s\u0103 o fac mai puternic\u0103, s\u0103 dep\u0103\u0219easc\u0103 momentele grele,\u00a0 ar\u0103t<em>\u00e2<\/em>ndu-i pre\u021buirea mea.<\/strong><\/p>\n<p style=\"text-align: center;\"><strong>*<\/strong><\/p>\n<p align=\"center\"><strong>M\u0102 UIT SPRE CER<\/strong><\/p>\n<p align=\"center\"><strong><em>\u00a0\u00a0\u00a0\u00a0\u00a0\u00a0\u00a0\u00a0\u00a0\u00a0\u00a0\u00a0\u00a0\u00a0\u00a0\u00a0\u00a0\u00a0\u00a0\u00a0\u00a0\u00a0\u00a0\u00a0\u00a0\u00a0\u00a0\u00a0\u00a0\u00a0\u00a0\u00a0\u00a0\u00a0\u00a0\u00a0\u00a0\u00a0\u00a0\u00a0\u00a0\u00a0\u00a0\u00a0\u00a0\u00a0\u00a0\u00a0\u00a0\u00a0\u00a0\u00a0\u00a0\u00a0\u00a0\u00a0\u00a0\u00a0\u00a0\u00a0\u00a0 Doamnei Angeliei Pup\u0103zan<\/em><\/strong><\/p>\n<p align=\"center\"><strong><em>N\u0103sc\u00e2ndu-m\u0103 din nou,<\/em><\/strong><\/p>\n<p align=\"center\"><strong><em>Iat\u0103-m\u0103!<\/em><\/strong><\/p>\n<p align=\"center\"><strong><em>Am trecut prin furcile unui vis ur\u00e2t.<\/em><\/strong><\/p>\n<p align=\"center\"><strong><em>Ne\u015ftiut\u0103 de nimeni,<\/em><\/strong><\/p>\n<p align=\"center\"><strong><em>m-am \u00eempresurat \u00een suferin\u0163a-mi mut\u0103,<\/em><\/strong><\/p>\n<p align=\"center\"><strong><em>Dar acum, Doamne, m\u0103 desf\u0103t<\/em><\/strong><\/p>\n<p align=\"center\"><strong><em>cu darul t\u0103u de via\u0163\u0103 nou\u0103,<\/em><\/strong><\/p>\n<p align=\"center\"><strong><em>s\u0103 pot r\u00e2de, s\u0103 pot pl\u00e2nge,<\/em><\/strong><\/p>\n<p align=\"center\"><strong><em>s\u0103 pot lupta, s\u0103 tr\u0103iesc,<\/em><\/strong><\/p>\n<p align=\"center\"><strong><em>precum \u00een neclintirea lor st\u00e2ncile&#8230;<\/em><\/strong><\/p>\n<p align=\"center\">\u00a0\u00a0\u00a0\u00a0\u00a0\u00a0\u00a0\u00a0\u00a0\u00a0\u00a0\u00a0\u00a0\u00a0\u00a0\u00a0\u00a0\u00a0\u00a0\u00a0\u00a0\u00a0\u00a0\u00a0\u00a0\u00a0\u00a0\u00a0\u00a0\u00a0\u00a0\u00a0\u00a0\u00a0\u00a0\u00a0\u00a0<strong><em> (18 martie 2006)<\/em><\/strong><\/p>\n<p align=\"center\"><em>(Ultimul strig\u0103t \u2013 poeme, Ed. Eubeea, Timi\u015foara, 2006, pag. 8 )<br \/>\n<\/em><\/p>\n<p>&nbsp;<\/p>\n<p style=\"text-align: justify;\"><strong>Da, a\u0219a a fost Angelia Pup\u0103zan, neclintit\u0103, demn\u0103 \u0219i iubitoare. Lumina casei, \u00eengerul bun ce aducea veselie \u00een juru-i. Credin\u021ba ei, a so\u021bului i-a m<strong>\u00e2<\/strong>ngaiat suferin\u021ba. Dumnezeu a \u00eent\u0103rit-o de fiecare dat\u0103&#8230;\u0218i-a purtat povara durerii cu demnitate, mul\u021bumind Domnului pentru fiecare clip\u0103. \u0218tia s\u0103 pre\u021buiasc\u0103 clipa&#8230;&#8221;<em>\u0218tia c\u0103 ve\u0219nicia st\u0103 ascuns\u0103 \u00eentr-o clip\u0103&#8217;<\/em>.<br \/>\n<\/strong><\/p>\n<p style=\"text-align: justify;\"><strong>Pentru ea eram mereu \u201c<em>madame Gurza<\/em>\u201d, niciodat\u0103 nu a dorit s\u0103-mi spun\u0103 simplu Mariana. Era o oarecare diferen\u021b\u0103 de v<strong>\u00e2<\/strong>rst\u0103, dar \u00eentre mine \u0219i \u201cAngelu\u0219\u201d cum \u00eei spuneam eu, exista o rela\u021bie special\u0103 bazat\u0103 pe respect \u0219i dragoste.<\/strong><\/p>\n<p style=\"text-align: justify;\"><strong>De\u0219i \u00een ultima perioada drumurile noastre au fost diferite, eram interesat\u0103 de Angelu\u0219.<\/strong><\/p>\n<p style=\"text-align: justify;\"><strong>Primirea vestii m-a bulversat. Pierdusem un prieten drag. Cu ochii min\u021bii mi-am amintit toate momentele petrecute \u00een preajma ei. Acolo, la capel\u0103 ceva s-a fr<strong>\u00e2<\/strong>nt \u00een mine. \u00cemi f\u0103cusem repro\u0219uri c\u0103 nu i-am stat aproape, \u0219tiind totu\u0219i c\u0103 nu \u0219i-ar fi dorit. Familia ei avea prioritate; alaturi de Vasile, Nicusor, Suzana, era fericit\u0103.<\/strong><\/p>\n<p style=\"text-align: justify;\"><strong>R\u0103v\u0103\u0219it\u0103 am \u00eencercat s\u0103 caut r\u0103spunsuri. S\u0103 m\u0103 \u00eentreb pentru a nu \u0219tiu c<strong>\u00e2<\/strong>ta oar\u0103 : Ce este VIA\u021aA?<\/strong><\/p>\n<p style=\"text-align: justify;\"><strong>De ce pleac\u0103 oamenii buni?<\/strong><\/p>\n<p style=\"text-align: justify;\"><strong>Nu am putut s\u0103 o conduc pe ultimul drum a\u0219a cum mi-a\u0219 fi dorit. Cu lum<strong>\u00e2<\/strong>narea aprins\u0103 , refugiindu-m\u0103 , am \u00eencercat s\u0103-i fiu aproape prin bl<strong>\u00e2<\/strong>nda rug\u0103ciune.<br \/>\n<\/strong><\/p>\n<p style=\"text-align: justify;\"><strong>Iart\u0103-m\u0103 Angelu\u0219!<\/strong><\/p>\n<p style=\"text-align: justify;\"><strong>Avem de \u00eenv\u0103\u021bat \u00een fiecare zi.<\/strong> <strong>Cre\u0219tini ortodoc\u0219i<\/strong>, <strong> \u201e<em>pelerini \u00een drumul c\u0103tre cer<\/em>\u201d. Tu ai fost una dintre persoanele de la care avem ce \u00eenv\u0103\u021ba&#8230;D<strong><em><\/em><\/strong><\/strong><strong><strong>\u00e2rzenia \u0219i modul t\u0103u de a ne ar\u0103ta cum putem <\/strong>s\u0103 fim mai aproape de<\/strong> m<strong><strong>\u00e2ntuire.<\/strong><\/strong> <strong>Nu prin vorbe, ci prin d\u0103ruire total\u0103 cu dragoste pentru Hristos.<\/strong><\/p>\n<p style=\"text-align: justify;\"><strong><em>\u00a0\u201eDumnezeu a\u015fa de mult a iubit lumea \u00eenc\u00e2t pe Fiul S\u0103u Cel Unul N\u0103scut L-a dat, ca oricine crede \u00een El s\u0103 nu piar\u0103, ci s\u0103 aib\u0103 via\u0163\u0103 ve\u015fnic\u0103 (Ioan 3;16) <\/em><\/strong><\/p>\n<p style=\"text-align: justify;\"><strong>Iat\u0103 ce ne spune Sf\u00e2nta Scriptur\u0103: \u201e<em>C\u0103 nu avem aici cetate st\u0103t\u0103toare, ci o c\u0103utam pe aceea ce va s\u0103 fie<\/em>\u201d (Evrei 13;14). A\u015fadar, casa \u00een care locuim nu este casa noastr\u0103 pe vecie, ci este vremelnic\u0103. Din ea s-a mutat Angelia, asa cum i-a fost randuit. \u201e<em>Cuget\u0103 c\u0103 e\u015fti calator \u00een lumea acesta; nu te I\u0103sa am\u0103git de ceea ce vezi, ci prive\u015fte \u015fi mergi mai departe \u015fi caut\u0103 de-\u0163i agonise\u015fte locuin\u0163\u0103 acolo unde vei r\u0103m\u00e2ne pentru totdeauna &#8211; \u00een ve\u015fnicie\u201d<\/em>. (Fericitul Augustin)<\/strong><\/p>\n<p style=\"text-align: justify;\"><strong>Cuvintele M\u00e2ntuitorului din convorbirea cu femeia samarineanc\u0103 exprim\u0103 clar acest lucru: \u201e<em>Cel ce va bea din apa pe care i-o voi da Eu&#8230; se face \u00een el izvor de ap\u0103 curg\u0103toare spre via\u0163\u0103 ve\u015fnic\u0103<\/em>\u201d (Ioan 4;14). A\u015fadar ve\u015fnicia (eternitatea) este timpul nelimitat, f\u0103r\u0103 \u00eenceput \u015fi f\u0103r\u0103 de sf\u00e2r\u015fit. Dumnezeu este infinit, ve\u015fnic \u015fi necreat. Dumnezeu este ve\u015fnic, ve\u015fnicia este atributul dumnezeirii. Iat\u0103 un cuv\u00e2nt la care foarte pu\u0163ini oameni se g\u00e2ndesc: VE\u015eNICIE, dar, ve\u015fnicia este un fapt cu care mai <em>cur\u00e2nd sau mai t\u00e2rziu, fiecare ne vom \u00eent\u00e2lni.<\/em><\/strong><\/p>\n<p style=\"text-align: justify;\"><strong>Cu siguranta ne vom \u00eent<strong>\u00e2<\/strong>lni, Angelia !<\/strong><\/p>\n<p style=\"text-align: justify;\"><strong>Vremea vie\u0163ii noastre pe acest p\u0103m\u00e2nt este foarte scurt\u0103; fiecare zi, fiecare asfin\u0163it de soare ne scurteaz\u0103 sorocul vie\u0163ii noastre. \u015ei astfel, iute, pe t\u0103cute, dar hot\u0103r\u00e2t, mergem to\u0163i spre VE\u015eNICIE. Noi, oamenii, suntem \u201e<em>pelerini \u00een drumul c\u0103tre cer<\/em>\u201d. Azi, picioarele noastre stau pe \u201e<em>nisipul vremii<\/em>\u201d celei \u015fubrede, m\u00e2ine, urmele picioarelor noastre vor r\u0103m\u00e2ne, dar noi vom fi du\u015fi \u00een VE\u015eNICIE. Azi, m\u00e2inile noastre lucreaz\u0103 de zor, ochii privesc, mintea g\u00e2nde\u015fte, face planuri pentru viitor.<\/strong><\/p>\n<p style=\"text-align: justify;\"><strong>Tr\u0103im oare via\u0163a noastr\u0103 \u00een ascultarea poruncilor dumnezeie\u015fti \u015fi suntem hr\u0103ni\u0163i oare cu acel cuv\u00e2nt sf\u00e2nt din Evanghelia M\u00e2ntuitorului, \u00eenc\u00e2t s\u0103 putem spune \u00een orice clip\u0103 \u201e<em>Sunt gata!<\/em>\u201d?<\/strong><\/p>\n<p style=\"text-align: justify;\"><strong>Tu ai fost pregatit\u0103 Angelia!<\/strong><\/p>\n<p style=\"text-align: justify;\"><strong>\u00a0Ast\u0103zi, este vremea s\u0103 ne alegem locul unde vom petrece Ve\u015fnicia: \u00een locul de odihn\u0103 \u015fi fericire (\u00een rai), sau \u00een locul de suferin\u0163\u0103 \u015fi t\u00e2nguire amarnic\u0103 (\u00een iad). S\u0103 avem grij\u0103, c\u0103ci via\u0163a omului pe p\u0103m\u00e2nt oric\u00e2t de lung\u0103 ar fi ea, fa\u0163\u0103 de ve\u015fnicie, nu este dec\u00e2t o clip\u0103.<\/strong><\/p>\n<p style=\"text-align: justify;\"><strong>\u015etiind c\u0103: \u201e<em>Pe p\u0103m\u00e2nt suntem str\u0103ini \u015fi c\u0103l\u0103tori<\/em>\u201d (Evrei 11;13), suntem oaspe\u0163i iar p\u0103m\u00e2ntul ne este gazd\u0103, via\u0163a noastr\u0103 este de o foarte mare importan\u0163\u0103, fiindc\u0103 este vreme de preg\u0103tire pentru ve\u015fnicia de care ne apropiem. Ea va hot\u0103r\u00ee UNDE \u015eI CUM NE VOM PETRECE VE\u015eNICIA.<\/strong><\/p>\n<p style=\"text-align: justify;\"><strong>Iat\u0103 de ce, pe drept cuv\u00e2nt, Sf\u00e2ntul Ambrozie ne zice, c\u0103 noi nu putem spune c\u0103 bunurile p\u0103m\u00e2nte\u015fti sunt ale noastre, pentru c\u0103 nu le putem lua cu noi. Dincolo, \u00een cealalt\u0103 lume putem duce cu noi doar virtu\u0163ile. Chiar Domnul Iisus Hristos ne pune \u00eentrebarea cea mare: \u201e<em>Ce-i va folosi omului, dac\u0103 va c\u00e2\u015ftiga lumea \u00eentreag\u0103 iar sufletul s\u0103u \u00eel va pierde<\/em>\u201d (Matei 16;26).\u00a0<\/strong><\/p>\n<p style=\"text-align: justify;\"><strong>A\u015fa zice profetul: \u201e<em>\u015ei va merge omul la loca\u015ful s\u0103u de veci<\/em>\u201d (Eccleziast 12;5), spre a ar\u0103ta, c\u0103 fiecare merge \u00een casa \u00een care vrea s\u0103 mearg\u0103; el nu va fi dus, ci va merge acolo dup\u0103 voia sa liber\u0103. Este \u015ftiut c\u0103 Dumnezeu voie\u015fte ca noi oamenii, s\u0103 ne m\u00e2ntuim, to\u0163i s\u0103 fim ferici\u0163i, dar El nu vrea s\u0103 ne sileasc\u0103, nici chiar la fericire.<\/strong><\/p>\n<p style=\"text-align: justify;\"><strong>\u00cenaintea omului este via\u021ba \u015fi moartea.<\/strong><\/p>\n<p style=\"text-align: justify;\"><strong>Sfin\u0163ii P\u0103rin\u0163ii spun c\u0103 pomenirea celor plecati este o anume stare a duhului nostru, cu totul deosebit\u0103 de obi\u015fnuitul fapt de a \u015fti c\u0103 \u00eentr-o zi vom muri. Minunata pomenire despre care este vorba, scoate duhul nostru din gravita\u0163ia p\u0103m\u00e2ntului. Fiind o putere ce se pogoar\u0103 de sus, ea ne ridic\u0103 mai presus de patimile p\u0103m\u00e2nte\u015fti, ne sloboze\u015fte de st\u0103p\u00e2nirea \u015fi leg\u0103tura pe care poftele o au asupra noastr\u0103.<\/strong><\/p>\n<p style=\"text-align: justify;\"><strong>\u201e<em>Filosofia cea adev\u0103rat\u0103 este aducerea aminte de moarte\u201d<\/em>. (Sf\u00e2ntul Vasile cel Mare)<\/strong><\/p>\n<p style=\"text-align: justify;\"><strong>S\u0103 pre\u0163uim a\u015fa cum se cuvine cele dou\u0103 daruri de la Dumnezeu: TIMPUL \u015fi VIA\u0162A. Ele au o valoare cov\u00e2r\u015fitoare pentru noi. Seneca spunea c\u0103 \u201e<em>Timpul nu se poate pre\u0163ui<\/em>\u201d. Cei care au cunoscut cel mai bine valoarea timpului, au fost sfin\u0163ii. Ei spuneau c\u0103 \u201e<em>Timpul este o comoar\u0103 a vie\u0163ii p\u0103m\u00e2nte\u015fti de care depinde ve\u015fnicia omului<\/em>\u2026\u201d.<\/strong><\/p>\n<p style=\"text-align: justify;\"><strong>Fiec\u0103ruia dintre noi i s-a dat un oarecare \u201etimp al s\u0103u\u201d- scurt dar suficient &#8211; pentru c\u00e2\u015ftigarea m\u00e2ntuirii \u015fi \u00cemp\u0103r\u0103\u0163iei lui Dumnezeu.<\/strong><\/p>\n<p style=\"text-align: justify;\"><strong>Timpul tau a venit Angelia Pupazan ! Te vom p\u0103stra mereu \u00een ruga noastr\u0103 !<\/strong><\/p>\n<p>&nbsp;<\/p>\n<p><strong>\u00a0\u00a0\u00a0\u00a0\u00a0\u00a0\u00a0\u00a0\u00a0\u00a0\u00a0\u00a0\u00a0\u00a0\u00a0\u00a0\u00a0\u00a0\u00a0\u00a0\u00a0\u00a0\u00a0\u00a0\u00a0\u00a0\u00a0\u00a0\u00a0\u00a0 O, OM!<\/strong><\/p>\n<p>&nbsp;<\/p>\n<p><em>\u00a0\u00a0\u00a0\u00a0\u00a0\u00a0\u00a0\u00a0\u00a0 \u00a0\u00a0\u00a0\u00a0\u00a0\u00a0\u00a0\u00a0\u00a0\u00a0\u00a0\u00a0\u00a0\u00a0\u00a0\u00a0\u00a0\u00a0\u00a0\u00a0\u00a0\u00a0\u00a0\u00a0\u00a0\u00a0\u00a0\u00a0\u00a0\u00a0\u00a0\u00a0\u00a0\u00a0\u00a0\u00a0\u00a0\u00a0\u00a0\u00a0\u00a0\u00a0\u00a0\u00a0\u00a0\u00a0\u00a0\u00a0\u00a0\u00a0\u00a0\u00a0 De Sf. Ioan Iacob Hozevitul<\/em><\/p>\n<p>&nbsp;<\/p>\n<p><strong>O, om! ce mari r\u0103spunderi ai, de tot ce faci pe lume,<\/strong><\/p>\n<p><strong>de tot ce spui \u00een scris sau grai, de pilda ce la al\u0163ii dai,<\/strong><\/p>\n<p><strong>c\u0103ci ea, mereu, spre iad sau rai<\/strong><\/p>\n<p><strong>pe mul\u0163i o s\u0103-i \u00eendrume.<\/strong><\/p>\n<p>&nbsp;<\/p>\n<p><strong>Ai spus un c\u00e2ntec, viersul t\u0103u, r\u0103m\u00e2ne dup\u0103 tine,<\/strong><\/p>\n<p><strong>\u00eendemn spre bine sau spre r\u0103u, spre cur\u0103\u0163ire sau desfr\u00e2u,<\/strong><\/p>\n<p><strong>l\u0103s\u00e2nd \u00een inimi rodul s\u0103u,<\/strong><\/p>\n<p><strong>de har sau de ru\u015fine.<\/strong><\/p>\n<p>&nbsp;<\/p>\n<p><strong>Ce grij\u0103 trebuie s\u0103 pui, \u00een via\u0163a ta, \u00een toat\u0103,<\/strong><\/p>\n<p><strong>c\u0103ci g\u00e2ndul care-l scrii sau spui, s-a dus&#8230;<\/strong><\/p>\n<p><strong>\u00een veci nu-l mai aduni, \u015fi vei culege roada lui,<\/strong><\/p>\n<p><strong>ori viu, ori mort, odat\u0103.<\/strong><\/p>\n<p>&nbsp;<\/p>\n<p><strong>Ar\u0103\u0163i o cale, calea ta,\u00een urma ta nu piere,<\/strong><\/p>\n<p><strong>e calea bun\u0103 sau e rea, va pr\u0103bu\u015fi sau va-n\u0103l\u0163a,<\/strong><\/p>\n<p><strong>vor merge suflete pe ea,<\/strong><\/p>\n<p><strong>spre cer sau spre durere.<\/strong><\/p>\n<p>&nbsp;<\/p>\n<p><strong>Ai spus o vorb\u0103, vorba ta, merg\u00e2nd din gur\u0103-n gur\u0103,<\/strong><\/p>\n<p><strong>va-nveseli sau va-ntrista, va cur\u0103\u0163i sau va-ntina,<\/strong><\/p>\n<p><strong>rodind s\u0103m\u00e2n\u0163a pus\u0103-n ea,<\/strong><\/p>\n<p><strong>de dragoste sau ur\u0103.<\/strong><\/p>\n<p>&nbsp;<\/p>\n<p><strong>Tr\u0103ie\u015fti o via\u0163\u0103&#8230; via\u0163a ta, e una, numai una,<\/strong><\/p>\n<p><strong>oricum ar fi tu nu uita, cum \u0163i-o tr\u0103ie\u015fti vei c\u00e2\u015ftiga,<\/strong><\/p>\n<p><strong>ori fericire pe vecie,<\/strong><\/p>\n<p><strong>ori chin pe totdeauna.<\/strong><\/p>\n<p>&nbsp;<\/p>\n<p><strong>Scrii un cuv\u00e2nt&#8230; cuv\u00e2ntul scris e-un leac sau e otrav\u0103,<\/strong><\/p>\n<p><strong>tu vei muri dar tot ce-ai scris, r\u0103m\u00e2ne-n urm\u0103 drum deschis,<\/strong><\/p>\n<p><strong>spre moarte sau spre paradis,<\/strong><\/p>\n<p><strong>spre-ocar\u0103 sau spre slav\u0103.<\/strong><\/p>\n<p>&nbsp;<\/p>\n<p><strong>O om! Ce mari r\u0103spunderi ai, tu vei pleca din lume,<\/strong><\/p>\n<p><strong>dar ce ai spus prin scris sau grai, sau la\u015fi prin pilda care-o dai,<\/strong><\/p>\n<p><strong>pe mul\u0163i; pe mul\u0163i spre iad sau rai,<\/strong><\/p>\n<p><strong>mereu o s\u0103-i \u00eendrume.<\/strong><\/p>\n<p>&nbsp;<\/p>\n<p><strong>Deci nu uita&#8230;! Fii ortodox, cu grij\u0103 fii, cu team\u0103,<\/strong><\/p>\n<p><strong>s\u0103 la\u015fi \u00een urm\u0103 un folos,<\/strong><\/p>\n<p><strong>un semn, un g\u00e2nd, un drum frumos,<\/strong><\/p>\n<p><strong>c\u0103ci pentru toate, ne\u00eendoios, la urm\u0103 vei da seam\u0103.<\/strong><\/p>\n<p>&nbsp;<\/p>\n<p>&nbsp;<\/p>\n<p style=\"text-align: justify;\"><strong>Prietenia noastr\u0103 adunat\u0103 \u00eentr-un poem va d\u0103inui. Faptele tale ziditoare, iubirea rev\u0103rsat\u0103, \u00ee\u021bi vor lumina drumul \u00een Ve\u0219nicie. Ai l\u0103sat &#8220;<em>\u00een urma ta un folos, <\/em><strong><em>un semn, un g\u00e2nd, un drum frumos&#8221;<\/em>. <\/strong><br \/>\n<\/strong><\/p>\n<p style=\"text-align: justify;\"><strong>Dumnezeu\u00a0 s\u0103 te odihneasc\u0103 \u00een pace,\u00a0suflet de \u00eenger, Angelia Pup\u0103zan !<\/strong><\/p>\n<p>&nbsp;<\/p>\n<p><em>Mariana Gurza<\/em><\/p>\n<p><em>16.08.2012<\/em><\/p>\n","protected":false},"excerpt":{"rendered":"<p>\u00a0\u00a0\u00a0\u00a0\u00a0\u00a0\u00a0\u00a0\u00a0\u00a0\u00a0\u00a0\u00a0\u00a0 Motto: \u00a0 \u00a0 \u00a0 \u00a0 \u00a0 \u00a0 \u00a0 \u00a0 \u00a0 \u00a0 \u201cDespre via\u021b\u0103 nu se poate scrie \u00a0\u00a0\u00a0\u00a0\u00a0\u00a0\u00a0\u00a0\u00a0\u00a0\u00a0\u00a0\u00a0\u00a0\u00a0\u00a0\u00a0\u00a0\u00a0\u00a0\u00a0\u00a0\u00a0\u00a0 dec\u00e2t [&#038;hellip<\/p>\n","protected":false},"author":1,"featured_media":0,"comment_status":"closed","ping_status":"closed","sticky":false,"template":"","format":"standard","meta":{"footnotes":""},"categories":[3],"tags":[],"class_list":["post-7214","post","type-post","status-publish","format-standard","hentry","category-articole"],"_links":{"self":[{"href":"https:\/\/www.marianagurza.ro\/blog\/wp-json\/wp\/v2\/posts\/7214","targetHints":{"allow":["GET"]}}],"collection":[{"href":"https:\/\/www.marianagurza.ro\/blog\/wp-json\/wp\/v2\/posts"}],"about":[{"href":"https:\/\/www.marianagurza.ro\/blog\/wp-json\/wp\/v2\/types\/post"}],"author":[{"embeddable":true,"href":"https:\/\/www.marianagurza.ro\/blog\/wp-json\/wp\/v2\/users\/1"}],"replies":[{"embeddable":true,"href":"https:\/\/www.marianagurza.ro\/blog\/wp-json\/wp\/v2\/comments?post=7214"}],"version-history":[{"count":0,"href":"https:\/\/www.marianagurza.ro\/blog\/wp-json\/wp\/v2\/posts\/7214\/revisions"}],"wp:attachment":[{"href":"https:\/\/www.marianagurza.ro\/blog\/wp-json\/wp\/v2\/media?parent=7214"}],"wp:term":[{"taxonomy":"category","embeddable":true,"href":"https:\/\/www.marianagurza.ro\/blog\/wp-json\/wp\/v2\/categories?post=7214"},{"taxonomy":"post_tag","embeddable":true,"href":"https:\/\/www.marianagurza.ro\/blog\/wp-json\/wp\/v2\/tags?post=7214"}],"curies":[{"name":"wp","href":"https:\/\/api.w.org\/{rel}","templated":true}]}}