{"id":7232,"date":"2012-08-19T17:36:42","date_gmt":"2012-08-19T17:36:42","guid":{"rendered":"http:\/\/www.marianagurza.ro\/blog\/?p=7232"},"modified":"2012-08-19T17:36:42","modified_gmt":"2012-08-19T17:36:42","slug":"octavian-curpas-lacrimile-luminitei-amarie","status":"publish","type":"post","link":"https:\/\/www.marianagurza.ro\/blog\/2012\/08\/19\/octavian-curpas-lacrimile-luminitei-amarie\/","title":{"rendered":"Octavian CURPA\u015e : LACRIMILE LUMINI\u0162EI AMARIE"},"content":{"rendered":"<p><strong><a href=\"http:\/\/www.marianagurza.ro\/blog\/wp-content\/uploads\/2012\/08\/AMARIE-Luminita-ok.jpg\"><img loading=\"lazy\" decoding=\"async\" class=\"size-medium wp-image-7233 alignleft\" title=\"AMARIE Luminita ok\" src=\"http:\/\/www.marianagurza.ro\/blog\/wp-content\/uploads\/2012\/08\/AMARIE-Luminita-ok-225x300.jpg\" alt=\"\" width=\"225\" height=\"300\" srcset=\"https:\/\/www.marianagurza.ro\/blog\/wp-content\/uploads\/2012\/08\/AMARIE-Luminita-ok-225x300.jpg 225w, https:\/\/www.marianagurza.ro\/blog\/wp-content\/uploads\/2012\/08\/AMARIE-Luminita-ok.jpg 600w\" sizes=\"auto, (max-width: 225px) 100vw, 225px\" \/><\/a>Motto<\/strong><\/p>\n<p><em>\u201eLacrimile sunt roua de pe fruntea<\/em><\/p>\n<p><em>\u00eengerilor care p\u0103c\u0103tuiesc \u00een cer&#8230;\u201d<\/em><\/p>\n<p><strong>(Lumini\u0163a Amarie)\u2003<\/strong><\/p>\n<p>&nbsp;<\/p>\n<p style=\"text-align: justify;\">Lumini\u0163a Amarie este o poet\u0103 care \u00eencearc\u0103 cu talent \u015fi demnitate s\u0103 se fac\u0103\u00a0 cunoscut\u0103 \u00een lumea literar\u0103 contemporan\u0103. S-a n\u0103scut \u00een data de 20 ianuarie 1987 \u00een ora\u015ful Dorohoi, Jude\u0163ul Boto\u015fani. La o v\u00e2rsta fraged\u0103 a p\u0103r\u0103sit \u0163ara, stabilindu-se pentru un an \u00een Italia, apoi \u00een Fran\u0163a, unde frecventeaz\u0103 o serie de cursuri \u015fi specializ\u0103ri, printre care liceul \u015fi studii preuniversitare. \u00cenc\u0103 din \u015fcoal\u0103 a fost remarcat\u0103 pentru talentul s\u0103u poetic, literar \u015fi artistic. C\u0103l\u0103tore\u015fte \u00een Europa, Africa, America de Sud \u015fi Orient. \u00cen prezent locuie\u015fte \u00een Marea Britanie, la \u00a0Londra, dar se re\u00eentoarce foarte des la Parisul copil\u0103riei \u015fi din ce \u00een ce mai mult \u00een Rom\u00e2nia, unde p\u0103m\u00e2ntul o cheam\u0103 \u015fi-i d\u0103 puterea de a scrie.<\/p>\n<p style=\"text-align: justify;\">\n<p style=\"text-align: justify;\">Lumini\u0163a Amarie iube\u015fte copiii, muzica, teatrul \u015fi natura. Prima sa carte urmeaz\u0103 s\u0103 fie publicat\u0103 \u00een cur\u00e2nd la Editura \u201eMihai Eminescu\u201d din Bucure\u015fti. Cu acest volum \u201eLacrimile, din\u0163ii albi ai durerii\u201d, Autoarea este convins\u0103 c\u0103 un scriitor care dore\u015fte s\u0103 fie recunoscut ca poet, trebuie s\u0103-\u015fi demonstreze \u00een primul r\u00e2nd voca\u0163ia \u00een acest domeniu, perfec\u0163ion\u00e2ndu-\u015fi mereu stilul \u015fi construc\u0163ia versului.<\/p>\n<p style=\"text-align: center;\">\u00a0<a href=\"http:\/\/www.marianagurza.ro\/blog\/wp-content\/uploads\/2012\/08\/photo-5.jpg\"><img loading=\"lazy\" decoding=\"async\" title=\"photo 5\" src=\"http:\/\/www.marianagurza.ro\/blog\/wp-content\/uploads\/2012\/08\/photo-5-157x300.jpg\" alt=\"\" width=\"209\" height=\"400\" \/><\/a><\/p>\n<p style=\"text-align: justify;\">Cartea \u00eencepe precum un text din lirica norvegian\u0103 (\u201e\u00cenva\u0163\u0103 de la toate\u201d): <em>\u201eDin r\u0103d\u0103cini ad\u00e2nci, p\u0103m\u00e2nt cu jar \u015fi iz\/ Iube\u015fte-m\u0103 \u00een mai c\u00e2t po\u0163i tu s\u0103 cuprinzi.\/ Ad\u00e2ncul meu e\u015fti tu, e\u015fti floarea mea de col\u0163,\/ Iube\u015fte &#8211; m\u0103 \u00een mai \u015fi du-m\u0103 c\u0103tre bol\u0163i (\u2026) Iube\u015fte-m\u0103 \u00een Mai \u00een toat\u0103 m\u0103re\u0163ia\/ Iube\u015fte-m\u0103 c\u00e2nd tac s\u0103-\u0163i fiu \u00eemp\u0103r\u0103\u0163ia\/\u00a0 Iube\u015fte-m\u0103 \u00een Mai a\u015fa cum m\u0103 dore\u015fti\/ S-apun\u0103 \u015fi apoi r\u0103sar\u0103-n noi to\u0163i mugurii dumnezeie\u015fti\/ Iube\u015fte-m\u0103 \u00een Mai, fii umbra mea, furia\/ Iube\u015fte-m\u0103 \u00een cer caci eu \u00ee\u0163i sunt simbria\/ Respira-m\u0103 si-apoi \u00eembr\u0103ca-te cu mine\/ \u00centr-o p\u0103dure cu salc\u00e2mi \u015fi flori printre ruine\/ Iube\u015fte-m\u0103 \u00een Mai, nu m\u0103 l\u0103sa pe m\u00e2ini&#8217;\/ Iube\u015fte-m\u0103 \u00een Mai \u015fi \u2013 \u00eembat\u0103-te cu mierea de salc\u00e2mi\/ Iube\u015fte-m\u0103 \u00een noapte-n calde lumini de lun\u0103\/ C\u00e2nd soarele ne-atinge \u015fi \u0163ine \u00eempreun\u0103\/ Iube\u015fte-m\u0103-n albastru \u00een mov \u015fi str\u0103veziu\/ Iube\u015fte-m\u0103 acum \u015fi iar \u00eentr-un t\u00e2rziu\/ Iube\u015fte-m\u0103 \u00een galben cum te iubesc \u015fi eu\/ Iube\u015fte-m\u0103 \u00een alb, p\u00e2n\u0103 la Dumnezeu.\u201d<\/em><\/p>\n<p style=\"text-align: center;\">\n<p style=\"text-align: justify;\">Volumul de poeme al Lumini\u0163ei Amarie trebuie imaginat ca o poveste de dragoste, o carte a tensiunilor suflete\u015fti \u00een care efortul poetei este de apreciat: \u201e<em>M-ai ajutat\u00a0 s\u0103 zbor deasupra sufletului t\u0103u\/\u00a0\u015fi \u00een culori s\u0103 m\u0103 topesc s\u0103 \u00ee\u0163i fiu curcubeu (\u2026) Mi-ai spus c\u0103 vrei s\u0103-\u0163i fiu mireas\u0103, tu mirele din vis\/ M-ai \u00eenv\u0103\u0163at s\u0103-\u0163i fiu imperiu \u015fi un ocean nescris\u2026\u201d<\/em><\/p>\n<p style=\"text-align: justify;\">\n<p style=\"text-align: justify;\">Rostirea lexemelor \u00een poezia Lumini\u0163ei Amarie cutreier\u0103 tema unui ideal, dar \u015fi pe cel al iluziei: iubirea. Scriitura prinde idealitatea de dinaintea diegezei iubirii, precum \u00een versurile: <em>\u201eMi-ai spus c\u0103 vrei s\u0103 fiu terestr\u0103 \u015fi-n nop\u0163ile t\u00e2rzii\/ Mi-ai spus c-o s\u0103 m\u0103 \u0163ii \u00een bra\u0163e \u015fi scut tu o s\u0103-mi fii\/ Mi-ai spus c\u0103 vrei s\u0103-mi fii un fir de floare sf\u00e2nt\u0103\/ S\u0103-mi fii inel de flori \u015fi mireasm\u0103 de nunt\u0103\u2026\u201d<\/em><\/p>\n<p style=\"text-align: justify;\">\n<p style=\"text-align: justify;\">Influen\u0163ele poeziei lui Ion Minulescu \u00eenfrumuse\u0163eaz\u0103 povestea de iubire \u015fi jur\u0103m\u00e2ntul, ca \u00een poezia \u201eSunt\u201d: <em>\u201e\u2026 Sunt tot ce vrei \u015fi ce a\u015f vrea sa-\u0163i fiu\/ Sunt o vioar\u0103 ce te c\u00e2nt\u0103 \u00een t\u00e2rziu\/ Sunt o f\u00e2nt\u00e2n\u0103 \u015fi tu m\u0103 bei cu dor\/ Sunt eu, sunt doar un suflet c\u0103l\u0103tor\u2026\u201d<\/em><\/p>\n<p style=\"text-align: center;\">\u00a0<a href=\"http:\/\/www.marianagurza.ro\/blog\/wp-content\/uploads\/2012\/08\/LuminitaAmarrie.jpg\"><img loading=\"lazy\" decoding=\"async\" title=\"LuminitaAmarrie\" src=\"http:\/\/www.marianagurza.ro\/blog\/wp-content\/uploads\/2012\/08\/LuminitaAmarrie.jpg\" alt=\"\" width=\"400\" height=\"300\" \/><\/a><\/p>\n<p style=\"text-align: justify;\">Povestea se resfir\u0103 cu puternice pasiuni pe care le simte poeta: <em>\u201eNe \u00eemb\u0103t\u0103m \u00een gustul de p\u0103cat\/ Lanul de maci ne este tainic pat\u2026\u201d<\/em> sau: <em>\u201eS\u0103 te s\u0103rut, s\u0103 te desc\u00e2nt cum doar buzele-mi \u015ftiu\/ S\u0103-\u0163i fac culcu\u015f \u00een lut, tu mie vizitiu\/ S\u0103 m\u0103 respiri \u00eencet, nebun ca un p\u0103g\u00e2n\/ Iar eu s\u0103 de ademenesc cu floarea de salc\u00e2m\u2026\u201d<\/em><\/p>\n<p style=\"text-align: justify;\">\n<p style=\"text-align: justify;\">Cu siguran\u0163\u0103 c\u0103, prin intermediul freneticei pasiuni pentru poezie, Lumini\u0163a Amarie se va \u00eenscrie cu aplomb pe orbita lumii literare.<\/p>\n<p style=\"text-align: justify;\">\n<p><strong>Octavian CURPA\u015e<\/strong><\/p>\n<p><strong>Phoenix, Arizona, SUA<\/strong><\/p>\n<p><strong>august 2012<\/strong><\/p>\n","protected":false},"excerpt":{"rendered":"<p>Motto \u201eLacrimile sunt roua de pe fruntea \u00eengerilor care p\u0103c\u0103tuiesc \u00een cer&#8230;\u201d (Lumini\u0163a Amarie)\u2003 &nbsp; Lumini\u0163a Amarie este o poet\u0103 [&#038;hellip<\/p>\n","protected":false},"author":1,"featured_media":0,"comment_status":"closed","ping_status":"closed","sticky":false,"template":"","format":"standard","meta":{"footnotes":""},"categories":[3],"tags":[],"class_list":["post-7232","post","type-post","status-publish","format-standard","hentry","category-articole"],"_links":{"self":[{"href":"https:\/\/www.marianagurza.ro\/blog\/wp-json\/wp\/v2\/posts\/7232","targetHints":{"allow":["GET"]}}],"collection":[{"href":"https:\/\/www.marianagurza.ro\/blog\/wp-json\/wp\/v2\/posts"}],"about":[{"href":"https:\/\/www.marianagurza.ro\/blog\/wp-json\/wp\/v2\/types\/post"}],"author":[{"embeddable":true,"href":"https:\/\/www.marianagurza.ro\/blog\/wp-json\/wp\/v2\/users\/1"}],"replies":[{"embeddable":true,"href":"https:\/\/www.marianagurza.ro\/blog\/wp-json\/wp\/v2\/comments?post=7232"}],"version-history":[{"count":0,"href":"https:\/\/www.marianagurza.ro\/blog\/wp-json\/wp\/v2\/posts\/7232\/revisions"}],"wp:attachment":[{"href":"https:\/\/www.marianagurza.ro\/blog\/wp-json\/wp\/v2\/media?parent=7232"}],"wp:term":[{"taxonomy":"category","embeddable":true,"href":"https:\/\/www.marianagurza.ro\/blog\/wp-json\/wp\/v2\/categories?post=7232"},{"taxonomy":"post_tag","embeddable":true,"href":"https:\/\/www.marianagurza.ro\/blog\/wp-json\/wp\/v2\/tags?post=7232"}],"curies":[{"name":"wp","href":"https:\/\/api.w.org\/{rel}","templated":true}]}}