{"id":8223,"date":"2012-10-29T08:14:37","date_gmt":"2012-10-29T08:14:37","guid":{"rendered":"http:\/\/www.marianagurza.ro\/blog\/?p=8223"},"modified":"2012-10-29T08:14:37","modified_gmt":"2012-10-29T08:14:37","slug":"adrian-munteanu-laureatul-premiului-international-de-literatura","status":"publish","type":"post","link":"https:\/\/www.marianagurza.ro\/blog\/2012\/10\/29\/adrian-munteanu-laureatul-premiului-international-de-literatura\/","title":{"rendered":"Adrian Munteanu, laureatul Premiului Interna\u0163ional de Literatur\u0103"},"content":{"rendered":"<p style=\"text-align: center;\"><a href=\"http:\/\/www.marianagurza.ro\/blog\/wp-content\/uploads\/2012\/10\/a.munteanu.jpg\"><img loading=\"lazy\" decoding=\"async\" class=\"size-medium wp-image-8224\" title=\"a.munteanu\" src=\"http:\/\/www.marianagurza.ro\/blog\/wp-content\/uploads\/2012\/10\/a.munteanu-220x300.jpg\" alt=\"\" width=\"220\" height=\"300\" srcset=\"https:\/\/www.marianagurza.ro\/blog\/wp-content\/uploads\/2012\/10\/a.munteanu-220x300.jpg 220w, https:\/\/www.marianagurza.ro\/blog\/wp-content\/uploads\/2012\/10\/a.munteanu.jpg 513w\" sizes=\"auto, (max-width: 220px) 100vw, 220px\" \/><\/a><\/p>\n<p style=\"text-align: justify;\">&#8220;Scriitorul rom\u00e2n, colegul nostru Adrian Munteanu, este laureatul Premiului Interna\u0163ional de Literatur\u0103 NUX, de la Salonul Interna\u0163ional al C\u0103r\u0163ii de la Milano.<\/p>\n<p style=\"text-align: justify;\">Premiul se acord\u0103 pe baza unei monitoriz\u0103ri f\u0103cute timp de mai mul\u0163i ani, poetul rom\u00e2n av\u00e2nd \u015fapte volume de sonete publicate \u00een perioada 2005-2011.<\/p>\n<p style=\"text-align: justify;\">Adrian Munteanu spune c\u0103 acest premiu este o \u00eencununare a tuturor eforturilor literare, f\u0103cute \u00een ultimii \u015fapte-opt ani.\u00a0Pentru orice poet, un premiu interna\u0163ional nu poate fi dec\u00e2t o culme, un pas suplimentar pe care l-a f\u0103cut \u00een carier\u0103.<\/p>\n<p style=\"text-align: center;\"><a href=\"http:\/\/www.marianagurza.ro\/blog\/wp-content\/uploads\/2012\/10\/premiu-adrian-munteanu.jpg\"><img loading=\"lazy\" decoding=\"async\" title=\"premiu adrian munteanu\" src=\"http:\/\/www.marianagurza.ro\/blog\/wp-content\/uploads\/2012\/10\/premiu-adrian-munteanu.jpg\" alt=\"\" width=\"400\" height=\"300\" \/><\/a><\/p>\n<p style=\"text-align: justify;\">Salonul Interna\u0163ional al C\u0103r\u0163ii de la Milano este la prima edi\u0163ie \u015fi se afl\u0103 sub \u00eenaltul patronaj al Comisiei Europene.&#8221;<\/p>\n<p>Adrian Munteanu<\/p>\n","protected":false},"excerpt":{"rendered":"<p>&#8220;Scriitorul rom\u00e2n, colegul nostru Adrian Munteanu, este laureatul Premiului Interna\u0163ional de Literatur\u0103 NUX, de la Salonul Interna\u0163ional al C\u0103r\u0163ii de [&#038;hellip<\/p>\n","protected":false},"author":1,"featured_media":0,"comment_status":"closed","ping_status":"closed","sticky":false,"template":"","format":"standard","meta":{"footnotes":""},"categories":[3,6],"tags":[],"class_list":["post-8223","post","type-post","status-publish","format-standard","hentry","category-articole","category-linkuri-externe"],"_links":{"self":[{"href":"https:\/\/www.marianagurza.ro\/blog\/wp-json\/wp\/v2\/posts\/8223","targetHints":{"allow":["GET"]}}],"collection":[{"href":"https:\/\/www.marianagurza.ro\/blog\/wp-json\/wp\/v2\/posts"}],"about":[{"href":"https:\/\/www.marianagurza.ro\/blog\/wp-json\/wp\/v2\/types\/post"}],"author":[{"embeddable":true,"href":"https:\/\/www.marianagurza.ro\/blog\/wp-json\/wp\/v2\/users\/1"}],"replies":[{"embeddable":true,"href":"https:\/\/www.marianagurza.ro\/blog\/wp-json\/wp\/v2\/comments?post=8223"}],"version-history":[{"count":0,"href":"https:\/\/www.marianagurza.ro\/blog\/wp-json\/wp\/v2\/posts\/8223\/revisions"}],"wp:attachment":[{"href":"https:\/\/www.marianagurza.ro\/blog\/wp-json\/wp\/v2\/media?parent=8223"}],"wp:term":[{"taxonomy":"category","embeddable":true,"href":"https:\/\/www.marianagurza.ro\/blog\/wp-json\/wp\/v2\/categories?post=8223"},{"taxonomy":"post_tag","embeddable":true,"href":"https:\/\/www.marianagurza.ro\/blog\/wp-json\/wp\/v2\/tags?post=8223"}],"curies":[{"name":"wp","href":"https:\/\/api.w.org\/{rel}","templated":true}]}}