{"id":8258,"date":"2012-10-30T10:28:50","date_gmt":"2012-10-30T10:28:50","guid":{"rendered":"http:\/\/www.marianagurza.ro\/blog\/?p=8258"},"modified":"2012-11-16T10:54:55","modified_gmt":"2012-11-16T10:54:55","slug":"ramas-bun-mircea-eugen-craioveanu","status":"publish","type":"post","link":"https:\/\/www.marianagurza.ro\/blog\/2012\/10\/30\/ramas-bun-mircea-eugen-craioveanu\/","title":{"rendered":"Mircea-Eugen Craioveanu a respirat &#8220;matematic&#8221;, \u0219tiind s\u0103 dea sens clipei, \u00eembr\u0103c\u00e2nd-o \u00een form\u0103 &#8220;geometric\u0103&#8221;  !"},"content":{"rendered":"<p style=\"text-align: center;\"><a href=\"http:\/\/www.marianagurza.ro\/blog\/wp-content\/uploads\/2012\/10\/craioveanu.jpg\"><img loading=\"lazy\" decoding=\"async\" title=\"craioveanu\" src=\"http:\/\/www.marianagurza.ro\/blog\/wp-content\/uploads\/2012\/10\/craioveanu.jpg\" alt=\"\" width=\"286\" height=\"400\" \/><\/a><\/p>\n<p style=\"text-align: center;\"><strong><em>Prof. Univ. Dr. Mircea-Eugen Craioveanu<\/em><\/strong><\/p>\n<p style=\"text-align: center;\"><strong>(1942-2012)<\/strong><\/p>\n<p style=\"text-align: center;\">\u00a0***<\/p>\n<p style=\"text-align: justify;\">\u00a0\u00a0\u00a0\u00a0\u00a0\u00a0 \u00cen data de 28 Octombrie 2012, ne-a p\u0103r\u0103sit <strong><em>Prof. Dr. Mircea-Eugen Craioveanu, <\/em><\/strong>un matematician<em> <\/em>de talie mondial\u0103. Un OM sclipitor, bun dasc\u0103l, un cern\u0103u\u021bean ce a biruit ! Un model pentru toate genera\u021biile; inteligent, \u0219armant, familist de excep\u021bie, prieten generos. Modest \u0219i demn. Se va \u00eentoarce la Sibiu l\u00e2ng\u0103 mo\u0219ii s\u0103i, ofi\u021beri de elit\u0103 a vremurilor&#8230;De\u0219i matematician la Universitatea de Vest din Timi\u0219oara, educa\u021bia militar\u0103 primit\u0103 \u00een familie, \u0219i-a pus amprenta \u00een atitudine, demnitate \u0219i valoare. \u0218i-a slujit Neamul Rom\u00e2nesc a\u0219a cum fusese \u00eenv\u0103\u021bat. C\u0103r\u021biile, studiile sale, r\u0103sp\u00e2ndite peste tot \u00een lume, genera\u021biile de matematicieni pe care i-a format, vor d\u0103inui peste timp&#8230;<strong><em>Mircea-Eugen Craioveanu, &#8220;<\/em><\/strong><em><strong>este<\/strong> <strong>\u00eembl\u00e2nzitorul ce a domesticit infinitul<\/strong>&#8221; <\/em>cum ar spune Lucian Blaga.<\/p>\n<p style=\"text-align: justify;\">Munca\u00a0 recunoscut\u0103 \u0219i promovat\u0103 \u00een \u021bar\u0103 \u0219i str\u0103in\u0103tate, proiectele pe nivele de cercetare ca, geometria diferen\u0163ial\u0103 globala, topologia diferen\u0163ial\u0103, analiz\u0103 global\u0103, analiz\u0103 pe variet\u0103\u0163i, metode geometrice, analiza fizica teoretic\u0103, au ajutat la promovarea \u00eenv\u0103\u021b\u0103m\u00e2ntului rom\u00e2nesc, la implementarea unor programe interna\u021bionale de succes. A fost\u00a0 mereu printre cercet\u0103torii activi \u015fi matematicienii eminen\u0163i ai lumii. <em><strong>A respirat &#8220;matematic&#8221;, \u0219tiind s\u0103 dea sens clipei, \u00eembr\u0103c\u00e2nd-o \u00een form\u0103 geometric\u0103.<\/strong><\/em> Despre opera sa, cercet\u0103torii din str\u0103in\u0103tate, sunt aviza\u021bi \u00een a se pronun\u021ba.<\/p>\n<p style=\"text-align: justify;\">Eu&#8230;doar \u00eemi \u0219terg neputicioas\u0103 lacrima&#8230;O toamn\u0103 trist\u0103&#8230; A\u0219 fi dorit sa-i fiu al\u0103turi pe ultimul drum&#8230;Dar nu am putere. Din nou ceva s-a fr\u00e2nt \u00een sufletul meu clocotitor, iubitor de OAMENI FRUMO\u0218I. \u0218tiu c\u0103 indiferent unde este, m\u0103 \u00een\u021belege&#8230;<\/p>\n<p style=\"text-align: justify;\">Dup\u0103 o interven\u021bie miraculoas\u0103 la Cluj, \u00eemi amintesc acea exclamare : &#8220;<strong><em>Dumnezeu m-a \u021binut din nou \u00een bra\u021be<\/em><\/strong> !&#8221;<\/p>\n<p style=\"text-align: justify;\">Da, avea dreptate, Cel de Sus fiindu-i mereu aproape ; &#8220;<em><strong>matematica este limba cu care Dumnezeu a scris universul<\/strong>&#8220;.<\/em>(Galileo Galilei)<\/p>\n<p style=\"text-align: justify;\">Acum, \u00ee\u0219i continu\u0103 drumul&#8230;drumul s\u0103u spre ve\u0219nicie&#8230;<em>&#8220;Via\u0163a fiind o c\u0103l\u0103torie spre ve\u015fnicie&#8221;. <\/em><\/p>\n<p>Un truditor al \u0219tiin\u021bei ce \u00ee\u0219i va g\u0103si locul printre cei ale\u0219i, a\u0219a cum i-a fost r\u00e2nduit&#8230;<\/p>\n<p>R\u0103mas bun, prieten drag!<\/p>\n<p style=\"text-align: center;\"><strong>Dumnezeu s\u0103-l odihneasc\u0103 \u00een pace !<\/strong><\/p>\n<p style=\"text-align: left;\"><em>Mariana Gurza<\/em><\/p>\n<p>&nbsp;<\/p>\n","protected":false},"excerpt":{"rendered":"<p>Prof. Univ. Dr. Mircea-Eugen Craioveanu (1942-2012) \u00a0*** \u00a0\u00a0\u00a0\u00a0\u00a0\u00a0 \u00cen data de 28 Octombrie 2012, ne-a p\u0103r\u0103sit Prof. Dr. Mircea-Eugen Craioveanu, [&#038;hellip<\/p>\n","protected":false},"author":1,"featured_media":0,"comment_status":"closed","ping_status":"closed","sticky":false,"template":"","format":"standard","meta":{"footnotes":""},"categories":[3],"tags":[],"class_list":["post-8258","post","type-post","status-publish","format-standard","hentry","category-articole"],"_links":{"self":[{"href":"https:\/\/www.marianagurza.ro\/blog\/wp-json\/wp\/v2\/posts\/8258","targetHints":{"allow":["GET"]}}],"collection":[{"href":"https:\/\/www.marianagurza.ro\/blog\/wp-json\/wp\/v2\/posts"}],"about":[{"href":"https:\/\/www.marianagurza.ro\/blog\/wp-json\/wp\/v2\/types\/post"}],"author":[{"embeddable":true,"href":"https:\/\/www.marianagurza.ro\/blog\/wp-json\/wp\/v2\/users\/1"}],"replies":[{"embeddable":true,"href":"https:\/\/www.marianagurza.ro\/blog\/wp-json\/wp\/v2\/comments?post=8258"}],"version-history":[{"count":0,"href":"https:\/\/www.marianagurza.ro\/blog\/wp-json\/wp\/v2\/posts\/8258\/revisions"}],"wp:attachment":[{"href":"https:\/\/www.marianagurza.ro\/blog\/wp-json\/wp\/v2\/media?parent=8258"}],"wp:term":[{"taxonomy":"category","embeddable":true,"href":"https:\/\/www.marianagurza.ro\/blog\/wp-json\/wp\/v2\/categories?post=8258"},{"taxonomy":"post_tag","embeddable":true,"href":"https:\/\/www.marianagurza.ro\/blog\/wp-json\/wp\/v2\/tags?post=8258"}],"curies":[{"name":"wp","href":"https:\/\/api.w.org\/{rel}","templated":true}]}}