{"id":8778,"date":"2012-11-23T10:43:52","date_gmt":"2012-11-23T10:43:52","guid":{"rendered":"http:\/\/www.marianagurza.ro\/blog\/?p=8778"},"modified":"2012-12-11T16:15:26","modified_gmt":"2012-12-11T16:15:26","slug":"la-multi-ani-domnule-ben-todica","status":"publish","type":"post","link":"https:\/\/www.marianagurza.ro\/blog\/2012\/11\/23\/la-multi-ani-domnule-ben-todica\/","title":{"rendered":"Mnerie Dumitru: Demnitatea \u0219i curajul"},"content":{"rendered":"<p style=\"text-align: justify;\"><a href=\"http:\/\/www.marianagurza.ro\/blog\/wp-content\/uploads\/2012\/11\/mnerie.jpg\"><img loading=\"lazy\" decoding=\"async\" class=\"size-full wp-image-9275 alignleft\" title=\"mnerie\" src=\"http:\/\/www.marianagurza.ro\/blog\/wp-content\/uploads\/2012\/11\/mnerie.jpg\" alt=\"\" width=\"152\" height=\"158\" \/><\/a>Azi, ap\u0103rarea <em>demnit<\/em><em>\u0103\u0163ii <\/em>presupune \u015fi o manifestare a curajului, de\u015fi DEMNITATEA presupune mult mai mult dec\u00e2t at\u00e2t. Postura de demnitar implic\u0103 asumarea r\u0103spunderii de a fi demn de misiunea c\u0103p\u0103tat\u0103. Poate este nevoie de curaj pentru acceptarea \u00eenaltei func\u0163ii, dar <em>nu to<\/em><em>\u0163i curajo<\/em><em>\u015fii ajung s<\/em><em>\u0103 fie demni, cum nici nu to<\/em><em>\u0163i demnitarii ajung s<\/em><em>\u0103 fie curajo<\/em><em>\u015fi<\/em>. Cit\u00e2ndu-l pe <em>Ibn al-Muqaffa \u00een \u201eKalia <\/em><em>\u015fi Dimna\u201d: \u201eToate calit<\/em><em>\u0103\u0163ile pentru care cel bogat este l<\/em><em>\u0103udat sunt la cel s<\/em><em>\u0103rac cusururi: dac<\/em><em>\u0103 este curajos, i se zice nechibzuit, dac<\/em><em>\u0103 este generos, i se zice risipitor, dac<\/em><em>\u0103 este \u00eeng<\/em><em>\u0103duitor, este socotit slab, dac<\/em><em>\u0103 este demn, este socotit prost\u201d<\/em>.<\/p>\n<p style=\"text-align: justify;\"><strong><em>Tupeul <\/em><\/strong>a ajuns s\u0103 fie tratat ca pe o manifestare natural\u0103, acceptat\u0103 cu mult\u0103 \u00een\u0163elegere. Cei cu <em>tupeu <\/em>nici nu-\u015fi fac griji, pentru c\u0103 nu mai au nevoie de curaj. <em>Tupeul <\/em>d\u0103 for\u0163a necesar\u0103 pentru a ajuta <em>tupeistul <\/em>s\u0103 se impun\u0103, f\u0103r\u0103 a mai fi necesar s\u0103 dovedeasc\u0103 \u015fi alte valori. Tupeul se confund\u0103 de unii conduc\u0103tori<\/p>\n<p style=\"text-align: justify;\"><em>Curajul manifest<\/em><em>\u0103rii demnit<\/em><em>\u0103\u0163ii <\/em>cet\u0103\u0163eanului de r\u00e2nd este tratat de unii conduc\u0103tori ca <em>tupeu<\/em>, de ne-acceptat. Se caut\u0103 legea care s\u0103 \u00eenfrunte curajul de a fi demn, manifestare care, \u00een mod normal ar trebui s\u0103 reprezinte for\u0163a democratic\u0103 a majorit\u0103\u0163ii, de care s\u0103 asculte demnitarul, administratorul, politicianul, angaja\u0163i sau ale\u015fi (bine pl\u0103ti\u0163i &#8230; ) pentru a servi interesului general al popula\u0163iei (ac\u0163ionar aproape total), care \u015fi-a angajat, de fapt, un \u201emanager\u201d, care s\u0103 asigure un<strong> plus de bine <\/strong><em>cet<\/em><em>\u0103\u0163eanului-angajator<\/em>, material \u015fi spiritual.<\/p>\n<p><em>Curajul <\/em>\u015fi <em>Demnitatea <\/em>sunt, fiecare \u00een parte virtu\u0163i. Manifestarea demnit\u0103\u0163ii ar trebui s\u0103 fie o atitudine fireasc\u0103, uman\u0103, f\u0103r\u0103 a avea nevoie de curaj, ci doar de bun\u0103 credin\u0163\u0103, \u00een rela\u0163iile cu cel apropiat \u015fi nu numai.<\/p>\n<p style=\"text-align: justify;\">\u00centr-o lume echilibrat\u0103, curajul este o virtute necesar\u0103, eventual la intrarea \u00eentr-o competi\u0163ie. Orice popor trebuie s\u0103-\u015fi educe copiii pentru a fi vrednici de fapte mari pentru ap\u0103rarea \u0163\u0103rii, a valorilor autentice, a identit\u0103\u0163ii na\u0163ionale, a unit\u0103\u0163ii familiei, a personalit\u0103\u0163ii proprii.<\/p>\n<p style=\"text-align: justify;\"><strong><em>Demnitatea<\/em><\/strong>, <strong><em>Curajul <\/em><\/strong>sunt virtu\u0163i care pot da frumuse\u0163e celui cele dovede\u015fte. Ele pot s\u0103 se al\u0103ture mai mult ca \u015fi \u201e<strong><em>demnitate a curajului<\/em><\/strong>\u201d dec\u00e2t \u201e<strong><em>curaj al demnit<\/em><\/strong><strong><em>\u0103\u0163ii<\/em><\/strong>\u201d.<\/p>\n<p style=\"text-align: justify;\">Manifestarea <em>demnit<\/em><em>\u0103\u0163ii umane <\/em>nu trebuie s\u0103 alunece c\u0103tre o apreciere a naivit\u0103\u0163ii, vis\u0103rii, irealismului. Este mai important\u0103 reflectarea pe P\u0103m\u00e2nt a demnit\u0103\u0163ii Omului prin credin\u0163a \u00een Dumnezeu, dec\u00e2t \u00eenv\u0103\u0163area fricii fa\u0163\u0103 de Dumnezeu, cu renun\u0163area la demnitatea uman\u0103.<\/p>\n<p style=\"text-align: justify;\">Acum, dup\u0103 un exerci\u0163iu democratic al votului pentru conduc\u0103torii locali \u015fi regionali, s-a constatat un absenteism la vot \u00eenc\u0103 mult prea mare, \u015fi datorit temerii cet\u0103\u0163enilor de a fi \u00eenvin\u015fi prin propriile op\u0163iuni, pronun\u0163area \u00een favoarea unuia sau altuia s\u0103-l transforme \u00een perdant, alesul propriu nefiind \u015fi alesul majoritar.<\/p>\n<p style=\"text-align: justify;\">Educa\u0163ia dreptului la opinie, la pronun\u0163area deciziei certe c\u0103tre <em>DA ! <\/em>sau <em>NU!<\/em>, f\u0103r\u0103 team\u0103, f\u0103r\u0103 a apela la un \u201e<em>curaj nebun\u201d<\/em>, este prioritar\u0103 acum.<\/p>\n<p style=\"text-align: justify;\">Este necesar\u0103 o selec\u0163ie mai corect\u0103 a <em>modelelor demne de urmat <\/em>de cei ce \u00eenva\u0163\u0103 s\u0103 fie buni \u015fi utili pentru cei din jur, precum \u015fi pentru a fi mai capabili s\u0103 scrie o istorie de care urma\u015fii s\u0103 fie mai m\u00e2ndri.<\/p>\n<p style=\"text-align: justify;\">Consemneaz\u0103 cu r\u0103spundere,<\/p>\n<p style=\"text-align: justify;\"><strong><em>Prof.univ.dr. Dumitru MNERIE<\/em><\/strong><\/p>\n<p style=\"text-align: justify;\"><em>RECTOR al Universit<\/em><em>\u0103\u0163ii<\/em><\/p>\n<p style=\"text-align: justify;\">(Demnitatea, num\u0103rul 27 Iunie 2012 )<\/p>\n","protected":false},"excerpt":{"rendered":"<p>Azi, ap\u0103rarea demnit\u0103\u0163ii presupune \u015fi o manifestare a curajului, de\u015fi DEMNITATEA presupune mult mai mult dec\u00e2t at\u00e2t. Postura de demnitar [&#038;hellip<\/p>\n","protected":false},"author":1,"featured_media":0,"comment_status":"closed","ping_status":"closed","sticky":false,"template":"","format":"standard","meta":{"footnotes":""},"categories":[3],"tags":[],"class_list":["post-8778","post","type-post","status-publish","format-standard","hentry","category-articole"],"_links":{"self":[{"href":"https:\/\/www.marianagurza.ro\/blog\/wp-json\/wp\/v2\/posts\/8778","targetHints":{"allow":["GET"]}}],"collection":[{"href":"https:\/\/www.marianagurza.ro\/blog\/wp-json\/wp\/v2\/posts"}],"about":[{"href":"https:\/\/www.marianagurza.ro\/blog\/wp-json\/wp\/v2\/types\/post"}],"author":[{"embeddable":true,"href":"https:\/\/www.marianagurza.ro\/blog\/wp-json\/wp\/v2\/users\/1"}],"replies":[{"embeddable":true,"href":"https:\/\/www.marianagurza.ro\/blog\/wp-json\/wp\/v2\/comments?post=8778"}],"version-history":[{"count":0,"href":"https:\/\/www.marianagurza.ro\/blog\/wp-json\/wp\/v2\/posts\/8778\/revisions"}],"wp:attachment":[{"href":"https:\/\/www.marianagurza.ro\/blog\/wp-json\/wp\/v2\/media?parent=8778"}],"wp:term":[{"taxonomy":"category","embeddable":true,"href":"https:\/\/www.marianagurza.ro\/blog\/wp-json\/wp\/v2\/categories?post=8778"},{"taxonomy":"post_tag","embeddable":true,"href":"https:\/\/www.marianagurza.ro\/blog\/wp-json\/wp\/v2\/tags?post=8778"}],"curies":[{"name":"wp","href":"https:\/\/api.w.org\/{rel}","templated":true}]}}