{"id":8787,"date":"2012-11-24T08:06:07","date_gmt":"2012-11-24T08:06:07","guid":{"rendered":"http:\/\/www.marianagurza.ro\/blog\/?p=8787"},"modified":"2012-11-25T09:16:54","modified_gmt":"2012-11-25T09:16:54","slug":"vasile-plavan-2","status":"publish","type":"post","link":"https:\/\/www.marianagurza.ro\/blog\/2012\/11\/24\/vasile-plavan-2\/","title":{"rendered":"Vasile Pl\u0103van, un \u201eautor de epoc\u0103\u201c"},"content":{"rendered":"<p style=\"text-align: center;\"><a href=\"http:\/\/www.marianagurza.ro\/blog\/wp-content\/uploads\/2012\/11\/vasile-plavan1.jpg\"><img loading=\"lazy\" decoding=\"async\" class=\"size-full wp-image-8788\" title=\"vasile plavan\" src=\"http:\/\/www.marianagurza.ro\/blog\/wp-content\/uploads\/2012\/11\/vasile-plavan1.jpg\" alt=\"\" width=\"188\" height=\"268\" \/><\/a><\/p>\n<p style=\"text-align: center;\"><strong>VASILE PL\u0102VAN<\/strong><br \/>\n<strong> (24.11.1889 &#8211; 23.01.1939)<\/strong><\/p>\n<p><strong>Boabe de lacrimi<\/strong><\/p>\n<p style=\"text-align: justify;\"><strong>\u00a0\u00a0\u00a0\u00a0\u00a0\u00a0\u00a0\u00a0\u00a0 Scriu despre un om c\u00e2t o\u2026 Epoc\u0103 Istoric\u0103. Un om c\u00e2t sufletul neamului meu. O<\/strong><strong> epoc\u0103 \u00een care se prelunge\u015fte via\u0163a mea, un \u015fir lung de m\u0103t\u0103nii\u2026 <\/strong><\/p>\n<p style=\"text-align: justify;\"><strong>\u00a0\u00a0\u00a0\u00a0\u00a0\u00a0\u00a0\u00a0\u00a0\u00a0 Undeva, \u00eenapoi, ca o<\/strong><strong> verig\u0103 dintr-un lan\u0163 care merge \u00een ad\u00e2ncul unei f\u00e2nt\u00e2ni.<\/strong><br \/>\n<strong> <\/strong><\/p>\n<p style=\"text-align: justify;\"><strong>\u00a0\u00a0\u00a0\u00a0 Vasile Pl\u0103van s-a n\u0103scut la 24 noiembrie 1889, \u00een comuna Cupca, jude\u0163ul<\/strong><strong> Storojine\u0163, \u00eentr-o familie de \u0163\u0103rani \u00eenst\u0103ri\u0163i. Avocat, gazetar \u015fi publicist a fost un entuziast<\/strong><strong> \u015fi un idealist de o aristocratic\u0103 noble\u0163e sufleteasc\u0103, de distinc\u0163ie moral\u0103, de bun\u0103tate \u015fi<\/strong><strong> necuprins\u0103 omenie.<\/strong><br \/>\n<strong> <\/strong><\/p>\n<p style=\"text-align: justify;\"><strong>Un t\u00e2n\u0103r ager, de o statur\u0103 potrivit\u0103, cu alur\u0103 nobil\u0103, av\u00e2nd ochii calzi, migdala\u0163i.<\/strong><br \/>\n<strong> <\/strong><\/p>\n<p style=\"text-align: justify;\"><strong>O must\u0103cioar\u0103 elegant\u0103, care \u00eei sporea farmecul.<\/strong><\/p>\n<p style=\"text-align: justify;\"><strong> \u201eBl\u00e2nd cu cei netrebnici, conciliant cu cei r\u0103i \u015fi ignobili, blajin fa\u0163\u0103 de to\u0163i<\/strong><strong> hulitorii \u015fi cert\u0103torii de profesie \u015fi iert\u0103tor fa\u0163\u0103 de to\u0163i cari l-au nedrept\u0103\u0163it sau<\/strong><strong> persecutat \u015fi l-au jignit, Vasile Pl\u0103van a fost \u00eentrega lui via\u0163\u0103 un \u00eemblinzit fanatic al<\/strong><strong> idealului \u015fi \u00een acela\u015fi timp o nefericit\u0103 victim\u0103 a credin\u0163ei lui suflete\u015fti c\u0103 oamenii s\u00eent<\/strong><strong> mai buni dec\u00e2t se \u00eenvedereaz\u0103 \u00een josnicia lor de toate zilele.\u201d<\/strong><br \/>\n<em><strong> (Ziarul \u201eSuceava\u201d, nr. 20, din 27 ian. 1939, din Cern\u0103u\u0163i)<\/strong><\/em><\/p>\n<p style=\"text-align: justify;\"><strong> La 49 da ani s-a stins, l\u0103s\u00e2nd \u00een urma o luminoas\u0103 pilda de virtute, un nume de o<\/strong><strong> rar\u0103 puritate \u015fi un exemplu de adev\u0103rat rom\u00e2nism.<\/strong><br \/>\n<strong> \u00cen cartea sa Boabe de lacrimi, include cele mai frumoase articole din ziar<\/strong><strong> caracteristice prin c\u0103ldura \u015fi sinceritatea stilului.<\/strong><br \/>\n<strong> Vasile Pl\u0103van a iubit mult \u0163\u0103ranul rom\u00e2n. Nu a uitat niciodat\u0103 de unde plecase. Nu<\/strong><strong> \u015fi-a uitat ima\u015ful \u015fi toloaca. A \u015ftiut s\u0103 fie prezent, printre \u0163\u0103rani, printre elitele vremii, la<\/strong><strong> fiecare eveniment.<\/strong><br \/>\n<strong> <\/strong><\/p>\n<p style=\"text-align: justify;\"><strong>A publicat Cele dint\u00e2i \u00eempropriet\u0103riri \u00een Bucovina \u2014 Sf. Ilie, Rarancea,<\/strong><strong> Calafinde\u015fti, Pris\u0103c\u0103reni. (Calendarul \u201eGlasul Bucovinei\u201d pe anul 1923, Cern\u0103u\u0163i, p. 59\u2013<\/strong><strong> 69)<\/strong><br \/>\n<strong> A scris despre \u00eempropriet\u0103ririle din Bucovina, Mihova, Gura Humorului, Crasna,<\/strong><strong> R\u0103d\u0103u\u0163i, Berhomet, Selectiu. (Calendarul \u201eGlasul Bucovinei\u201d pe anul 1924, Cern\u0103u\u0163i, p.<\/strong><strong> 41\u201349).<\/strong><br \/>\n<strong> <\/strong><\/p>\n<p style=\"text-align: justify;\"><strong>Vasile Pl\u0103van a fost preocupat de a doua reform\u0103 agrar\u0103 \u00een Bucovina, de<\/strong><strong> \u201e\u015ecoalele de meserii \u015fi de nego\u0163\u201d (Calendarul \u201eGlasul Bucovinei\u201d pe anul 1925, Cern\u0103u\u0163i,<\/strong><strong> p. 138\u2013140)<\/strong>.<\/p>\n<p style=\"text-align: justify;\"><strong> S-a vorbit mult depre dezr\u0103d\u0103cinare, despre suferin\u0163\u0103 \u015fi lacrimile t\u0103cute ale celor<\/strong><strong> ce \u015fi-au l\u0103sat \u00een urm\u0103 vatra str\u0103mo\u015fesc\u0103, c\u0103ut\u00e2nd \u00een zadar \u201eml\u0103di\u0163e de s\u0103car\u0103\u201d.<\/strong><\/p>\n<p style=\"text-align: justify;\"><strong> Nu putem uita, nu avem voie s\u0103 ne uit\u0103m r\u0103d\u0103cinile. Trecutul revine, ne<\/strong><strong> urm\u0103re\u015fte, ne aminte\u015fte de cei care \u015fi-au l\u0103sat \u201ecuv\u00e2ntul\u201d din dragoste pentru neam, \u00een<\/strong><strong> lupta pentru p\u0103strarea identit\u0103\u0163ii noastre rom\u00e2ne\u015fti.<\/strong><\/p>\n<p style=\"text-align: justify;\"><strong> Cei dezr\u0103d\u0103cina\u0163i, au g\u0103sit doar boabe, \u201eboabe de lacrimi\u201d, r\u0103zle\u0163ite \u00eentr-o lume,<\/strong><strong> poate r\u0103u \u00eentocmit\u0103 de noi, de sisteme bolnave, de mentalit\u0103\u0163i otr\u0103vite.<\/strong><\/p>\n<p style=\"text-align: justify;\"><strong> A\u015fa a r\u0103mas \u015fi Bucovina, \u201eo lacrim\u0103\u201d a neamului rom\u00e2nesc, \u201eo lacrim\u0103\u201d pe care<\/strong><strong> o \u0163in str\u00e2ns \u00een pumnu-mi de copil, ca s\u0103-i simt m\u00e2ng\u00e2iera. \u201e\u0162ara Fagilor\u201d, locul mirific<\/strong><strong> al c\u0103rturarilor, al frumuse\u0163ii pure, a cre\u015ftinismului \u00een\u0103l\u0163\u0103tor.<\/strong><\/p>\n<p style=\"text-align: justify;\"><strong> Iat\u0103 de ce am considerat c\u0103 este bine s\u0103 conturez imaginea omului Vasile Pl\u0103van,<\/strong><strong> prin texte vechi, complet\u00e2ndu-i portretul.<\/strong><\/p>\n<p style=\"text-align: justify;\"><strong> \u00ab\u00cen cursul celor 13 ani de munc\u0103 \u00een redac\u0163ia ziarului \u201eGlasul Bucovinei\u201d am<\/strong><strong> st\u0103ruit pentru \u00eent\u0103rirea elementului de ba\u015ftin\u0103 aici \u00een Bucovina, pe temeiul credin\u0163ei<\/strong><strong> str\u0103bune \u00een Dumnezeu, \u00een cinste, corectitudine \u015fi mai ales \u00een jertf\u0103 neprecupe\u0163it\u0103 pentru<\/strong><strong> interesele superioare ale Statului. M-am \u00eencredin\u0163at c\u0103 me\u015fte\u015fugul scisului zilnic<\/strong><strong> mistuie\u015fte puterile omului mai mult dec\u00e2t alte \u00eendeletniciri\u00bb \u2014 a\u015fa se dest\u0103inuia \u00een anul<\/strong><strong> 1936, odat\u0103 cu apari\u0163ia volumului s\u0103u. (Vasile Pl\u0103van, Boabe de lacrimi)<\/strong><br \/>\n<strong> <\/strong><\/p>\n<p style=\"text-align: justify;\"><strong>Citind cele scrise de unchiul meu Vasile Pl\u0103van, dup\u0103 at\u00e2\u0163ia ani, am ajuns s\u0103 cred,<\/strong><strong> c\u0103 acele \u201ebobi\u0163e\u201d, acel pl\u00e2ns, mi-a urm\u0103rit existen\u0163a mea, a p\u0103rin\u0163ilor mei.<\/strong><strong> Dac\u0103 Vasile Pl\u0103van \u00ee\u015fi g\u0103sea \u201es\u0103cara\u201d \u00eenverzit\u0103, destinul familiei ar fi fost altul.<\/strong>..<\/p>\n<p style=\"text-align: justify;\"><strong> \u015ei noi cei pribegi, am fost ca \u201enucul cel fraged\u201d scos din r\u0103d\u0103cin\u0103.<\/strong><strong> Istoria ne-a aruncat, ca pe ni\u015fte str\u0103ini, devenind venetici \u00een \u0163ara noastr\u0103.<\/strong><\/p>\n<p style=\"text-align: justify;\"><strong> \u201e<em>Dar c\u00e2nd sco\u0163i din r\u0103d\u0103cini nucul fraged \u015fi-l mu\u0163i \u00een alt loc, la \u00eenceput el \u00ee\u015fi<\/em><\/strong><em><strong> p\u0103streaz\u0103 \u00een s\u0103la\u015ful s\u0103u proasp\u0103t verdea\u0163a s\u0103n\u0103toas\u0103 a vie\u0163ii. Gospodarul care se razim\u0103<\/strong><strong> pe aceast\u0103 spoial\u0103 de g\u00e2nd \u015fi nu grije\u015fte la vreme de pomul cu r\u0103d\u0103cinile \u00eens\u00e2ngerate,<\/strong><strong> bag\u0103 de seam\u0103 dup\u0103 un timp cum frunzele nucului se las\u0103 \u00een jos triste, \u00eeng\u0103lbenesc \u015fi<\/strong><strong> apoi cad la p\u0103m\u00e2nt. Cu m\u00e2hnire vede c\u0103 tulpina nucului \u00eenchirce\u015fte \u015fi prinde a se usca,<\/strong><strong> se \u00eencredin\u0163eaz\u0103 c\u0103 pomul nu s-a prins, r\u0103d\u0103cinile bolnave \u015fi nec\u0103utate la timp neav\u00e2nd<\/strong><\/em><strong><em> puterea de a suge din mana p\u0103m\u00e2ntului binecuv\u00e2ntarea vie\u0163ii<\/em>.\u201d Scria Vasile Pl\u0103van.<\/strong><\/p>\n<p style=\"text-align: justify;\"><strong> Asemenea nucului fraged mutat, mul\u0163i nu \u015fi-au putut g\u0103si locul. Am r\u0103mas mereu<\/strong><strong> \u00een c\u0103utarea \u201esevei p\u0103m\u00e2ntului str\u0103mo\u015fesc\u201d. Soarta sau voia Domnului?<\/strong><\/p>\n<p style=\"text-align: justify;\"><strong>Mariana Gurza<\/strong><\/p>\n<p><a href=\"http:\/\/www.youtube.com\/watch?v=A6tKRyLTkMM&amp;feature=relmfu\">http:\/\/www.youtube.com\/watch?v=A6tKRyLTkMM&amp;feature=relmfu<\/a><\/p>\n","protected":false},"excerpt":{"rendered":"<p>VASILE PL\u0102VAN (24.11.1889 &#8211; 23.01.1939) Boabe de lacrimi \u00a0\u00a0\u00a0\u00a0\u00a0\u00a0\u00a0\u00a0\u00a0 Scriu despre un om c\u00e2t o\u2026 Epoc\u0103 Istoric\u0103. Un om c\u00e2t [&#038;hellip<\/p>\n","protected":false},"author":1,"featured_media":0,"comment_status":"closed","ping_status":"closed","sticky":false,"template":"","format":"standard","meta":{"footnotes":""},"categories":[3],"tags":[],"class_list":["post-8787","post","type-post","status-publish","format-standard","hentry","category-articole"],"_links":{"self":[{"href":"https:\/\/www.marianagurza.ro\/blog\/wp-json\/wp\/v2\/posts\/8787","targetHints":{"allow":["GET"]}}],"collection":[{"href":"https:\/\/www.marianagurza.ro\/blog\/wp-json\/wp\/v2\/posts"}],"about":[{"href":"https:\/\/www.marianagurza.ro\/blog\/wp-json\/wp\/v2\/types\/post"}],"author":[{"embeddable":true,"href":"https:\/\/www.marianagurza.ro\/blog\/wp-json\/wp\/v2\/users\/1"}],"replies":[{"embeddable":true,"href":"https:\/\/www.marianagurza.ro\/blog\/wp-json\/wp\/v2\/comments?post=8787"}],"version-history":[{"count":0,"href":"https:\/\/www.marianagurza.ro\/blog\/wp-json\/wp\/v2\/posts\/8787\/revisions"}],"wp:attachment":[{"href":"https:\/\/www.marianagurza.ro\/blog\/wp-json\/wp\/v2\/media?parent=8787"}],"wp:term":[{"taxonomy":"category","embeddable":true,"href":"https:\/\/www.marianagurza.ro\/blog\/wp-json\/wp\/v2\/categories?post=8787"},{"taxonomy":"post_tag","embeddable":true,"href":"https:\/\/www.marianagurza.ro\/blog\/wp-json\/wp\/v2\/tags?post=8787"}],"curies":[{"name":"wp","href":"https:\/\/api.w.org\/{rel}","templated":true}]}}