{"id":8881,"date":"2012-11-28T17:25:28","date_gmt":"2012-11-28T17:25:28","guid":{"rendered":"http:\/\/www.marianagurza.ro\/blog\/?p=8881"},"modified":"2012-11-28T17:27:23","modified_gmt":"2012-11-28T17:27:23","slug":"sandu-catinean-din-bontida-sfantul-ardealului-ieromonah-arsenie-boca","status":"publish","type":"post","link":"https:\/\/www.marianagurza.ro\/blog\/2012\/11\/28\/sandu-catinean-din-bontida-sfantul-ardealului-ieromonah-arsenie-boca\/","title":{"rendered":"Sandu C\u0103tinean din Bon\u0163ida: Sf\u00e2ntul Ardealului Ieromonah Arsenie Boca"},"content":{"rendered":"<h5 style=\"text-align: center;\"><a href=\"http:\/\/www.marianagurza.ro\/blog\/wp-content\/uploads\/2012\/11\/prislop.jpg\"><img loading=\"lazy\" decoding=\"async\" class=\"size-full wp-image-8882\" title=\"prislop\" src=\"http:\/\/www.marianagurza.ro\/blog\/wp-content\/uploads\/2012\/11\/prislop.jpg\" alt=\"\" width=\"275\" height=\"183\" \/><\/a><\/h5>\n<h5><\/h5>\n<p><strong>Sf\u00e2ntul Ardealului<\/strong><br \/>\n<strong>\u00a0\u00a0\u00a0\u00a0\u00a0\u00a0\u00a0\u00a0\u00a0\u00a0\u00a0\u00a0\u00a0\u00a0\u00a0\u00a0\u00a0\u00a0\u00a0 Ieromonah Arsenie Boca<\/strong><\/p>\n<p>Se-adun\u0103 lumea \u00een puhoi<br \/>\nSe sparg z\u0103gazurile-n noi<\/p>\n<h5><\/h5>\n<p>Iar cercet\u0103rile se vars\u0103\u2026<br \/>\nPlutind prin cea\u0163a min\u0163ilor<br \/>\nSe-aude glasul sfin\u0163ilor<br \/>\nPrin r\u0103ul ce-o s\u0103 ias\u0103\u2026<\/p>\n<p>C\u00e2nt\u0103ri liturgice plutesc<br \/>\nPeste Ardeal se risipesc<br \/>\nSl\u0103vind ai no\u015fti str\u0103buni\u2026<br \/>\nUn sf\u00e2nt se roag\u0103 tremur\u00e2nd<br \/>\n\u015ei cheam\u0103 pe Isus pl\u00e2ng\u00e2nd<br \/>\nSper\u00e2nd s\u0103 fim mai buni\u2026<\/p>\n<p>\u201eTu, Doamne-al \u00eendur\u0103rilor<br \/>\nAlung\u0103 r\u0103ul dep\u0103rt\u0103rilor<br \/>\nC\u0103 sf\u00e2nt e-al T\u0103u cuv\u00e2nt\u2026<br \/>\nN\u0103dejde d\u0103-le celor drep\u0163i<br \/>\n\u015ei sprijin celor \u00een\u0163elep\u0163i<br \/>\n\u00cen Cer \u015fi pe p\u0103m\u00e2nt\u2026\u201d<\/p>\n<p>Mul\u0163imea-\u015fi trage de os\u00e2nd\u0103<br \/>\nDe adev\u0103ruri mai fl\u0103m\u00e2nd\u0103<br \/>\nC\u00e2nd trece \u00een\u0163eleptul\u2026<br \/>\n\u201eAcesta-i Sf\u00e2ntul din Ardeal<br \/>\nN\u0103dejdea noastr\u0103-n ideal\u201d<br \/>\nStrigau, strivind p\u0103m\u00e2ntul\u2026<\/p>\n<p>\u2026\u2026\u2026\u2026\u2026\u2026\u2026\u2026\u2026\u2026\u2026\u2026\u2026\u2026\u2026\u2026\u2026\u2026\u2026\u2026\u2026\u2026\u2026\u2026\u2026\u2026\u2026\u2026\u2026\u2026<wbr>\u2026\u2026\u2026\u2026<br \/>\nAcum \u00een margine de brazi<br \/>\nStr\u0103luce crinii albi \u015fi calzi<br \/>\nDe pe-un morm\u00e2nt cu flori\u2026<br \/>\nSe scurg pe dale pelerini<br \/>\nS\u0103-mprosp\u0103teze albii crini<br \/>\nP\u0103trun\u015fi de lungi fiori\u2026<\/wbr><\/p>\n<p>\u201eVenit-am s\u0103 m\u0103-nchin smerit<br \/>\nArsenie Boca cel iubit<br \/>\nS\u0103 ier\u0163i al meu p\u0103cat\u201e\u2026<br \/>\nIar \u00een t\u0103cerea de morm\u00e2nt<br \/>\nDe printre flori \u015fi din p\u0103m\u00e2nt<br \/>\nSe-aude-un murmurat \u2026<\/p>\n<p><em>Sandu C\u0103tinean din Bon\u0163ida<\/em><\/p>\n<p>&nbsp;<\/p>\n","protected":false},"excerpt":{"rendered":"<p>Sf\u00e2ntul Ardealului \u00a0\u00a0\u00a0\u00a0\u00a0\u00a0\u00a0\u00a0\u00a0\u00a0\u00a0\u00a0\u00a0\u00a0\u00a0\u00a0\u00a0\u00a0\u00a0 Ieromonah Arsenie Boca Se-adun\u0103 lumea \u00een puhoi Se sparg z\u0103gazurile-n noi Iar cercet\u0103rile se vars\u0103\u2026 Plutind prin [&#038;hellip<\/p>\n","protected":false},"author":1,"featured_media":0,"comment_status":"closed","ping_status":"closed","sticky":false,"template":"","format":"standard","meta":{"footnotes":""},"categories":[3],"tags":[],"class_list":["post-8881","post","type-post","status-publish","format-standard","hentry","category-articole"],"_links":{"self":[{"href":"https:\/\/www.marianagurza.ro\/blog\/wp-json\/wp\/v2\/posts\/8881","targetHints":{"allow":["GET"]}}],"collection":[{"href":"https:\/\/www.marianagurza.ro\/blog\/wp-json\/wp\/v2\/posts"}],"about":[{"href":"https:\/\/www.marianagurza.ro\/blog\/wp-json\/wp\/v2\/types\/post"}],"author":[{"embeddable":true,"href":"https:\/\/www.marianagurza.ro\/blog\/wp-json\/wp\/v2\/users\/1"}],"replies":[{"embeddable":true,"href":"https:\/\/www.marianagurza.ro\/blog\/wp-json\/wp\/v2\/comments?post=8881"}],"version-history":[{"count":0,"href":"https:\/\/www.marianagurza.ro\/blog\/wp-json\/wp\/v2\/posts\/8881\/revisions"}],"wp:attachment":[{"href":"https:\/\/www.marianagurza.ro\/blog\/wp-json\/wp\/v2\/media?parent=8881"}],"wp:term":[{"taxonomy":"category","embeddable":true,"href":"https:\/\/www.marianagurza.ro\/blog\/wp-json\/wp\/v2\/categories?post=8881"},{"taxonomy":"post_tag","embeddable":true,"href":"https:\/\/www.marianagurza.ro\/blog\/wp-json\/wp\/v2\/tags?post=8881"}],"curies":[{"name":"wp","href":"https:\/\/api.w.org\/{rel}","templated":true}]}}