{"id":8904,"date":"2012-11-29T09:30:38","date_gmt":"2012-11-29T09:30:38","guid":{"rendered":"http:\/\/www.marianagurza.ro\/blog\/?p=8904"},"modified":"2012-11-29T09:44:15","modified_gmt":"2012-11-29T09:44:15","slug":"adina-dumitrescu-privire-de-jos-in-sus","status":"publish","type":"post","link":"https:\/\/www.marianagurza.ro\/blog\/2012\/11\/29\/adina-dumitrescu-privire-de-jos-in-sus\/","title":{"rendered":"REVISTA VATRA VECHE: Adina Dumitrescu &#8211; Privire de  jos \u00een sus"},"content":{"rendered":"<p style=\"text-align: justify;\"><a href=\"http:\/\/4.bp.blogspot.com\/-AWGkwiDyUy8\/ULcr9xqWWrI\/AAAAAAAACVU\/X9xKUViOiLA\/s1600\/ga.jpg\"><img loading=\"lazy\" decoding=\"async\" class=\"alignleft\" src=\"http:\/\/4.bp.blogspot.com\/-AWGkwiDyUy8\/ULcr9xqWWrI\/AAAAAAAACVU\/X9xKUViOiLA\/s200\/ga.jpg\" alt=\"\" width=\"200\" height=\"150\" border=\"0\" \/><\/a>\u00censcris de-o via\u0163\u0103 la \u015fcoala benevol\u0103 a literelor \u015fi litera\u0163ilor, dau de tratatul \u2013 curs al distinsului om de litere Marian Popa despre poetul \u015fi scriitorul George Anca. M\u0103rturisesc c\u0103 am \u201ecitit\u201d subiectul, f\u0103r\u0103 s\u0103 am preten\u0163ia c\u0103 \u00een totalitate, dar ici-colo, \u00een c\u00e2te-o revist\u0103 de cultur\u0103 sau atunci c\u00e2nd mi-a c\u0103zut \u00een m\u00e2n\u0103 vreo carte din multele scrise de domnia-sa. Parcurg\u00e2ndu-i demult poetului primele versuri, am r\u0103mas \u015focat\u0103. Erau versuri dintre acelea cu t\u00e2lc, cu sensuri multiple, c\u00e2nd ascunse, c\u00e2nd la vedere, la bun\u0103 vedere, a\u015fa cum le st\u0103 bine acelora scrise de poe\u0163i care trebuie s\u0103 sparg\u0103 bariere de timp, de percep\u0163ii critice, dar mai ales de percep\u0163ia ta de simplu cititor. \u015ei mi-am spus atunci c\u0103 asta e literatura viitorului, asta e cea cu expertiz\u0103 \u00een sim\u0163\u0103minte, \u00een exprim\u0103ri literare, \u00een extinderi exhaustive spre lumea din noi, cea de ieri \u015fi de m\u00e2ine, dar mai ales \u00een cea care ne oblig\u0103 s\u0103 \u0163inem pasul cu modernul, cel care se gr\u0103be\u015fte, nu se joac\u0103! \u015ei am numit-o atunci Literatur\u0103 Academic\u0103 \u015fi am mai scris despre ea. Nu m-a mirat deloc faptul c\u0103 un nume precum Marian Popa \u00ee\u015fi opre\u015fte privirea, dintre sutele de autori, asupra lui George Anca. \u015ei nu m-a mirat nici structurarea operei acestuia \u00eentr-un veritabil curs de predat s\u0103pt\u0103manal, pe semestre de via\u0163\u0103. Fiindu-ne subiectul ambilor cunoscut din scrieri, mi-am putut lua permisiunea s\u0103 a\u015ftern doar c\u00e2teva vorbe, amatoristice, despre \u201ecursul Anca\u201d.<\/p>\n<p style=\"text-align: justify;\">\u00a0\u00a0\u00a0\u00a0 \u00cen <strong>Premise<\/strong>, autorul define\u015fte termenul de <strong>Dodii<\/strong> \u015fi faptul c\u0103 acestea, con\u0163in\u00e2nd date despre realitate, persoane \u015fi timpuri, sunt premeditate. Premeditate, deci programate, elaborate \u00eendelung, \u00eencadr\u00e2ndu-se \u00eentr-un ritm \u015fi o rim\u0103 care s\u0103 le fac\u0103 lesne de parcurs. Unele au un sens inexistent, fantastic prin asocierea de p\u0103r\u0163i ale altor cuvinte, inovativ, ce vor penetra rapid limita lingvistic\u0103 a viitorului. Acestea sunt asem\u0103n\u0103toare efectului Debussy \u00een muzic\u0103, scrierile dep\u0103rtandu-se sau merg\u00e2nd paralel dar concentrat, de scrierile academismului tradi\u0163ional, intr\u00e2nd \u00eentr-un academism modern, cel al secolului XXI. Vorbind despre Dodii \u00een general si apoi particulariz\u00e2nd la Dodiile lui Anca, autorul plaseaz\u0103 exprimarea \u00een dodii \u201e<em>\u00eentr-un anume spa\u0163iu socioprofesional, etnic sau general. Ele sunt datorate celui ce le emite, avand caracter voluntar, involuntar sau, altfel, indiferent fa\u0163\u0103 de recep\u0163ia discursului s\u0103u.\u201d Marian Popa plaseaz\u0103 de asemenea existen\u0163a Dodiilor \u201elocal si global; definesc folclorul \u015fi literatura cult\u0103, \u00een genere, microcontextual<\/em>.\u201d Rezult\u0103 c\u0103 aria lor poate fi exhaustiv\u0103, dar identificarea ei depinde \u015fi de nivelul neurovegetativ al individului. Cititorul limitat, iritabil \u015fi n\u0103zuros ar socoti-o gratuit\u0103 sau nociv\u0103, cel deschis \u015fi \u00eendreptat spre descoperire \u2013 distractiv\u0103 \u015fi \u201edemen\u0163ial\u0103\u201d, iar filosoful ar considera-o ca \u201etotalitate sau ansamblu de dodii\u201d. C\u00e2t de ilustrativ\u0103 este deduc\u0163ia pentru neomogenitatea cititorului nostru!<\/p>\n<p style=\"text-align: justify;\">\u00a0\u00a0 Interesant\u0103 \u015fi ideea c\u0103 \u201e<em>europeanul e definit de dualitate, antiteze, contradic\u0163ii simple, absurdit\u0103\u0163i. Anca este unul care dep\u0103\u015fe\u015fte dualul prin tr\u0103ire de tip hindus<\/em>\u201d. Adev\u0103rat, scrierea poetului este \u00eendelung c\u00e2nt\u0103rit\u0103, iar exprimarea \u00eei este mantric\u0103. Mantric \u015fi melodios \u00eei e \u015fi cuv\u00e2ntul, el ne duce cu g\u00e2ndul la Magical Healing Mantra: Om Mani Padme Hum, ea \u00eencepe ca susurul Gangelui auzit de departe, ca apoi s\u0103 intre brusc \u00een curgerea-i continu\u0103 spre aval, a\u015fa cum poetul se angajeaz\u0103 \u00een recitalul poezie-proz\u0103-teatru-legend\u0103 \u015fi via\u0163\u0103.<\/p>\n<p style=\"text-align: justify;\">\u00a0\u00a0 Parcurg\u00e2nd C\u0103r\u0163i, Poezia, Romane, Rela\u0163ii de c\u0103l\u0103torie, Politice, Interetnice, Religii, Erotice, Traduttore, realizezi profunzimea, acurate\u0163ea \u015fi profesionalismul omului de litere Marian Popa. \u00cei mul\u0163ume\u015fti acestuia \u00een g\u00e2nd pentru ceea ce tu nu ai putea reda. Ai revela\u0163ia la revela\u0163ie, doi oameni ce-\u015fi scurg lin via\u0163a \u00een scris pentru scris \u015fi pentru \u00eenc\u0103 nescris!<\/p>\n<p style=\"text-align: justify;\">\u00a0\u00a0 \u201eNu statuie dup\u0103 om\/ carte nu dup\u0103 monom\/ nici binom nici astronom\/ c\u0103 ne potopi sodom\/ tu pe cine eu pe gnom\/ f\u0103r\u0103 de niciun incom\u201d (OM) G.A.<\/p>\n<p>&nbsp;<\/p>\n<p><strong>ADINA DUMITRESCU<\/strong><\/p>\n<p style=\"text-align: justify;\">(REVISTA VATRA VECHE &#8211; Lunar de cultur\u0103 * Serie veche nou\u0103* Anul IV, nr. 12(48), decembrie 2012, pag.31)<\/p>\n","protected":false},"excerpt":{"rendered":"<p>\u00censcris de-o via\u0163\u0103 la \u015fcoala benevol\u0103 a literelor \u015fi litera\u0163ilor, dau de tratatul \u2013 curs al distinsului om de litere [&#038;hellip<\/p>\n","protected":false},"author":1,"featured_media":0,"comment_status":"closed","ping_status":"closed","sticky":false,"template":"","format":"standard","meta":{"footnotes":""},"categories":[3],"tags":[],"class_list":["post-8904","post","type-post","status-publish","format-standard","hentry","category-articole"],"_links":{"self":[{"href":"https:\/\/www.marianagurza.ro\/blog\/wp-json\/wp\/v2\/posts\/8904","targetHints":{"allow":["GET"]}}],"collection":[{"href":"https:\/\/www.marianagurza.ro\/blog\/wp-json\/wp\/v2\/posts"}],"about":[{"href":"https:\/\/www.marianagurza.ro\/blog\/wp-json\/wp\/v2\/types\/post"}],"author":[{"embeddable":true,"href":"https:\/\/www.marianagurza.ro\/blog\/wp-json\/wp\/v2\/users\/1"}],"replies":[{"embeddable":true,"href":"https:\/\/www.marianagurza.ro\/blog\/wp-json\/wp\/v2\/comments?post=8904"}],"version-history":[{"count":0,"href":"https:\/\/www.marianagurza.ro\/blog\/wp-json\/wp\/v2\/posts\/8904\/revisions"}],"wp:attachment":[{"href":"https:\/\/www.marianagurza.ro\/blog\/wp-json\/wp\/v2\/media?parent=8904"}],"wp:term":[{"taxonomy":"category","embeddable":true,"href":"https:\/\/www.marianagurza.ro\/blog\/wp-json\/wp\/v2\/categories?post=8904"},{"taxonomy":"post_tag","embeddable":true,"href":"https:\/\/www.marianagurza.ro\/blog\/wp-json\/wp\/v2\/tags?post=8904"}],"curies":[{"name":"wp","href":"https:\/\/api.w.org\/{rel}","templated":true}]}}