{"id":9062,"date":"2012-12-04T14:12:31","date_gmt":"2012-12-04T14:12:31","guid":{"rendered":"http:\/\/www.marianagurza.ro\/blog\/?p=9062"},"modified":"2012-12-04T14:12:31","modified_gmt":"2012-12-04T14:12:31","slug":"gheorghe-stefanescu-ars-poetica","status":"publish","type":"post","link":"https:\/\/www.marianagurza.ro\/blog\/2012\/12\/04\/gheorghe-stefanescu-ars-poetica\/","title":{"rendered":"Gheorghe \u015etef\u0103nescu: Ars poetica"},"content":{"rendered":"<p style=\"text-align: center;\"><a href=\"http:\/\/www.marianagurza.ro\/blog\/wp-content\/uploads\/2012\/12\/ars-poetica.jpg\"><img loading=\"lazy\" decoding=\"async\" class=\"size-full wp-image-9063\" title=\"ars poetica\" src=\"http:\/\/www.marianagurza.ro\/blog\/wp-content\/uploads\/2012\/12\/ars-poetica.jpg\" alt=\"\" width=\"261\" height=\"193\" \/><\/a><\/p>\n<p>&nbsp;<\/p>\n<p style=\"text-align: center;\"><strong>Ars poetica<\/strong><\/p>\n<p><strong>\u00a0<\/strong><\/p>\n<p>Doar lui i-a fost dat\u0103 nestins\u0103 menire<\/p>\n<p>S\u0103 pun\u0103 \u00een viersu-i \u00eentrega-i sim\u0163ire<\/p>\n<p>Zbuciumul e-ntr-una, o rim\u0103 s\u0103 cate<\/p>\n<p>\u015ei greu o g\u0103se\u015fte f\u0103r\u2019 a se abate<\/p>\n<p>Din drumul ce-n cuget e ad\u00e2nc \u00eenscris<\/p>\n<p>Drum menit s\u0103-l poarte-n al s\u0103u paradis<\/p>\n<p>Un rai el atinge, dar ce soi de rai<\/p>\n<p>Cel de iad aproape : alt drum tu nu ai<\/p>\n<p>Aspru urcu\u015ful \u015fi-l poart\u0103 spre-abis<\/p>\n<p>Nu \u015ftie de-ajunge vreodat\u2019 la liman<\/p>\n<p>Scrie doar ]ntr-una chiar de scrie-n van<\/p>\n<p>Soarta-i e decis\u0103 \u015fi scrie mereu<\/p>\n<p>Nimeni nu-l cite\u015fte, dar drumul cel greu<\/p>\n<p>\u00cel duce spre-o culme unde al\u0163ii nu-s<\/p>\n<p>De-acolo el vede drumul ce l-adus.<\/p>\n<p>De \u00eentors, nici vorb\u0103 nu mai poate fi<\/p>\n<p>Doar \u00een zbor : Icarus \u00eel va \u00eenso\u0163i\u2026<\/p>\n<p>&nbsp;<\/p>\n<p>01.12.2003<\/p>\n<p>&nbsp;<\/p>\n<p>&nbsp;<\/p>\n<p style=\"text-align: center;\"><strong>Poezie<\/strong><\/p>\n<p><strong>\u00a0<\/strong><\/p>\n<p>Simpl\u0103-n\u015firuire de idei n\u0103t\u00e2ngi<\/p>\n<p>Care-\u0163i trec prin minte, de r\u00e2zi ori de pl\u00e2ngi<\/p>\n<p>Uneori se-n\u015fir\u0103 f\u0103r\u2019 de \u00een\u0163eles<\/p>\n<p>Pentru cei ce mintea nu prea le d\u0103 ghes<\/p>\n<p>Vorbe, diamante se \u00een\u015fir pe-un pai<\/p>\n<p>Ce ia foc, el arde, se-mpr\u0103\u015ftie, vai!<\/p>\n<p>Vai de cel ce crede \u00een viersul fecund<\/p>\n<p>Curg\u00e2nd ca \u015fi timpul, lac f\u0103r\u0103 de fund<\/p>\n<p>Cuvinte-n\u015firate slab sau m\u0103iestrit<\/p>\n<p>De cel ce iube\u015fte sau a fost iubit,<\/p>\n<p>Sau cel ce iubirea \u015fi-o toarce pl\u0103p\u00e2nd<\/p>\n<p>Curs ca cel de ap\u0103, susurul ce-i bl\u00e2nd<\/p>\n<p>Cuvinte-n\u015firate f\u0103r\u0103 nici un rost<\/p>\n<p>Caut\u0103 s\u0103 disece, explicind ce-a fost<\/p>\n<p>Sau s\u0103 eclipseze clipa ce-n prezent<\/p>\n<p>Oricum ne domin\u0103, ne supune lent<\/p>\n<p>Via\u0163a-ne ce curge, \u015fir de \u00eent\u00e2mpl\u0103ri<\/p>\n<p>Mai reci sau mai calde, crude desf\u0103t\u0103ri<\/p>\n<p>Ce minuscule, ce trec\u0103toare sunt<\/p>\n<p>Ca tot ce se trece-n via\u0163\u0103 pe p\u0103m\u00e2nt<\/p>\n<p>Via\u0163a-i o valoare, privilegiu-i rar<\/p>\n<p>Chiar de-\u0163i las\u0103-n gur\u0103 acel gust amar.<\/p>\n<p>&nbsp;<\/p>\n<p>22.07.2003<\/p>\n<p style=\"text-align: center;\">\n<p style=\"text-align: center;\"><strong>Agnus Dei<\/strong><\/p>\n<p align=\"center\"><strong>\u00a0<\/strong><\/p>\n<p align=\"center\"><strong>\u00a0<\/strong><\/p>\n<p>R\u0103bojul timpului l-ai \u00eemp\u0103r\u0163it \u00een dou\u0103<\/p>\n<p>Segmentul vechi trecut e,<\/p>\n<p>Tu-ncepi o lume nou\u0103<\/p>\n<p>De c\u00e2nd domne\u015fte legea<\/p>\n<p>Ce Tu ne-ai dat-o nou\u0103<\/p>\n<p>Trecut-au ani \u015fi secoli,<\/p>\n<p>Pe scurt, milenii dou\u0103.<\/p>\n<p>\u015ei nu s-a \u015fters o slov\u0103<\/p>\n<p>Din cartea Ta, cea nou\u0103<\/p>\n<p>Ce s-a lipit de Legea<\/p>\n<p>Cea de c\u00e2nd lumea, veche,<\/p>\n<p>C\u0103ci i-era mort cuv\u00e2ntul<\/p>\n<p>S\u0103 sune \u00een ureche!<\/p>\n<p>Cuv\u00e2ntu-\u0163i nou r\u0103stoarn\u0103<\/p>\n<p>F\u0103r\u2019a clinti o buchie<\/p>\n<p>Din legea lumii, veche,<\/p>\n<p>Ajuns-atunci pe muchie,<\/p>\n<p>Desparte anii lumii, cei socoti\u0163i<\/p>\n<p>Pe dos :<\/p>\n<p>De-atunci \u00eencep noi veacuri<\/p>\n<p>Ce nu se scurg \u00een jos!<\/p>\n<p>&nbsp;<\/p>\n<p>23.06.2006<\/p>\n<p align=\"center\">\n<p align=\"center\"><strong>Wieder Belebung ( Resuscitare)<\/strong><\/p>\n<p align=\"center\"><strong>\u00a0<\/strong><\/p>\n<p align=\"center\"><strong>\u00a0<\/strong><\/p>\n<p><strong>\u00a0<\/strong><\/p>\n<p>S\u0103-i furi o clip\u0103 mor\u0163ii<\/p>\n<p>Ca s-o repui \u00een trup<\/p>\n<p>Redindu-l astfel;<\/p>\n<p>Eu \u015fir de clipe-i rup<\/p>\n<p>Neantului ce-a\u015fteapt\u0103<\/p>\n<p>S\u0103-nfulece din nou<\/p>\n<p>Pe-a sc\u0103rii vie\u0163ii treapt\u0103<\/p>\n<p>S\u0103 caute trupul s\u0103u<\/p>\n<p>Trezit acum la via\u0163\u0103<\/p>\n<p>\u015ei firav \u00een puteri<\/p>\n<p>De-un \u015fubred fir s-aga\u0163\u0103<\/p>\n<p>Purt\u00e2nd speran\u0163e, vreri.<\/p>\n<p>Sunt unii ce se-ncumet<\/p>\n<p>S-apuce noul drum<\/p>\n<p>Ca fulgerul ce-n tunet<\/p>\n<p>S-a domolit;un scrum<\/p>\n<p>Devine-a lui putere,<\/p>\n<p>\u015ei moartea s-a retras<\/p>\n<p>Dureri strivesc durere<\/p>\n<p>D\u00e2nd mor\u0163ii-un scurt r\u0103gaz.<\/p>\n<p>&nbsp;<\/p>\n<p>07.05.2006<\/p>\n<p>&nbsp;<\/p>\n<p style=\"text-align: center;\"><strong>Medita\u0163ie \u015fi\u2026 frig<\/strong><\/p>\n<p align=\"center\"><strong>\u00a0<\/strong><\/p>\n<p>Se scutur frunze de aram\u0103<\/p>\n<p>\u015ei cad fo\u015fnind u\u015for pe cale,<\/p>\n<p>B\u0103tr\u00e2nul codru se destram\u0103<\/p>\n<p>\u015ei tremur ramurile-i goale.<\/p>\n<p>&nbsp;<\/p>\n<p>Pustie, trist\u0103 st\u0103 c\u0103rarea<\/p>\n<p>\u015ei-al ei covor de frunze moarte<\/p>\n<p>Se schimb\u0103-ntr-una sub sufloarea<\/p>\n<p>Ce nu-i \u00een \u00een stare s\u0103 le poarte.<\/p>\n<p>&nbsp;<\/p>\n<p>Pa\u015fi ce s-afund\u2019 colind agale<\/p>\n<p>\u015eov\u0103itori \u015fi f\u0103r\u2019 de urme,<\/p>\n<p>Pa\u015fi care duc spre nici o cale<\/p>\n<p>Singur\u0103tatea-mi vor s\u0103 curme.<\/p>\n<p>&nbsp;<\/p>\n<p>Voi, frunze care-at\u00e2t de falnic<\/p>\n<p>Purta\u0163i culori de vremi trecute<\/p>\n<p>C\u0103z\u00e2nd, \u015fopti\u0163i prezentul jalnic;<\/p>\n<p>La viitor, r\u0103m\u00e2ne\u0163i mute.<\/p>\n<p>&nbsp;<\/p>\n<p>Cu voi, apusul ro\u015f se duce,<\/p>\n<p>Cenu\u015fa nop\u0163ii v\u0103 inund\u0103,<\/p>\n<p>\u00cen picuri, apa pe crengi luce,<\/p>\n<p>\u015ei greu v-apas\u0103 bolta scund\u0103.<\/p>\n<p>&nbsp;<\/p>\n<p>E umed totul \u015fi suflarea<\/p>\n<p>Se stinge-n aburul cel rece;<\/p>\n<p>St\u0103 codrul mut, iar a\u015fteptarea<\/p>\n<p>Nedefinite clipe-\u015fi trece.<\/p>\n<p>&nbsp;<\/p>\n<p>De s-ar \u00eentoarce alba hain\u0103<\/p>\n<p>Ce glodul face s\u0103 dispar\u0103<\/p>\n<p>S\u0103-nv\u0103luie \u00een alba-i tain\u0103<\/p>\n<p>O lume h\u00e2d\u0103 \u015fi murdar\u0103!<\/p>\n<p>&nbsp;<\/p>\n<p>10.11.1966<\/p>\n<p>&nbsp;<\/p>\n<p style=\"text-align: center;\" align=\"center\"><strong>\u00a0\u00a0\u00a0\u00a0\u00a0\u00a0\u00a0\u00a0\u00a0\u00a0\u00a0\u00a0\u00a0\u00a0\u00a0\u00a0\u00a0 Teme contrastante<em><br \/>\n<\/em><\/strong><\/p>\n<p style=\"text-align: center;\" align=\"center\"><strong><em>\u00a0\u00a0\u00a0\u00a0\u00a0\u00a0\u00a0\u00a0\u00a0\u00a0\u00a0\u00a0\u00a0\u00a0\u00a0\u00a0\u00a0\u00a0\u00a0\u00a0\u00a0\u00a0\u00a0\u00a0\u00a0\u00a0\u00a0\u00a0\u00a0\u00a0\u00a0\u00a0\u00a0\u00a0\u00a0\u00a0\u00a0\u00a0\u00a0\u00a0\u00a0 (Lui W.A.Mozart)<\/em><\/strong><\/p>\n<p align=\"center\"><strong><em>\u00a0<\/em><\/strong><\/p>\n<p><strong>\u00a0<\/strong><\/p>\n<p>Dou\u0103 teme contrastante,<\/p>\n<p>Re minorul pentru pian.<\/p>\n<p>Triste-acorduri consonante<\/p>\n<p>Scoate Mozart \u00een prim plan<\/p>\n<p>Ca o dragoste sublim\u0103<\/p>\n<p>Delicate tonuri, tandru,<\/p>\n<p>Sufletele ni le-anim\u0103<\/p>\n<p>\u00cen al muzicii meandru.<\/p>\n<p>&nbsp;<\/p>\n<p>Se ciocnesc \u015fi se m\u00e2ng\u00e2ie,<\/p>\n<p>Cad torentele sonore,<\/p>\n<p>Peste suflet s\u0103 r\u0103m\u00e2ie<\/p>\n<p>Ca un ,<em>,subito amore\u201d.<\/em><\/p>\n<p>&nbsp;<\/p>\n<p>Prinse-n jocul ce alin\u0103<\/p>\n<p>Fiin\u0163a lor de jale plin\u0103<\/p>\n<p>C\u00e2nd sur\u00e2sul fericirii<\/p>\n<p>Piere-n lacrima iubirii.<\/p>\n<p>Dialesctica le leag\u0103<\/p>\n<p>Iar\u0103 Timpii le dezleag\u0103<\/p>\n<p>Curg caden\u0163e, iar <em>legatto<\/em><\/p>\n<p>Nu e melodia, iat-o!<\/p>\n<p align=\"center\">\n<p align=\"center\"><strong>Servitute<br \/>\n<\/strong><\/p>\n<p style=\"text-align: left;\" align=\"center\"><strong><em>\u00a0\u00a0\u00a0\u00a0\u00a0\u00a0\u00a0\u00a0\u00a0\u00a0\u00a0\u00a0\u00a0\u00a0\u00a0\u00a0\u00a0\u00a0\u00a0\u00a0\u00a0\u00a0\u00a0\u00a0\u00a0\u00a0\u00a0\u00a0\u00a0\u00a0\u00a0\u00a0\u00a0\u00a0\u00a0\u00a0\u00a0\u00a0\u00a0\u00a0\u00a0\u00a0\u00a0\u00a0\u00a0\u00a0\u00a0\u00a0\u00a0\u00a0\u00a0\u00a0 \u00a0 \u00a0 \u00a0 \u00a0 \u00a0 \u00a0 \u00a0 \u00a0 \u00a0 \u00a0 \u00a0 \u00a0 \u00a0 \u00a0 \u00a0 \u00a0 \u00a0 \u00a0 \u00a0 \u00a0 \u00a0\u00a0 (<\/em><\/strong><strong><em>Lui Albert Camus)<\/em><\/strong><\/p>\n<p align=\"center\"><strong><em>\u00a0<\/em><\/strong><\/p>\n<p><strong>\u00a0<\/strong><\/p>\n<p><strong>\u00a0<\/strong><\/p>\n<p><strong>S<\/strong>ocot c\u0103 mult r\u00e2vnita trud\u0103<\/p>\n<p>De trupuri str\u00e2ns \u00eengem\u0103nate<\/p>\n<p>\u00cen van, doar timpul \u0163i-l abate<\/p>\n<p>Din al s\u0103u curs, c\u0103ci firea crud\u0103<\/p>\n<p>Se schim-ades \u015fi nu asud\u0103<\/p>\n<p>Uscatul pe\u015fte ce se zbate,<\/p>\n<p>C\u0103t\u00e2nd un strop de ap\u0103 nud\u0103.<\/p>\n<p>Ce e perechea? M\u0103car rud\u0103<\/p>\n<p>De-ar fi ea, s\u00e2ngele s\u0103-\u0163i poarte<\/p>\n<p>Dar nu-i nici rud\u0103, nici str\u0103in\u0103<\/p>\n<p>Nici nu-\u0163i red\u0103 pace deplin\u0103.<\/p>\n<p>Trimis\u0103-i de perfide soarte<\/p>\n<p>\u0162i-a\u0163ine drumul f\u0103r\u2019 de mil\u0103<\/p>\n<p>\u015ei f\u0103r\u0103 ca s\u0103 ai vreo vin\u0103,<\/p>\n<p>Ai vrea s\u0103 plece, s\u0103 revin\u0103,<\/p>\n<p>S-o ui\u0163i \u015fi-apoi s-o cau\u0163i : o carte<\/p>\n<p>Ce-n\u015fir\u0103 slovele-i de\u015farte<\/p>\n<p>\u015ei ner\u0103bdarea \u0163i-o alin\u0103<\/p>\n<p>Nimic nu-nve\u0163i, dar ui\u0163i de toate<\/p>\n<p>Ce-n juru-\u0163i se petrec : ea-i plin\u0103<\/p>\n<p>De nuri \u015fi nu po\u0163i \u0163ti ce poate\u2026<\/p>\n<p>Urma: t\u0103cerea-i e deplin\u0103.<\/p>\n<p>&nbsp;<\/p>\n<p style=\"text-align: left;\">\u00a0\u00a0\u00a0\u00a0\u00a0\u00a0\u00a0\u00a0\u00a0\u00a0\u00a0\u00a0\u00a0\u00a0\u00a0\u00a0\u00a0\u00a0\u00a0\u00a0\u00a0\u00a0\u00a0\u00a0\u00a0\u00a0\u00a0\u00a0\u00a0\u00a0\u00a0\u00a0\u00a0\u00a0\u00a0\u00a0\u00a0\u00a0\u00a0\u00a0\u00a0\u00a0\u00a0\u00a0\u00a0\u00a0\u00a0\u00a0\u00a0\u00a0\u00a0\u00a0\u00a0\u00a0\u00a0\u00a0\u00a0\u00a0\u00a0 14.10.2005<\/p>\n<p>&nbsp;<\/p>\n<p align=\"center\"><strong>Titan <\/strong><strong>&amp; Tiran<\/strong><strong><\/strong><\/p>\n<p align=\"center\"><strong>\u00a0<\/strong><\/p>\n<p><strong>\u00a0<\/strong><\/p>\n<p>De la-nceputuri, Hercule-i supus<\/p>\n<p>La grtele munci, chiar unele \u00een plus.<\/p>\n<p>Nu ajungeau titanicile-i munci<\/p>\n<p>A c\u0103ror urme se mai v\u0103d, de-atunci<\/p>\n<p>\u015ei p\u00e2n\u0103 azi : coloane-n Gibraltar<\/p>\n<p>Ci i-a mai pus, pe-al muncilor altar<\/p>\n<p>Alte corvezi : s\u0103-l curme pe Antheu<\/p>\n<p>Erou asemeni lui, pe \u0163\u0103rin\u0103 greu:<\/p>\n<p>A trebuit spre ceruri ridicat<\/p>\n<p>\u015ei desp\u0103r\u0163it de Terra, c\u0103ci culcat<\/p>\n<p>Era puternic \u015fi de ne\u00eenvins!<\/p>\n<p>Tiranul, de ambi\u0163ie cuprins<\/p>\n<p>Se afl\u0103 peste tot \u015fi chiar acum<\/p>\n<p>La noi \u015fi pretutindeni ne st\u0103-n drum.<\/p>\n<p>&nbsp;<\/p>\n<p>&nbsp;<\/p>\n<p style=\"text-align: center;\"><strong>De\u015fert\u0103ciune<\/strong><\/p>\n<p align=\"center\"><strong>\u00a0<\/strong><\/p>\n<p align=\"center\"><strong>\u00a0<\/strong><\/p>\n<p><strong>S<\/strong>-adune totul tinde-ntruna omul;<\/p>\n<p>Str\u00e2ng\u00e2nd cu s\u00e2rg el \u00ee\u015fi cl\u0103de\u015fte domul<\/p>\n<p>F\u0103cut din bunuri, trai, experien\u0163e<\/p>\n<p>Dac-ar parcurge multe existen\u0163e.<\/p>\n<p>\u015ei nu doar una, cu regret amarnic<\/p>\n<p>C\u0103 a lui zile num\u0103rate-s; darnic<\/p>\n<p>\u00ce\u015fi risipe\u015fte f\u0103r\u2019 de noim\u0103 Timpul<\/p>\n<p>De parc-ar a\u015ftepta avid Olympul<\/p>\n<p>S\u0103-l ia pe el \u015fi-ai lui cu tot avutul<\/p>\n<p>De vreme ce mi-a dres pe lume scutul<\/p>\n<p>Ce-l ap\u0103r\u0103 de moarte ; trec\u0103torul<\/p>\n<p>N-apuc\u0103 iar s\u0103-\u015fi semene ogorul:<\/p>\n<p>Speran\u0163e mii, \u00een minte adunate<\/p>\n<p>N-apuc\u0103 s\u0103 rodeasc\u0103, el se zbate<\/p>\n<p>S-opreasc\u0103 timpu-n loc, s\u0103 tot adune<\/p>\n<p>Experien\u0163e, \u015ftiin\u0163e, lucruri, lume,<\/p>\n<p>Palate, piramide, reci morminte,<\/p>\n<p>Lungi partituri \u015fi stive \u2013ntregi de scripte,<\/p>\n<p>Dischete, discuri, baze-ntregi de date.<\/p>\n<p>O-ntreag\u0103 lume-\u015fi face : chiar \u015fi sfinte<\/p>\n<p>L\u0103ca\u015furi, temple, sculpturi mii \u015fi alte<\/p>\n<p>Lucr\u0103ri \u00een piatr\u0103, p\u00e2nz\u0103 \u015fi metale<\/p>\n<p>Menite-s ca pe-ntinderi seculare<\/p>\n<p>S\u0103-i poarte faima, numele: postuma<\/p>\n<p>Lui glorie la ce-i serve\u015fte-acuma,<\/p>\n<p>C\u00e2nd nu-i mai cuget, con\u015ftien\u0163\u0103, cine<\/p>\n<p>P\u0103streaz\u0103-n veci con\u015ftiin\u0163a lui de sine?<\/p>\n<p>\u00censcris\u0103 \u00een lumini sau tainici unde<\/p>\n<p>\u00cen univers constiin\u0163a-i va p\u0103trunde?<\/p>\n<p>Materii ca \u015fi forme sortite sunt s\u0103 piar\u0103<\/p>\n<p>Ideea, ce nu moare, Cine-o va na\u015fte iar\u0103?<\/p>\n<p>&nbsp;<\/p>\n<p>20.06.2004<\/p>\n<p>&nbsp;<\/p>\n<p style=\"text-align: center;\"><strong>O lum\u00e2nare la morm\u00e2ntul lui Beethoven<\/strong><\/p>\n<p align=\"center\"><strong>\u00a0<\/strong><\/p>\n<p align=\"center\"><strong>\u00a0<\/strong><\/p>\n<p>Lumin\u0103 care p\u00e2lp\u00e2ie pe soclu<\/p>\n<p>Aprins-am, nefiind un simplu cioclu,<\/p>\n<p>Nedemn urma\u015f al gloriei apuse.<\/p>\n<p>Clar definind cuvintele nespuse<\/p>\n<p>Prin muzic\u0103, El a cuprins fiin\u0163a<\/p>\n<p>A tot ce e uman, c\u0103ci neputin\u0163a<\/p>\n<p>Cuvintelor \u00een note-a spulberat<\/p>\n<p>Clar cuprinz\u00e2nd destinul ce ni-i dat.<\/p>\n<p>La g\u00e2nd, sim\u0163ire, fapt\u0103 el te-ndeamn\u0103<\/p>\n<p>A fi cu to\u0163i; cei muritori s-adun\u0103<\/p>\n<p>\u00cen coru-i sacru, p\u0103sul s\u0103 \u015fi-l spun\u0103<\/p>\n<p>To\u0163i cei crea\u0163i de Spiritul Divin,<\/p>\n<p>Supu\u015fi vie\u0163ii, mor\u0163ii; un destin<\/p>\n<p>Ce dat ne-a fost \u015fi trebuie-mplinit<\/p>\n<p>Voin\u0163\u0103 fer-a celui Infinit-<\/p>\n<p>S\u0103 fie, deci, o flam\u0103 ce p\u00e2lp\u00e2ie<\/p>\n<p>Pe-un monument de fier, f\u0103r\u0103 t\u0103m\u00e2ie<\/p>\n<p>Menit\u0103-i s\u0103 rosteasc\u0103 via-mi facl\u0103<\/p>\n<p>C\u0103 El e viu, mai viu acum \u00een racl\u0103.<\/p>\n<p>Imperiul mor\u0163ii d\u00e2ndu-i nemurirea<\/p>\n<p>De secole str\u0103punse \u00een sim\u0163irea<\/p>\n<p>Ce lor ce-au fost \u015fi vor veni pe lume<\/p>\n<p>A lor cohorte vor sim\u0163i anume<\/p>\n<p>C\u0103-i leag\u0103 ritmul muzicii celeste<\/p>\n<p>A celui ce-i aci, dar nu mai este<\/p>\n<p>Ve\u015fnic tr\u0103ind prin arta lui divin\u0103:<\/p>\n<p>Nu-i clip\u0103 s\u0103 n-auzi muzica-i plin\u0103.<\/p>\n<p>&nbsp;<\/p>\n<p>Viena<\/p>\n<p>18.08.2004<\/p>\n<p>&nbsp;<\/p>\n<p style=\"text-align: center;\"><strong>Arimie<\/strong><\/p>\n<p align=\"center\"><strong>\u00a0<\/strong><\/p>\n<p align=\"center\"><strong>\u00a0<\/strong><\/p>\n<p>Versuri m\u0103estre, ce curg f\u0103r\u0103 rim\u0103<\/p>\n<p>Ca note se-n\u015fir pe a timpului stim\u0103<\/p>\n<p>Nu pot fi c\u00e2ntate, ne-av\u00e2nd intervale<\/p>\n<p>Lipsit de z\u0103gazuri, p\u00e2r\u00e2ul, la vale<\/p>\n<p>Clipocind \u00eentr-una, un BACH monoton<\/p>\n<p>F\u0103r de armonie, contrapunct, doar t\u0103u<\/p>\n<p>Sclipind \u00een imagini total disperate<\/p>\n<p>E greu s\u0103 s-adune \u00een pagini curate.<\/p>\n<p>&nbsp;<\/p>\n<p><strong><em>Dr. Gheorghe \u015etef\u0103nescu<\/em><\/strong><\/p>\n<p><strong><em>Timi\u015foara<\/em><\/strong><\/p>\n<p>&nbsp;<\/p>\n<p><strong>\u00a0<\/strong><\/p>\n<p><strong>\u00a0<\/strong><\/p>\n<p><strong>\u00a0<\/strong><\/p>\n<p><strong>\u00a0<\/strong><\/p>\n<p><strong>\u00a0<\/strong><\/p>\n<p><strong>\u00a0<\/strong><\/p>\n<p><strong>\u00a0<\/strong><\/p>\n<p><strong>\u00a0<\/strong><\/p>\n<p><strong>\u00a0<\/strong><\/p>\n<p><strong>\u00a0<\/strong><\/p>\n<p><strong>\u00a0<\/strong><\/p>\n<p><strong>\u00a0<\/strong><\/p>\n<p><strong>\u00a0<\/strong><\/p>\n<p><strong>\u00a0<\/strong><\/p>\n<p><strong>\u00a0<\/strong><\/p>\n","protected":false},"excerpt":{"rendered":"<p>&nbsp; Ars poetica \u00a0 Doar lui i-a fost dat\u0103 nestins\u0103 menire S\u0103 pun\u0103 \u00een viersu-i \u00eentrega-i sim\u0163ire Zbuciumul e-ntr-una, o [&#038;hellip<\/p>\n","protected":false},"author":1,"featured_media":0,"comment_status":"closed","ping_status":"closed","sticky":false,"template":"","format":"standard","meta":{"footnotes":""},"categories":[3],"tags":[],"class_list":["post-9062","post","type-post","status-publish","format-standard","hentry","category-articole"],"_links":{"self":[{"href":"https:\/\/www.marianagurza.ro\/blog\/wp-json\/wp\/v2\/posts\/9062","targetHints":{"allow":["GET"]}}],"collection":[{"href":"https:\/\/www.marianagurza.ro\/blog\/wp-json\/wp\/v2\/posts"}],"about":[{"href":"https:\/\/www.marianagurza.ro\/blog\/wp-json\/wp\/v2\/types\/post"}],"author":[{"embeddable":true,"href":"https:\/\/www.marianagurza.ro\/blog\/wp-json\/wp\/v2\/users\/1"}],"replies":[{"embeddable":true,"href":"https:\/\/www.marianagurza.ro\/blog\/wp-json\/wp\/v2\/comments?post=9062"}],"version-history":[{"count":0,"href":"https:\/\/www.marianagurza.ro\/blog\/wp-json\/wp\/v2\/posts\/9062\/revisions"}],"wp:attachment":[{"href":"https:\/\/www.marianagurza.ro\/blog\/wp-json\/wp\/v2\/media?parent=9062"}],"wp:term":[{"taxonomy":"category","embeddable":true,"href":"https:\/\/www.marianagurza.ro\/blog\/wp-json\/wp\/v2\/categories?post=9062"},{"taxonomy":"post_tag","embeddable":true,"href":"https:\/\/www.marianagurza.ro\/blog\/wp-json\/wp\/v2\/tags?post=9062"}],"curies":[{"name":"wp","href":"https:\/\/api.w.org\/{rel}","templated":true}]}}