{"id":9066,"date":"2012-12-04T14:31:44","date_gmt":"2012-12-04T14:31:44","guid":{"rendered":"http:\/\/www.marianagurza.ro\/blog\/?p=9066"},"modified":"2012-12-04T14:36:19","modified_gmt":"2012-12-04T14:36:19","slug":"by-tatiana-scurtu-munteanu","status":"publish","type":"post","link":"https:\/\/www.marianagurza.ro\/blog\/2012\/12\/04\/by-tatiana-scurtu-munteanu\/","title":{"rendered":"Tatiana Scurtu-Munteanu: Sf\u00e2ntul Nicolae vine \u00een Belgia"},"content":{"rendered":"<p style=\"text-align: center;\"><a href=\"http:\/\/www.marianagurza.ro\/blog\/wp-content\/uploads\/2012\/12\/SfNicolaeBelgia1.jpg\"><img loading=\"lazy\" decoding=\"async\" class=\"size-medium wp-image-9067\" title=\"SfNicolaeBelgia1\" src=\"http:\/\/www.marianagurza.ro\/blog\/wp-content\/uploads\/2012\/12\/SfNicolaeBelgia1-300x298.jpg\" alt=\"\" width=\"300\" height=\"298\" srcset=\"https:\/\/www.marianagurza.ro\/blog\/wp-content\/uploads\/2012\/12\/SfNicolaeBelgia1-300x298.jpg 300w, https:\/\/www.marianagurza.ro\/blog\/wp-content\/uploads\/2012\/12\/SfNicolaeBelgia1-150x150.jpg 150w, https:\/\/www.marianagurza.ro\/blog\/wp-content\/uploads\/2012\/12\/SfNicolaeBelgia1.jpg 453w\" sizes=\"auto, (max-width: 300px) 100vw, 300px\" \/><\/a><\/p>\n<p style=\"text-align: justify;\">Sf\u00e2ntul Nicolae (<em>Sinterklaas)<\/em> vine \u00een Belgia pe m\u0103g\u0103ru\u015ful s\u0103u \u015fi intr\u0103 pe hornurile caselor cu sacul plin de juc\u0103rii. Copiii au grij\u0103 s\u0103 lase un morcov pentru m\u0103g\u0103ru\u015f, iar pentru Sf. Nicolae o scrisoare \u00een care \u00eei spun ce vor s\u0103 primeasc\u0103.<\/p>\n<p style=\"text-align: justify;\">\u00cenc\u0103 din secolul al XII-lea se spune c\u0103 Sf. Nicolae mergea din cas\u0103 \u00een cas\u0103 deghizat \u00een seara de 5 spre 6 decembrie pentru a-i \u00eentreba pe copii dac\u0103 au fost cumin\u0163i. Copiii ascult\u0103tori sunt r\u0103spl\u0103ti\u0163i cu cadouri, iar cei obraznici primesc c\u00e2te o nuielu\u015f\u0103.<\/p>\n<p style=\"text-align: center;\">\u00a0<a href=\"http:\/\/www.marianagurza.ro\/blog\/wp-content\/uploads\/2012\/12\/SfNicolaeBelgia2.jpg\"><img loading=\"lazy\" decoding=\"async\" class=\"size-medium wp-image-9068\" title=\"SfNicolaeBelgia2\" src=\"http:\/\/www.marianagurza.ro\/blog\/wp-content\/uploads\/2012\/12\/SfNicolaeBelgia2-242x300.jpg\" alt=\"\" width=\"242\" height=\"300\" srcset=\"https:\/\/www.marianagurza.ro\/blog\/wp-content\/uploads\/2012\/12\/SfNicolaeBelgia2-242x300.jpg 242w, https:\/\/www.marianagurza.ro\/blog\/wp-content\/uploads\/2012\/12\/SfNicolaeBelgia2.jpg 364w\" sizes=\"auto, (max-width: 242px) 100vw, 242px\" \/><\/a><\/p>\n<p style=\"text-align: justify;\">\u00cen Belgia exist\u0103 \u015fi o comun\u0103 cu numele de Saint-Nicolas, localitate francofon\u0103 din regiunea Liege. Are o popula\u0163ie total\u0103 de 27.550 locuitori pe 6.84 km\u00b2<\/p>\n<p style=\"text-align: justify;\">Datele istorice care ne vorbesc despre Sf\u00e2ntul Nicolae sunt incerte. Se presupune c\u0103 se face referire la Nicolae de Mira (cca 280-345) \u015fi visul lui Constantin cel Mare \u00een care sf\u00e2ntul Nicolae \u00eei cere s\u0103 ierte trei solda\u0163i os\u00e2ndi\u0163i la moarte. F\u0103c\u00e2nd parte dintr-o familie \u00eenst\u0103rit\u0103, el \u00ee\u015fi folose\u015fte mo\u015ftenirea ajut\u00e2ndu-i pe cei nevoia\u015fi.<\/p>\n<p style=\"text-align: center;\">\u00a0<a href=\"http:\/\/www.marianagurza.ro\/blog\/wp-content\/uploads\/2012\/12\/SfNicolaeBelgia3.jpg\"><img loading=\"lazy\" decoding=\"async\" class=\"size-medium wp-image-9069\" title=\"SfNicolaeBelgia3\" src=\"http:\/\/www.marianagurza.ro\/blog\/wp-content\/uploads\/2012\/12\/SfNicolaeBelgia3-300x200.jpg\" alt=\"\" width=\"300\" height=\"200\" srcset=\"https:\/\/www.marianagurza.ro\/blog\/wp-content\/uploads\/2012\/12\/SfNicolaeBelgia3-300x200.jpg 300w, https:\/\/www.marianagurza.ro\/blog\/wp-content\/uploads\/2012\/12\/SfNicolaeBelgia3.jpg 525w\" sizes=\"auto, (max-width: 300px) 100vw, 300px\" \/><\/a><\/p>\n<p style=\"text-align: justify;\">De-a lungul secolelor au fost formulate mai multe legende \u015fi pove\u015fti despre via\u0163a \u015fi faptele sale. Cea mai frumoas\u0103 poveste ne vorbe\u015fte despre un om s\u0103rac care avea trei fiice. Acestea nu se puteau c\u0103s\u0103tori din cauza c\u0103 nu aveau zestre. Atunci c\u00e2nd fata cea mare a ajuns la v\u00e2rsta m\u0103riti\u015fului, a g\u0103sit \u00een pragul casei un s\u0103cule\u0163 cu galbeni. Acela\u015fi lucru s-a \u00eentamplat \u015fi pentru celelalte fete. Ultimul s\u0103cule\u0163 a aterizat \u00eentr-o \u015foset\u0103, iar tat\u0103l fetelor, pus la p\u00e2nd\u0103, s\u0103 descopere binef\u0103c\u0103torul, l-a v\u0103zut pe Nicolae, devenit \u00eentre timp episcop, cobor\u00e2nd pe horn.<\/p>\n<p style=\"text-align: center;\">\u00a0<a href=\"http:\/\/www.marianagurza.ro\/blog\/wp-content\/uploads\/2012\/12\/SfNicolaeBelgia4.jpg\"><img loading=\"lazy\" decoding=\"async\" class=\"size-medium wp-image-9070\" title=\"SfNicolaeBelgia4\" src=\"http:\/\/www.marianagurza.ro\/blog\/wp-content\/uploads\/2012\/12\/SfNicolaeBelgia4-300x293.jpg\" alt=\"\" width=\"300\" height=\"293\" srcset=\"https:\/\/www.marianagurza.ro\/blog\/wp-content\/uploads\/2012\/12\/SfNicolaeBelgia4-300x293.jpg 300w, https:\/\/www.marianagurza.ro\/blog\/wp-content\/uploads\/2012\/12\/SfNicolaeBelgia4.jpg 448w\" sizes=\"auto, (max-width: 300px) 100vw, 300px\" \/><\/a><\/p>\n<p style=\"text-align: justify;\">Ast\u0103zi sf\u00e2ntul Nicolae este considerat patron \u015fi protector al copiilor, \u00eentruchip\u00e2nd o s\u0103rb\u0103toare a dragostei, speran\u0163ei, bun\u0103t\u0103\u0163ii \u015fi generozit\u0103\u0163ii.<\/p>\n<p style=\"text-align: justify;\">O serie de simboluri ne ajut\u0103 s\u0103-l recunoa\u015ftem pe Sf. Nicolae. Ele s-au dezvoltat din povestirile cele mai populare:<\/p>\n<ul style=\"text-align: justify;\">\n<li>Mitra \u2013 acoper\u0103m\u00e2nt al capului \u00een form\u0103 de cupol\u0103, purtat de episcopi.<\/li>\n<li>Toiagul \u2013 simbol al p\u0103storului peste popor.<\/li>\n<li>Trei bile de aur \u2013 reprezint\u0103 zestrea acordat\u0103 fecioarelor; sunt folosite mere sau portocale pentru a simboliza darul.<\/li>\n<li>Monedele de aur sau pungu\u0163ele \u2013 alt\u0103 modalitate de a reprezenta aurul fetelor.<\/li>\n<li>Pantofii \u2013 pu\u015fi \u00een a\u015fteptarea darurilor.<\/li>\n<li>Nava sau ancora \u2013 asocia\u0163ia Sf. Nicolae cu marinarii, oferindu-le protec\u0163ie \u00eempotriva furtunilor<\/li>\n<li>Cele trei fete sau copiii \u2013 simbolizeaz\u0103 protejarea acestora.<\/li>\n<\/ul>\n<p style=\"text-align: justify;\"><em>By Tatiana Scurtu-Munteanu<\/em><\/p>\n","protected":false},"excerpt":{"rendered":"<p>Sf\u00e2ntul Nicolae (Sinterklaas) vine \u00een Belgia pe m\u0103g\u0103ru\u015ful s\u0103u \u015fi intr\u0103 pe hornurile caselor cu sacul plin de juc\u0103rii. Copiii [&#038;hellip<\/p>\n","protected":false},"author":1,"featured_media":0,"comment_status":"closed","ping_status":"closed","sticky":false,"template":"","format":"standard","meta":{"footnotes":""},"categories":[3],"tags":[],"class_list":["post-9066","post","type-post","status-publish","format-standard","hentry","category-articole"],"_links":{"self":[{"href":"https:\/\/www.marianagurza.ro\/blog\/wp-json\/wp\/v2\/posts\/9066","targetHints":{"allow":["GET"]}}],"collection":[{"href":"https:\/\/www.marianagurza.ro\/blog\/wp-json\/wp\/v2\/posts"}],"about":[{"href":"https:\/\/www.marianagurza.ro\/blog\/wp-json\/wp\/v2\/types\/post"}],"author":[{"embeddable":true,"href":"https:\/\/www.marianagurza.ro\/blog\/wp-json\/wp\/v2\/users\/1"}],"replies":[{"embeddable":true,"href":"https:\/\/www.marianagurza.ro\/blog\/wp-json\/wp\/v2\/comments?post=9066"}],"version-history":[{"count":0,"href":"https:\/\/www.marianagurza.ro\/blog\/wp-json\/wp\/v2\/posts\/9066\/revisions"}],"wp:attachment":[{"href":"https:\/\/www.marianagurza.ro\/blog\/wp-json\/wp\/v2\/media?parent=9066"}],"wp:term":[{"taxonomy":"category","embeddable":true,"href":"https:\/\/www.marianagurza.ro\/blog\/wp-json\/wp\/v2\/categories?post=9066"},{"taxonomy":"post_tag","embeddable":true,"href":"https:\/\/www.marianagurza.ro\/blog\/wp-json\/wp\/v2\/tags?post=9066"}],"curies":[{"name":"wp","href":"https:\/\/api.w.org\/{rel}","templated":true}]}}