{"id":9134,"date":"2012-12-05T23:38:40","date_gmt":"2012-12-05T23:38:40","guid":{"rendered":"http:\/\/www.marianagurza.ro\/blog\/?p=9134"},"modified":"2013-04-22T18:04:34","modified_gmt":"2013-04-22T18:04:34","slug":"eugen-emeric-la-multi-ani-liviuta","status":"publish","type":"post","link":"https:\/\/www.marianagurza.ro\/blog\/2012\/12\/05\/eugen-emeric-la-multi-ani-liviuta\/","title":{"rendered":"Eugen Emeric Chvala: La mul\u021bi ani Liviu\u021ba !"},"content":{"rendered":"<h5 style=\"text-align: center;\" data-ft=\"{&quot;type&quot;:1,&quot;tn&quot;:&quot;K&quot;}\">\u00a0<a href=\"http:\/\/www.marianagurza.ro\/blog\/wp-content\/uploads\/2012\/12\/liviuta.jpg\"><img loading=\"lazy\" decoding=\"async\" class=\"size-full wp-image-9149\" title=\"liviuta\" src=\"http:\/\/www.marianagurza.ro\/blog\/wp-content\/uploads\/2012\/12\/liviuta.jpg\" alt=\"\" width=\"206\" height=\"274\" \/><\/a><\/h5>\n<p>&nbsp;<\/p>\n<p>&nbsp;<\/p>\n<p><strong><em>La mul\u021bi ani Liviu\u021ba ! <\/em><\/strong><\/p>\n<p><strong><em>\u00a0\u00a0\u00a0\u00a0\u00a0\u00a0\u00a0\u00a0\u00a0\u00a0\u00a0\u00a0\u00a0\u00a0\u00a0\u00a0\u00a0\u00a0\u00a0 S\u0103 ne tr\u0103ie\u0219ti pui frumos \u0219i drag !<\/em><\/strong><\/p>\n<p>&nbsp;<\/p>\n<p>&nbsp;<\/p>\n<p>Mohor\u00e2t e cerul, rece<br \/>\nde \u00eenghea\u021b\u0103 clipele<br \/>\nciori zburd\u0103cesc prin cea\u021b\u0103, zece<\/p>\n<p>Cro\u0219etu-\u0219i aripile<\/p>\n<p>&nbsp;<\/p>\n<p>Nu a nins de-anu&#8217; trecut<br \/>\namintiri se-nghesuie<br \/>\nce-am avut \u0219i ce-am pierdut &#8230;<br \/>\n&#8230;uh&#8230;asta da obsesie !<\/p>\n<p>&nbsp;<\/p>\n<p>S\u0103rb\u0103tori sunt cu toptanul<br \/>\ndorul face iar impresie &#8230;<br \/>\nsoba, ceaiul \u0219i motanul<br \/>\nrimeaza cu &#8230; pensie (?!)<\/p>\n<p>&nbsp;<\/p>\n<p>&nbsp;<\/p>\n<p>\u00cen cuptor, gras \u0219i-ng\u00e2mfat<br \/>\nun bostan tot sf\u00e2r\u00e2ie<br \/>\ncu mere s-a \u00eemp\u0103nat<br \/>\n\u0219i arome de l\u0103m\u00e2ie<\/p>\n<p>&nbsp;<\/p>\n<p>un curcan aud pl\u00e2ng\u00e2nd<br \/>\n\u0219tie c\u0103\u00a0 s-apropie<br \/>\nziua-n care, vr\u00e2nd\/nevr\u00e2nd<br \/>\n\u00een cuptor se l\u0103f\u0103ie<\/p>\n<p>&nbsp;<\/p>\n<p>lini\u0219tit\u0103-i iarna-acum<br \/>\ncasa-i plin\u0103 de miresme<br \/>\nvin copii de pe drum<br \/>\nla pieptu-mi iar s\u0103 se a\u0219eze<\/p>\n<p>&nbsp;<\/p>\n<p>g\u00e2ndu-i plin de lacrimi calde<br \/>\nfericirea ma \u00eembat\u0103<br \/>\nnu dau nici pe-o mie de smaralde<br \/>\nfericirea mea de tat\u0103 !<\/p>\n<h5><\/h5>\n<p><strong><em>\u00a0\u00a0\u00a0\u00a0\u00a0\u00a0\u00a0\u00a0\u00a0\u00a0\u00a0\u00a0\u00a0\u00a0\u00a0\u00a0\u00a0\u00a0\u00a0\u00a0\u00a0\u00a0\u00a0\u00a0 Eugen Emeric Chvala<\/em><\/strong><\/p>\n<p>06. 12. 2012<\/p>\n<p><a href=\"http:\/\/www.youtube.com\/watch?v=vc2jDz6w-r4\">http:\/\/www.youtube.com\/watch?v=vc2jDz6w-r4<\/a><\/p>\n<p>&nbsp;<\/p>\n<p style=\"text-align: center;\"><a href=\"http:\/\/www.marianagurza.ro\/blog\/wp-content\/uploads\/2012\/12\/La-multi-ani-.jpg\"><img loading=\"lazy\" decoding=\"async\" class=\"size-full wp-image-9140\" title=\"La multi ani !!!\" src=\"http:\/\/www.marianagurza.ro\/blog\/wp-content\/uploads\/2012\/12\/La-multi-ani-.jpg\" alt=\"\" width=\"196\" height=\"257\" \/><\/a><\/p>\n<p>&nbsp;<\/p>\n","protected":false},"excerpt":{"rendered":"<p>\u00a0 &nbsp; &nbsp; La mul\u021bi ani Liviu\u021ba ! \u00a0\u00a0\u00a0\u00a0\u00a0\u00a0\u00a0\u00a0\u00a0\u00a0\u00a0\u00a0\u00a0\u00a0\u00a0\u00a0\u00a0\u00a0\u00a0 S\u0103 ne tr\u0103ie\u0219ti pui frumos \u0219i drag ! &nbsp; &nbsp; Mohor\u00e2t [&#038;hellip<\/p>\n","protected":false},"author":1,"featured_media":0,"comment_status":"closed","ping_status":"closed","sticky":false,"template":"","format":"standard","meta":{"footnotes":""},"categories":[3],"tags":[],"class_list":["post-9134","post","type-post","status-publish","format-standard","hentry","category-articole"],"_links":{"self":[{"href":"https:\/\/www.marianagurza.ro\/blog\/wp-json\/wp\/v2\/posts\/9134","targetHints":{"allow":["GET"]}}],"collection":[{"href":"https:\/\/www.marianagurza.ro\/blog\/wp-json\/wp\/v2\/posts"}],"about":[{"href":"https:\/\/www.marianagurza.ro\/blog\/wp-json\/wp\/v2\/types\/post"}],"author":[{"embeddable":true,"href":"https:\/\/www.marianagurza.ro\/blog\/wp-json\/wp\/v2\/users\/1"}],"replies":[{"embeddable":true,"href":"https:\/\/www.marianagurza.ro\/blog\/wp-json\/wp\/v2\/comments?post=9134"}],"version-history":[{"count":1,"href":"https:\/\/www.marianagurza.ro\/blog\/wp-json\/wp\/v2\/posts\/9134\/revisions"}],"predecessor-version":[{"id":12407,"href":"https:\/\/www.marianagurza.ro\/blog\/wp-json\/wp\/v2\/posts\/9134\/revisions\/12407"}],"wp:attachment":[{"href":"https:\/\/www.marianagurza.ro\/blog\/wp-json\/wp\/v2\/media?parent=9134"}],"wp:term":[{"taxonomy":"category","embeddable":true,"href":"https:\/\/www.marianagurza.ro\/blog\/wp-json\/wp\/v2\/categories?post=9134"},{"taxonomy":"post_tag","embeddable":true,"href":"https:\/\/www.marianagurza.ro\/blog\/wp-json\/wp\/v2\/tags?post=9134"}],"curies":[{"name":"wp","href":"https:\/\/api.w.org\/{rel}","templated":true}]}}