{"id":9227,"date":"2012-12-09T13:53:11","date_gmt":"2012-12-09T13:53:11","guid":{"rendered":"http:\/\/www.marianagurza.ro\/blog\/?p=9227"},"modified":"2012-12-09T13:55:04","modified_gmt":"2012-12-09T13:55:04","slug":"sandu-catinean-din-bontida-ah-tara-mea-%e2%80%a6","status":"publish","type":"post","link":"https:\/\/www.marianagurza.ro\/blog\/2012\/12\/09\/sandu-catinean-din-bontida-ah-tara-mea-%e2%80%a6\/","title":{"rendered":"Sandu C\u0103tinean din Bon\u0163ida: Ah, \u0162ara mea \u2026"},"content":{"rendered":"<p style=\"text-align: center;\"><a href=\"http:\/\/www.marianagurza.ro\/blog\/wp-content\/uploads\/2012\/12\/ardealul-iarna.jpg\"><img loading=\"lazy\" decoding=\"async\" class=\"size-full wp-image-9228\" title=\"ardealul iarna\" src=\"http:\/\/www.marianagurza.ro\/blog\/wp-content\/uploads\/2012\/12\/ardealul-iarna.jpg\" alt=\"\" width=\"279\" height=\"181\" \/><\/a><\/p>\n<p>\u00a0\u00a0\u00a0\u00a0\u00a0\u00a0\u00a0\u00a0\u00a0\u00a0\u00a0 <strong>Ah, \u0162ara mea \u2026<\/strong><\/p>\n<p>&nbsp;<\/p>\n<p>Ah, \u0162ara mea plin\u0103 de patimi<br \/>\nC\u00e2t de mult mi-e dor de tine<br \/>\nC\u00e2t de mult iubesc Ardealul<\/p>\n<p>\u015ei s\u0103 mor de drag \u00eemi vine\u2026<\/p>\n<p>&nbsp;<\/p>\n<p>Ah, \u0162ara mea c\u00e2t te iubesc<br \/>\nMai ales c\u00e2nd v\u0103d cum neguri<br \/>\nPeste dealuri negre scurm\u0103<br \/>\n\u015ei te v\u00e2ntur\u0103 prin vremuri\u2026<\/p>\n<p>Draga mea cu brazii negrii<br \/>\nCe \u00eemi dai mereu c\u0103ldur\u0103<br \/>\nCum a\u015f vrea s\u0103 te mai ap\u0103r<br \/>\nSe te scap de-at\u00e2ta ur\u0103\u2026<\/p>\n<p>C\u0103 to\u0163i vor s\u0103 te despoaie<br \/>\nDin Apus, din R\u0103s\u0103rit<br \/>\n\u015ei-am s\u0103 mor de drag Iubito<br \/>\nTot strig\u00e2nd cat te-am iubit\u2026<\/p>\n<p>&nbsp;<\/p>\n<p><em><strong>\u00a0\u00a0\u00a0\u00a0\u00a0\u00a0\u00a0\u00a0\u00a0\u00a0\u00a0\u00a0 Sandu C\u0103tinean din Bon\u0163ida<\/strong><\/em><\/p>\n","protected":false},"excerpt":{"rendered":"<p>\u00a0\u00a0\u00a0\u00a0\u00a0\u00a0\u00a0\u00a0\u00a0\u00a0\u00a0 Ah, \u0162ara mea \u2026 &nbsp; Ah, \u0162ara mea plin\u0103 de patimi C\u00e2t de mult mi-e dor de tine C\u00e2t [&#038;hellip<\/p>\n","protected":false},"author":1,"featured_media":0,"comment_status":"closed","ping_status":"closed","sticky":false,"template":"","format":"standard","meta":{"footnotes":""},"categories":[3],"tags":[],"class_list":["post-9227","post","type-post","status-publish","format-standard","hentry","category-articole"],"_links":{"self":[{"href":"https:\/\/www.marianagurza.ro\/blog\/wp-json\/wp\/v2\/posts\/9227","targetHints":{"allow":["GET"]}}],"collection":[{"href":"https:\/\/www.marianagurza.ro\/blog\/wp-json\/wp\/v2\/posts"}],"about":[{"href":"https:\/\/www.marianagurza.ro\/blog\/wp-json\/wp\/v2\/types\/post"}],"author":[{"embeddable":true,"href":"https:\/\/www.marianagurza.ro\/blog\/wp-json\/wp\/v2\/users\/1"}],"replies":[{"embeddable":true,"href":"https:\/\/www.marianagurza.ro\/blog\/wp-json\/wp\/v2\/comments?post=9227"}],"version-history":[{"count":0,"href":"https:\/\/www.marianagurza.ro\/blog\/wp-json\/wp\/v2\/posts\/9227\/revisions"}],"wp:attachment":[{"href":"https:\/\/www.marianagurza.ro\/blog\/wp-json\/wp\/v2\/media?parent=9227"}],"wp:term":[{"taxonomy":"category","embeddable":true,"href":"https:\/\/www.marianagurza.ro\/blog\/wp-json\/wp\/v2\/categories?post=9227"},{"taxonomy":"post_tag","embeddable":true,"href":"https:\/\/www.marianagurza.ro\/blog\/wp-json\/wp\/v2\/tags?post=9227"}],"curies":[{"name":"wp","href":"https:\/\/api.w.org\/{rel}","templated":true}]}}