{"id":9401,"date":"2012-12-17T11:38:10","date_gmt":"2012-12-17T11:38:10","guid":{"rendered":"http:\/\/www.marianagurza.ro\/blog\/?p=9401"},"modified":"2012-12-20T10:58:33","modified_gmt":"2012-12-20T10:58:33","slug":"pom-de-craciun-de-radu-gyr","status":"publish","type":"post","link":"https:\/\/www.marianagurza.ro\/blog\/2012\/12\/17\/pom-de-craciun-de-radu-gyr\/","title":{"rendered":"Radu Gyr &#8211; Pom de Cr\u0103ciun"},"content":{"rendered":"<p style=\"text-align: center;\"><strong>\u00a0\u00a0\u00a0\u00a0\u00a0\u00a0\u00a0\u00a0\u00a0\u00a0\u00a0\u00a0\u00a0 <a href=\"http:\/\/www.marianagurza.ro\/blog\/wp-content\/uploads\/2012\/12\/craciun.jpg\"><img loading=\"lazy\" decoding=\"async\" class=\"size-full wp-image-9405\" title=\"craciun\" src=\"http:\/\/www.marianagurza.ro\/blog\/wp-content\/uploads\/2012\/12\/craciun.jpg\" alt=\"\" width=\"237\" height=\"212\" \/><\/a><br \/>\n<\/strong><\/p>\n<p><strong>\u00a0\u00a0\u00a0\u00a0\u00a0\u00a0\u00a0\u00a0\u00a0\u00a0\u00a0\u00a0 POM DE CR\u0102CIUN<\/strong><\/p>\n<p><strong>\u00a0<\/strong><\/p>\n<p>Cu \u00eengerii ce se-ndurau s\u00e3 vin\u00e3,<br \/>\nveneau smochine din Ierusalim,<br \/>\niar noi p\u00e2ndeam, prosteste si sublim,<br \/>\npe mos Cr\u00e3ciun la geamuri de hermin\u00e3.<br \/>\nSi c\u00e2nd pl\u00e2ngea \u00een cer un heruvim,<br \/>\nc\u00e3deau \u00een brad mari lacrimi de lumin\u00e3,<br \/>\ncrestea din fiecare-o mandarin\u00e3,<br \/>\nsi ne d\u00e3dea azur s\u00e3 mirosim.<br \/>\nCe gravi stau ast\u00e3zi numai pe morminte<br \/>\nserafi de piatr\u00e3, orbi si f\u00e3r\u00e3 grai.<br \/>\nIn s\u00e3nii nu mai vin ca mai-nainte<br \/>\nnici mos Cr\u00e3ciun, nici Sf\u00e3ntul Neculai,<br \/>\niar noi am pus prin cetini oseminte<br \/>\nsi-am oblonit fereastra c\u00e3tre rai.<\/p>\n<p>&nbsp;<\/p>\n<p><strong>\u00a0\u00a0\u00a0\u00a0\u00a0\u00a0\u00a0 O, BRAD FRUMOS\u2026 <\/strong><\/p>\n<p>&nbsp;<\/p>\n<p>O, brad frumos, ce sf\u00e2nt p\u00e3reai<br \/>\n\u00een alt\u00e3 s\u00e3rb\u00e3toare.<br \/>\nM\u00e3 v\u00e3d copil cu p\u00e3r b\u00e3lai<br \/>\nsi ochii de cicoare.<br \/>\nRev\u00e3d un scump si drag c\u00e3min<br \/>\nsi chipul mamei sfinte,<br \/>\nimagini de Cr\u00e3ciun senin<br \/>\nmi-apar si azi \u00een minte.<br \/>\nUn brad cu daruri si lumini<br \/>\n\u00een amintiri s\u2019arat\u00e3.<br \/>\nIn vis z\u00e2mbeste ca un crin<br \/>\ncopilul de-alt\u00e3dat\u00e3.<br \/>\nIntregul cer era deschis<br \/>\ndeasupra fruntii mele.<br \/>\nAzi str\u00e2ng doar pulbere de vis<br \/>\nsi numai scrum din stele.<br \/>\nCopil b\u00e3lai, Cr\u00e3ciun si brad<br \/>\ns\u2019au stins \u00een alte zile.<br \/>\nAzi numai lacrimile cad,<br \/>\npe\u2019ng\u00e3lbenite file\u2026<br \/>\nAzi nu mai vine Mos Cr\u00e3ciun<br \/>\ncu barba-i jucause,<br \/>\nci doar tristetile mi-adun<br \/>\ns\u00e3-mi pl\u00e2ng\u00e3 l\u00e2ng\u00e3 use\u2026<br \/>\nIn bezna temnitei m\u00e3 fr\u00e2ng<br \/>\nsub grele lespezi mute,<br \/>\nsi\u2019mpov\u00e3rat de doruri pl\u00e2ng<br \/>\npe amintiri pierdute.<br \/>\nOm\u00e3tul spulberat de v\u00e2nt<br \/>\nse cerne prin z\u00e3brele<br \/>\nsi-mi pare temnita morm\u00e2nt<br \/>\nal tineretii mele\u2026<\/p>\n<p>&nbsp;<\/p>\n<p><strong>\u00a0\u00a0 Radu Gyr<\/strong><\/p>\n<p><strong><br \/>\n<\/strong>(\u00eenchisoarea Aiud)<\/p>\n","protected":false},"excerpt":{"rendered":"<p>\u00a0\u00a0\u00a0\u00a0\u00a0\u00a0\u00a0\u00a0\u00a0\u00a0\u00a0\u00a0\u00a0 \u00a0\u00a0\u00a0\u00a0\u00a0\u00a0\u00a0\u00a0\u00a0\u00a0\u00a0\u00a0 POM DE CR\u0102CIUN \u00a0 Cu \u00eengerii ce se-ndurau s\u00e3 vin\u00e3, veneau smochine din Ierusalim, iar noi p\u00e2ndeam, prosteste [&#038;hellip<\/p>\n","protected":false},"author":1,"featured_media":0,"comment_status":"closed","ping_status":"closed","sticky":false,"template":"","format":"standard","meta":{"footnotes":""},"categories":[3],"tags":[],"class_list":["post-9401","post","type-post","status-publish","format-standard","hentry","category-articole"],"_links":{"self":[{"href":"https:\/\/www.marianagurza.ro\/blog\/wp-json\/wp\/v2\/posts\/9401","targetHints":{"allow":["GET"]}}],"collection":[{"href":"https:\/\/www.marianagurza.ro\/blog\/wp-json\/wp\/v2\/posts"}],"about":[{"href":"https:\/\/www.marianagurza.ro\/blog\/wp-json\/wp\/v2\/types\/post"}],"author":[{"embeddable":true,"href":"https:\/\/www.marianagurza.ro\/blog\/wp-json\/wp\/v2\/users\/1"}],"replies":[{"embeddable":true,"href":"https:\/\/www.marianagurza.ro\/blog\/wp-json\/wp\/v2\/comments?post=9401"}],"version-history":[{"count":0,"href":"https:\/\/www.marianagurza.ro\/blog\/wp-json\/wp\/v2\/posts\/9401\/revisions"}],"wp:attachment":[{"href":"https:\/\/www.marianagurza.ro\/blog\/wp-json\/wp\/v2\/media?parent=9401"}],"wp:term":[{"taxonomy":"category","embeddable":true,"href":"https:\/\/www.marianagurza.ro\/blog\/wp-json\/wp\/v2\/categories?post=9401"},{"taxonomy":"post_tag","embeddable":true,"href":"https:\/\/www.marianagurza.ro\/blog\/wp-json\/wp\/v2\/tags?post=9401"}],"curies":[{"name":"wp","href":"https:\/\/api.w.org\/{rel}","templated":true}]}}