{"id":9453,"date":"2012-12-20T10:20:10","date_gmt":"2012-12-20T10:20:10","guid":{"rendered":"http:\/\/www.marianagurza.ro\/blog\/?p=9453"},"modified":"2012-12-20T10:55:36","modified_gmt":"2012-12-20T10:55:36","slug":"colinde-colinde-%e2%80%93-mihai-eminescu","status":"publish","type":"post","link":"https:\/\/www.marianagurza.ro\/blog\/2012\/12\/20\/colinde-colinde-%e2%80%93-mihai-eminescu\/","title":{"rendered":"Mihai Eminescu &#8211; Colinde, colinde"},"content":{"rendered":"<p style=\"text-align: center;\"><a href=\"http:\/\/www.marianagurza.ro\/blog\/wp-content\/uploads\/2012\/12\/ansamblul-icoane.jpg\"><img loading=\"lazy\" decoding=\"async\" class=\"size-medium wp-image-9461\" title=\"ansamblul-icoane\" src=\"http:\/\/www.marianagurza.ro\/blog\/wp-content\/uploads\/2012\/12\/ansamblul-icoane-300x225.jpg\" alt=\"\" width=\"300\" height=\"225\" srcset=\"https:\/\/www.marianagurza.ro\/blog\/wp-content\/uploads\/2012\/12\/ansamblul-icoane-300x225.jpg 300w, https:\/\/www.marianagurza.ro\/blog\/wp-content\/uploads\/2012\/12\/ansamblul-icoane.jpg 430w\" sizes=\"auto, (max-width: 300px) 100vw, 300px\" \/><\/a><\/p>\n<p align=\"center\">Ansamblul de Muzic\u0103 Tradi\u0163ional\u0103 Rom\u00e2neasc\u0103 <strong>\u201eICOANE\u201d<\/strong> al Academiei de Muzic\u0103 \u201eGheorghe Dima\u201d din Cluj-Napoca<\/p>\n<p align=\"center\">***<\/p>\n<p align=\"center\"><strong>Colinde, colinde<\/strong><\/p>\n<p align=\"center\">\u00a0\u00a0\u00a0\u00a0\u00a0\u00a0\u00a0\u00a0\u00a0\u00a0\u00a0\u00a0\u00a0\u00a0\u00a0\u00a0\u00a0\u00a0\u00a0\u00a0\u00a0\u00a0\u00a0\u00a0\u00a0\u00a0\u00a0\u00a0\u00a0\u00a0\u00a0\u00a0\u00a0\u00a0\u00a0\u00a0\u00a0\u00a0 <strong>de Mihai Eminescu<\/strong><\/p>\n<p align=\"center\">Colinde, colinde!<br \/>\nE vremea colindelor,<br \/>\nCaci gheata se-ntinde<br \/>\nAsemeni oglinzilor<br \/>\nSi tremura brazii<br \/>\nMisc\u00e2nd ramurelele,<br \/>\nCaci noaptea de azi-i<br \/>\nC\u00e2nd sc\u00e2nteie stelele.<\/p>\n<p align=\"center\">Se bucura copiii,<br \/>\nCopiii si fetele,<br \/>\nDe dragul Mariei<br \/>\n\u00cesi piaptana pletele.<br \/>\nDe dragul Mariei<br \/>\nS-a M\u00e2ntuitorului<br \/>\nLuceste pe ceruri<br \/>\nO stea calatorului.<\/p>\n","protected":false},"excerpt":{"rendered":"<p>Ansamblul de Muzic\u0103 Tradi\u0163ional\u0103 Rom\u00e2neasc\u0103 \u201eICOANE\u201d al Academiei de Muzic\u0103 \u201eGheorghe Dima\u201d din Cluj-Napoca *** Colinde, colinde \u00a0\u00a0\u00a0\u00a0\u00a0\u00a0\u00a0\u00a0\u00a0\u00a0\u00a0\u00a0\u00a0\u00a0\u00a0\u00a0\u00a0\u00a0\u00a0\u00a0\u00a0\u00a0\u00a0\u00a0\u00a0\u00a0\u00a0\u00a0\u00a0\u00a0\u00a0\u00a0\u00a0\u00a0\u00a0\u00a0\u00a0\u00a0 de Mihai [&#038;hellip<\/p>\n","protected":false},"author":1,"featured_media":0,"comment_status":"closed","ping_status":"closed","sticky":false,"template":"","format":"standard","meta":{"footnotes":""},"categories":[3],"tags":[],"class_list":["post-9453","post","type-post","status-publish","format-standard","hentry","category-articole"],"_links":{"self":[{"href":"https:\/\/www.marianagurza.ro\/blog\/wp-json\/wp\/v2\/posts\/9453","targetHints":{"allow":["GET"]}}],"collection":[{"href":"https:\/\/www.marianagurza.ro\/blog\/wp-json\/wp\/v2\/posts"}],"about":[{"href":"https:\/\/www.marianagurza.ro\/blog\/wp-json\/wp\/v2\/types\/post"}],"author":[{"embeddable":true,"href":"https:\/\/www.marianagurza.ro\/blog\/wp-json\/wp\/v2\/users\/1"}],"replies":[{"embeddable":true,"href":"https:\/\/www.marianagurza.ro\/blog\/wp-json\/wp\/v2\/comments?post=9453"}],"version-history":[{"count":0,"href":"https:\/\/www.marianagurza.ro\/blog\/wp-json\/wp\/v2\/posts\/9453\/revisions"}],"wp:attachment":[{"href":"https:\/\/www.marianagurza.ro\/blog\/wp-json\/wp\/v2\/media?parent=9453"}],"wp:term":[{"taxonomy":"category","embeddable":true,"href":"https:\/\/www.marianagurza.ro\/blog\/wp-json\/wp\/v2\/categories?post=9453"},{"taxonomy":"post_tag","embeddable":true,"href":"https:\/\/www.marianagurza.ro\/blog\/wp-json\/wp\/v2\/tags?post=9453"}],"curies":[{"name":"wp","href":"https:\/\/api.w.org\/{rel}","templated":true}]}}