{"id":9549,"date":"2012-12-24T09:27:36","date_gmt":"2012-12-24T09:27:36","guid":{"rendered":"http:\/\/www.marianagurza.ro\/blog\/?p=9549"},"modified":"2012-12-24T09:27:36","modified_gmt":"2012-12-24T09:27:36","slug":"valeriu-gafencu-colind-de-craciun","status":"publish","type":"post","link":"https:\/\/www.marianagurza.ro\/blog\/2012\/12\/24\/valeriu-gafencu-colind-de-craciun\/","title":{"rendered":"Valeriu Gafencu &#8211; Colind de Cr\u0103ciun"},"content":{"rendered":"<p style=\"text-align: center;\"><a href=\"http:\/\/www.marianagurza.ro\/blog\/wp-content\/uploads\/2012\/12\/06-NastereaDomnului.jpg\"><img loading=\"lazy\" decoding=\"async\" class=\"size-medium wp-image-9550\" title=\"06-NastereaDomnului\" src=\"http:\/\/www.marianagurza.ro\/blog\/wp-content\/uploads\/2012\/12\/06-NastereaDomnului-300x260.jpg\" alt=\"\" width=\"300\" height=\"260\" srcset=\"https:\/\/www.marianagurza.ro\/blog\/wp-content\/uploads\/2012\/12\/06-NastereaDomnului-300x260.jpg 300w, https:\/\/www.marianagurza.ro\/blog\/wp-content\/uploads\/2012\/12\/06-NastereaDomnului.jpg 1000w\" sizes=\"auto, (max-width: 300px) 100vw, 300px\" \/><\/a><\/p>\n<p><a name=\"poezie1\"><\/a><span style=\"font-size: large;\">Colind de Cr\u0103ciun<\/span><\/p>\n<p>de Valeriu Gafencu<\/p>\n<p>\u00cen noaptea Sf\u00e2nt\u0103, viu lumineaz\u0103<br \/>\nLuceaf\u0103rul zorilor vietii cei noi,<br \/>\nCoboar\u0103 Iisus \u00een noi<br \/>\nVesteste viata de-apoi<br \/>\nSi steaua deasupra vegheaz\u0103.<\/p>\n<p>Refren:<br \/>\nSi nasterea Ta minunat\u0103<br \/>\nO c\u00e2nt\u0103 p\u0103storii si pruncii,<br \/>\nIar cerul deschis se arat\u0103<br \/>\nCu portile \u00een chipul crucii.<\/p>\n<p>Trei magi c\u0103l\u0103tori au venit de departe<br \/>\nCu dar de t\u0103m\u00e2ie, de aur si smirn\u0103,<br \/>\nCu fruntile de lumin\u0103,<br \/>\n\u0091Ngenunche si se-nchin\u0103<br \/>\nCu inimi smerite, plecate.<\/p>\n<p>(din vol.\u0094Poeti dup\u0103 gratii\u0094, vol.4)<\/p>\n","protected":false},"excerpt":{"rendered":"<p>Colind de Cr\u0103ciun de Valeriu Gafencu \u00cen noaptea Sf\u00e2nt\u0103, viu lumineaz\u0103 Luceaf\u0103rul zorilor vietii cei noi, Coboar\u0103 Iisus \u00een noi [&#038;hellip<\/p>\n","protected":false},"author":1,"featured_media":0,"comment_status":"closed","ping_status":"closed","sticky":false,"template":"","format":"standard","meta":{"footnotes":""},"categories":[3],"tags":[],"class_list":["post-9549","post","type-post","status-publish","format-standard","hentry","category-articole"],"_links":{"self":[{"href":"https:\/\/www.marianagurza.ro\/blog\/wp-json\/wp\/v2\/posts\/9549","targetHints":{"allow":["GET"]}}],"collection":[{"href":"https:\/\/www.marianagurza.ro\/blog\/wp-json\/wp\/v2\/posts"}],"about":[{"href":"https:\/\/www.marianagurza.ro\/blog\/wp-json\/wp\/v2\/types\/post"}],"author":[{"embeddable":true,"href":"https:\/\/www.marianagurza.ro\/blog\/wp-json\/wp\/v2\/users\/1"}],"replies":[{"embeddable":true,"href":"https:\/\/www.marianagurza.ro\/blog\/wp-json\/wp\/v2\/comments?post=9549"}],"version-history":[{"count":0,"href":"https:\/\/www.marianagurza.ro\/blog\/wp-json\/wp\/v2\/posts\/9549\/revisions"}],"wp:attachment":[{"href":"https:\/\/www.marianagurza.ro\/blog\/wp-json\/wp\/v2\/media?parent=9549"}],"wp:term":[{"taxonomy":"category","embeddable":true,"href":"https:\/\/www.marianagurza.ro\/blog\/wp-json\/wp\/v2\/categories?post=9549"},{"taxonomy":"post_tag","embeddable":true,"href":"https:\/\/www.marianagurza.ro\/blog\/wp-json\/wp\/v2\/tags?post=9549"}],"curies":[{"name":"wp","href":"https:\/\/api.w.org\/{rel}","templated":true}]}}