{"id":9553,"date":"2012-12-24T09:31:59","date_gmt":"2012-12-24T09:31:59","guid":{"rendered":"http:\/\/www.marianagurza.ro\/blog\/?p=9553"},"modified":"2012-12-24T09:31:59","modified_gmt":"2012-12-24T09:31:59","slug":"radu-gyr","status":"publish","type":"post","link":"https:\/\/www.marianagurza.ro\/blog\/2012\/12\/24\/radu-gyr\/","title":{"rendered":"Radu Gyr &#8211; Colind"},"content":{"rendered":"<p style=\"text-align: center;\"><a href=\"http:\/\/www.marianagurza.ro\/blog\/wp-content\/uploads\/2012\/12\/colinde.jpg\"><img loading=\"lazy\" decoding=\"async\" class=\"size-full wp-image-9554\" title=\"colinde\" src=\"http:\/\/www.marianagurza.ro\/blog\/wp-content\/uploads\/2012\/12\/colinde.jpg\" alt=\"\" width=\"152\" height=\"212\" \/><\/a><a name=\"poezie2\"><\/a><\/p>\n<p><a name=\"poezie2\"><\/a><span style=\"font-size: large;\"><strong>Colind<\/strong><\/span><\/p>\n<p>de Radu Gyr<\/p>\n<p>A venit si-aici Cr\u0103ciunul<br \/>\nS\u0103 ne m\u00e2ng\u00e2ie surghiunul.<br \/>\nCade alb\u0103 nea<br \/>\nPeste viata mea,<br \/>\nPeste suflet ninge.<br \/>\nCade alb\u0103 nea<br \/>\nPeste viata mea<br \/>\nCare-aici se stinge.<\/p>\n<p>Tremur\u0103 albastre stele<br \/>\nPeste dorurile mele.<br \/>\nDumnezeu de sus<br \/>\n\u00cen inimi ne-a pus<br \/>\nP\u00e2lp\u00e2iri de stele.<br \/>\nDumnezeu de sus<br \/>\n\u00cen inimi ne-a pus<br \/>\nNumai lacrimi grele.<\/p>\n<p>Maica Domnului Curat\u0103,<br \/>\nAd-o veste minunat\u0103!<br \/>\n\u00cenfloreste-n prag<br \/>\nZ\u00e2mbetul t\u0103u drag<br \/>\nCa o zi cu soare.<br \/>\nZ\u00e2mbetul t\u0103u drag<br \/>\n\u00cel asteapt\u0103-n prag<br \/>\nCei din \u00eenchisoare.<\/p>\n<p>Steaua prinde s\u0103 luceasc\u0103<br \/>\nPeste ieslea-mp\u0103r\u0103teasc\u0103.<br \/>\nSi din nou trei magi<br \/>\nVars\u0103 din desagi<br \/>\nAur si t\u0103m\u00e2ie.<br \/>\n\u00cengerii de sus<br \/>\nMagilor le-au pus<br \/>\nCerul sub c\u0103lc\u00e2ie.<\/p>\n<p>Lumea-n c\u00e2ntec se desteapt\u0103,<br \/>\nPe Mesia \u00eel asteapt\u0103.<br \/>\nZ\u00e2mbete ceresti<br \/>\nIntr\u0103 pe feresti,<br \/>\nVin \u00een orice cas\u0103.<br \/>\nSi \u00een orice g\u00e2nd<br \/>\nArde tremur\u00e2nd<br \/>\nC\u00e2te-o stea sfioas\u0103.<\/p>\n<p>Numai temnita posac\u0103<br \/>\na-mpietrit sub promoroac\u0103.<br \/>\nSt\u0103m \u00een bezn\u0103 grea,<br \/>\nPentru noi nu-i stea,<br \/>\nCerul nu s-aprinde.<br \/>\nPentru os\u00e2nditi,<br \/>\n\u00cengerii gr\u0103biti<br \/>\nNu aduc colinde.<\/p>\n<p>Peste fericiri apuse<br \/>\nTinde mila Ta, Iisuse.<br \/>\nCei din \u00eenchisori<br \/>\nTe asteapt\u0103-n zori<br \/>\nS\u0103 le-aduci lumin\u0103.<br \/>\nCei din \u00eenchisori<br \/>\nTe asteapt\u0103-n zori,<br \/>\nPieptul lor suspin\u0103.<\/p>\n<p>O, Iisuse \u00cemp\u0103rate,<br \/>\nIart\u0103 lacrimi si p\u0103cate!<br \/>\nVin\u0092 s\u0103-nchizi usor<br \/>\nR\u0103nile ce dor,<br \/>\nVisul ni-l descuie.<br \/>\nNoi te-om astepta,<br \/>\nC\u0103ci pe Crucea Ta<br \/>\nSt\u0103m b\u0103tuti \u00een cuie.<\/p>\n<p>(din vol.\u0094Poezii\u0094 &#8211; Radu Gyr, vol.3)<\/p>\n","protected":false},"excerpt":{"rendered":"<p>Colind de Radu Gyr A venit si-aici Cr\u0103ciunul S\u0103 ne m\u00e2ng\u00e2ie surghiunul. Cade alb\u0103 nea Peste viata mea, Peste suflet [&#038;hellip<\/p>\n","protected":false},"author":1,"featured_media":0,"comment_status":"closed","ping_status":"closed","sticky":false,"template":"","format":"standard","meta":{"footnotes":""},"categories":[3],"tags":[],"class_list":["post-9553","post","type-post","status-publish","format-standard","hentry","category-articole"],"_links":{"self":[{"href":"https:\/\/www.marianagurza.ro\/blog\/wp-json\/wp\/v2\/posts\/9553","targetHints":{"allow":["GET"]}}],"collection":[{"href":"https:\/\/www.marianagurza.ro\/blog\/wp-json\/wp\/v2\/posts"}],"about":[{"href":"https:\/\/www.marianagurza.ro\/blog\/wp-json\/wp\/v2\/types\/post"}],"author":[{"embeddable":true,"href":"https:\/\/www.marianagurza.ro\/blog\/wp-json\/wp\/v2\/users\/1"}],"replies":[{"embeddable":true,"href":"https:\/\/www.marianagurza.ro\/blog\/wp-json\/wp\/v2\/comments?post=9553"}],"version-history":[{"count":0,"href":"https:\/\/www.marianagurza.ro\/blog\/wp-json\/wp\/v2\/posts\/9553\/revisions"}],"wp:attachment":[{"href":"https:\/\/www.marianagurza.ro\/blog\/wp-json\/wp\/v2\/media?parent=9553"}],"wp:term":[{"taxonomy":"category","embeddable":true,"href":"https:\/\/www.marianagurza.ro\/blog\/wp-json\/wp\/v2\/categories?post=9553"},{"taxonomy":"post_tag","embeddable":true,"href":"https:\/\/www.marianagurza.ro\/blog\/wp-json\/wp\/v2\/tags?post=9553"}],"curies":[{"name":"wp","href":"https:\/\/api.w.org\/{rel}","templated":true}]}}